{"id":535134,"date":"2024-06-04T19:06:58","date_gmt":"2024-06-04T23:06:58","guid":{"rendered":"https:\/\/diariodominicano.com\/?p=535134"},"modified":"2024-06-04T19:11:41","modified_gmt":"2024-06-04T23:11:41","slug":"el-subsecretario-de-estado-john-bass-viaja-a-lincoln-y-omaha-nebraska-para-participar-en-la-conmemoracion-del-80-aniversario-del-dia-d-en-el-museo-de-la-guardia-nacional-de-nebraska","status":"publish","type":"post","link":"https:\/\/diariodominicano.com\/?p=535134","title":{"rendered":"El subsecretario de Estado John Bass viaja a Lincoln y Omaha, Nebraska, para participar en la conmemoraci\u00f3n del 80 aniversario del D\u00eda D en el Museo de la Guardia Nacional de Nebraska"},"content":{"rendered":"\n<p>ARCHIVO: <\/p>\n\n\n\n<p>Oficina del Portavoz<\/p>\n\n\n\n<p>El subsecretario Bass viajar\u00e1 a Lincoln y Omaha, Nebraska, del 5 al 7 de junio para discutir la pol\u00edtica exterior de Estados Unidos y c\u00f3mo \u00e9sta promueve la seguridad, la prosperidad y los valores de los habitantes de Nebraska y de todos los estadounidenses.<\/p>\n\n\n\n<p>El subsecretario Bass se reunir\u00e1 con miembros de la comunidad y l\u00edderes de grupos de veteranos, servicios militares, academia, grupos de estudiantes, industria, gobierno local, comunidades de refugiados y organizaciones de ayuda. Sus compromisos incluir\u00e1n charlas informales en la Universidad de Creighton y la Universidad de Nebraska, asistir a la inauguraci\u00f3n de un nuevo Monumento a los Veteranos de Vietnam y una variedad de otras reuniones de partes interesadas locales.<\/p>\n\n\n\n<p>El jueves 6 de junio, exactamente 80 a\u00f1os desde la invasi\u00f3n aliada de la Francia ocupada por los nazis en 1944, conocida como \u201cD\u00eda D\u201d, el subsecretario Bass se unir\u00e1 a un evento especial organizado por la Guardia Nacional de Nebraska y los Veteranos de Guerras Extranjeras. De 6:00 p. m. a 7:00 p. m. en el Museo de la Guardia Nacional de Nebraska, en las afueras de Lincoln, el subsecretario Bass se unir\u00e1 a veteranos, miembros del servicio e invitados para ver un barco anfibio Higgins original como los que se usaron para asaltar las playas de Normand\u00eda y convertir el marea de la Segunda Guerra Mundial.<\/p>\n\n\n\n<p>U.S. Department of State<\/p>\n\n\n\n<p><a target=\"_blank\" href=\"mailto:usstatebpa@public.govdelivery.com\" rel=\"noreferrer noopener\">usstatebpa@public.govdelivery.com<\/a><\/p>\n\n\n\n<p>04\/06\/2024 03:56 p.m.EDT<\/p>\n","protected":false},"excerpt":{"rendered":"<p>ARCHIVO: Oficina del Portavoz El subsecretario Bass viajar\u00e1 a Lincoln y Omaha, Nebraska, del 5 al 7 de junio para discutir la pol\u00edtica exterior de Estados Unidos y c\u00f3mo \u00e9sta promueve la seguridad, la prosperidad y los valores de los habitantes de Nebraska y de todos los estadounidenses. El subsecretario Bass se reunir\u00e1 con miembros [&hellip;]<\/p>\n","protected":false},"author":28,"featured_media":535141,"comment_status":"closed","ping_status":"closed","sticky":false,"template":"","format":"standard","meta":{"footnotes":""},"categories":[26,23],"tags":[],"class_list":["post-535134","post","type-post","status-publish","format-standard","has-post-thumbnail","hentry","category-efemerides","category-internacional"],"_links":{"self":[{"href":"https:\/\/diariodominicano.com\/index.php?rest_route=\/wp\/v2\/posts\/535134","targetHints":{"allow":["GET"]}}],"collection":[{"href":"https:\/\/diariodominicano.com\/index.php?rest_route=\/wp\/v2\/posts"}],"about":[{"href":"https:\/\/diariodominicano.com\/index.php?rest_route=\/wp\/v2\/types\/post"}],"author":[{"embeddable":true,"href":"https:\/\/diariodominicano.com\/index.php?rest_route=\/wp\/v2\/users\/28"}],"replies":[{"embeddable":true,"href":"https:\/\/diariodominicano.com\/index.php?rest_route=%2Fwp%2Fv2%2Fcomments&post=535134"}],"version-history":[{"count":5,"href":"https:\/\/diariodominicano.com\/index.php?rest_route=\/wp\/v2\/posts\/535134\/revisions"}],"predecessor-version":[{"id":535146,"href":"https:\/\/diariodominicano.com\/index.php?rest_route=\/wp\/v2\/posts\/535134\/revisions\/535146"}],"wp:featuredmedia":[{"embeddable":true,"href":"https:\/\/diariodominicano.com\/index.php?rest_route=\/wp\/v2\/media\/535141"}],"wp:attachment":[{"href":"https:\/\/diariodominicano.com\/index.php?rest_route=%2Fwp%2Fv2%2Fmedia&parent=535134"}],"wp:term":[{"taxonomy":"category","embeddable":true,"href":"https:\/\/diariodominicano.com\/index.php?rest_route=%2Fwp%2Fv2%2Fcategories&post=535134"},{"taxonomy":"post_tag","embeddable":true,"href":"https:\/\/diariodominicano.com\/index.php?rest_route=%2Fwp%2Fv2%2Ftags&post=535134"}],"curies":[{"name":"wp","href":"https:\/\/api.w.org\/{rel}","templated":true}]}}