{"id":535124,"date":"2024-06-04T21:03:11","date_gmt":"2024-06-05T01:03:11","guid":{"rendered":"https:\/\/diariodominicano.com\/?p=535124"},"modified":"2024-06-04T21:03:13","modified_gmt":"2024-06-05T01:03:13","slug":"rafely-rosario-triunfa-en-la-radio-nacional-con-te-presumo","status":"publish","type":"post","link":"https:\/\/diariodominicano.com\/?p=535124","title":{"rendered":"Rafely Rosario triunfa en la radio nacional con \u201cTe presumo\u201d"},"content":{"rendered":"\n<p>Santo Domingo, RD. El merenguero Rafely Rosario celebra el rotundo \u00e9xito de la nueva versi\u00f3n del tema &nbsp;\u201cTe presumo\u201d.<\/p>\n\n\n\n<p>La canci\u00f3n actualmente se encuentra entre los primeros lugares de las principales plataformas digitales.<\/p>\n\n\n\n<p>\u201cTe presumo\u201d, luego de haber sido grabada hace m\u00e1s de un a\u00f1o, ha regresado al ruedo, logrando una excelente acogida en la radio nacional, consolid\u00e1ndose como uno de los merengues favoritos del p\u00fablico.<\/p>\n\n\n\n<p>\u201cTe presumo\u201d ha logrado alcanzar el segundo lugar en el prestigioso ranking de Monitor Latino, una plataforma reconocida por medir la popularidad de las canciones en la radio hispanoamericana.<\/p>\n\n\n\n<figure class=\"wp-block-image\"><img decoding=\"async\" src=\"https:\/\/diariodominicano.com\/wp-content\/uploads\/2024\/06\/Rafely-Rosario-Te-presumo-733x1024.jpeg\" alt=\"\"\/><\/figure>\n\n\n\n<p>Este logro refleja la calidad y el impacto de la m\u00fasica de Rafely Rosario, quien contin\u00faa llevando el legado musical de su familia a nuevas alturas.<\/p>\n\n\n\n<p>\u201cEstoy enormemente agradecido con mis seguidores y con todas las estaciones de radio que han apoyado \u2018Te presumo\u2019. Este \u00e9xito es un testimonio del trabajo arduo y la dedicaci\u00f3n puesta en cada proyecto\u201d, expres\u00f3 Rafely Rosario.<\/p>\n\n\n\n<p>El tema \u201cTe presumo\u201d destaca por su pegajosa melod\u00eda y letras que invitan al baile, caracter\u00edsticas que han hecho que se posicione r\u00e1pidamente en el gusto del p\u00fablico.<\/p>\n\n\n\n<p>Con este nuevo \u00e9xito, el ganador de merengue del a\u00f1o en Premios Soberano 2023, sigue demostrando su talento y capacidad para crear m\u00fasica que resuena tanto en el coraz\u00f3n de sus fans como en las listas de popularidad.<\/p>\n\n\n\n<p>patv113@gmail.com<\/p>\n","protected":false},"excerpt":{"rendered":"<p>Santo Domingo, RD. El merenguero Rafely Rosario celebra el rotundo \u00e9xito de la nueva versi\u00f3n del tema &nbsp;\u201cTe presumo\u201d. La canci\u00f3n actualmente se encuentra entre los primeros lugares de las principales plataformas digitales. \u201cTe presumo\u201d, luego de haber sido grabada hace m\u00e1s de un a\u00f1o, ha regresado al ruedo, logrando una excelente acogida en la [&hellip;]<\/p>\n","protected":false},"author":7,"featured_media":535210,"comment_status":"closed","ping_status":"closed","sticky":true,"template":"","format":"standard","meta":{"footnotes":""},"categories":[25],"tags":[],"class_list":["post-535124","post","type-post","status-publish","format-standard","has-post-thumbnail","hentry","category-gente"],"_links":{"self":[{"href":"https:\/\/diariodominicano.com\/index.php?rest_route=\/wp\/v2\/posts\/535124","targetHints":{"allow":["GET"]}}],"collection":[{"href":"https:\/\/diariodominicano.com\/index.php?rest_route=\/wp\/v2\/posts"}],"about":[{"href":"https:\/\/diariodominicano.com\/index.php?rest_route=\/wp\/v2\/types\/post"}],"author":[{"embeddable":true,"href":"https:\/\/diariodominicano.com\/index.php?rest_route=\/wp\/v2\/users\/7"}],"replies":[{"embeddable":true,"href":"https:\/\/diariodominicano.com\/index.php?rest_route=%2Fwp%2Fv2%2Fcomments&post=535124"}],"version-history":[{"count":1,"href":"https:\/\/diariodominicano.com\/index.php?rest_route=\/wp\/v2\/posts\/535124\/revisions"}],"predecessor-version":[{"id":535212,"href":"https:\/\/diariodominicano.com\/index.php?rest_route=\/wp\/v2\/posts\/535124\/revisions\/535212"}],"wp:featuredmedia":[{"embeddable":true,"href":"https:\/\/diariodominicano.com\/index.php?rest_route=\/wp\/v2\/media\/535210"}],"wp:attachment":[{"href":"https:\/\/diariodominicano.com\/index.php?rest_route=%2Fwp%2Fv2%2Fmedia&parent=535124"}],"wp:term":[{"taxonomy":"category","embeddable":true,"href":"https:\/\/diariodominicano.com\/index.php?rest_route=%2Fwp%2Fv2%2Fcategories&post=535124"},{"taxonomy":"post_tag","embeddable":true,"href":"https:\/\/diariodominicano.com\/index.php?rest_route=%2Fwp%2Fv2%2Ftags&post=535124"}],"curies":[{"name":"wp","href":"https:\/\/api.w.org\/{rel}","templated":true}]}}