{"id":53506,"date":"2020-05-27T10:30:20","date_gmt":"2020-05-27T10:30:20","guid":{"rendered":"http:\/\/diariodominicano.ddns.net\/?p=53506"},"modified":"2020-05-27T10:30:20","modified_gmt":"2020-05-27T10:30:20","slug":"con-la-tertulia-literatura-y-startups-una-mirada-al-futuro-arranca-este-jueves-la-23a-feria-internacional-virtual-del-libro-y-la-cultura-2020","status":"publish","type":"post","link":"https:\/\/diariodominicano.com\/?p=53506","title":{"rendered":"Con la tertulia \u00abLiteratura y startups: una mirada al futuro\u00bb arranca este jueves la 23\u00aa. Feria Internacional Virtual del Libro y la Cultura 2020"},"content":{"rendered":"<p><body><\/p>\n<p><img decoding=\"async\" src=\"img3\/Feria Libro2020-275-.jpg\" \/>  <\/p>\n<p><span class=\"text1noticias\">diariodominicano.com<\/span><\/p>\n<p><span class=\"text1noticias\"> <\/span><\/p>\n<p><span class=\"text1noticias\"> Santo Domingo, R. D., 27 de mayo, 2020. &#8211; Con la tertulia \u00abLiteratura y startups: una mirada al futuro\u00bb, arranca, el jueves, la 23\u00aa. Feria Internacional Virtual del Libro y la Cultura 2020, organizada por el Ministerio de Cultura (MINC).<\/span><\/p>\n<p><span class=\"text1noticias\">  <\/span><\/p>\n<p><span class=\"text1noticias\">Previo a la tertulia, el ministro de Cultura, arquitecto Eduardo Selman, y Ruth Herrera, directora de la Feria Internacional Virtual del Libro y la Cultura, dirigir\u00e1n importantes mensajes para explicar el prop\u00f3sito de la actividad que se extender\u00e1 hasta el 7 de junio. <\/span><\/p>\n<p><span class=\"text1noticias\"> <\/span><\/p>\n<p><span class=\"text1noticias\">El acto virtual inaugural de este jueves comenzar\u00e1 a las 5:00  de la tarde, y ser\u00e1 transmitido a trav\u00e9s de la aplicaci\u00f3n gratuita MiCulturapp y de las redes sociales Youtube y Facebook @MiCulturaRD. Por los mismos medios se desarrollar\u00e1 el resto del programa durante la feria.<\/span><\/p>\n<p><span class=\"text1noticias\"> <\/span><\/p>\n<p><span class=\"text1noticias\">En la tertulia sobre \u00abLiteratura y startups: una mirada al futuro\u00bb, participar\u00e1n los lectores y emprendedores Sarah Puello, Armando Manzueta, Fabiola Herrera y El\u00edas Serulle, y el escritor Fari Rosario. La moderaci\u00f3n estar\u00e1 a cargo de Mar\u00eda Virginia Elm\u00fadesi. <\/span><\/p>\n<p><span class=\"text1noticias\">  <\/span><\/p>\n<p><span class=\"text1noticias\">Ese mismo d\u00eda, pero a las 7:00 de la noche, el escritor e intelectual dominicano, Basilio Belliard, ofrecer\u00e1 la conferencia: \u00abQu\u00e9 leer despu\u00e9s de cuarentena\u00bb.   <\/span><\/p>\n<p><span class=\"text1noticias\"> <\/span><\/p>\n<p><span class=\"text1noticias\">La directora de la feria, Ruth Herrera, dijo que la feria virtual permitir\u00e1 que los amantes de la literatura y las ideas se conecten con los escritores y facilitadores culturales en los diversos conversatorios, charlas, recitales po\u00e9ticos, talleres y tertulias que se ofrecer\u00e1n durante los 10 d\u00edas de jornada literaria.   <\/span><\/p>\n<p><span class=\"text1noticias\"> <\/span><\/p>\n<p><span class=\"text1noticias\">En estos momentos dif\u00edciles que vive el mundo con la pandemia del COVID-19, virus que ha impactado agresivamente el sector cultural, el Gobierno dominicano a trav\u00e9s del Ministerio de Cultura ha querido llevar aliento, lectura, arte y conocimientos al pueblo dominicano. <\/span><\/p>\n<p><span class=\"text1noticias\"> <\/span><\/p>\n<p><span class=\"text1noticias\">Otras actividades infantiles y juveniles se han incorporado al programa. El lunes 1 de junio, a las 4:00 de la tarde, se ofrecer\u00e1 el taller \u00abAbracadabra\u00bb, de escritura creativa para la construcci\u00f3n de textos narrativos y po\u00e9ticos, impartido por Jordy Rosario Correa.<\/span><\/p>\n<p><span class=\"text1noticias\"> <\/span><\/p>\n<p><span class=\"text1noticias\">Mientras que el mi\u00e9rcoles 3 de junio, en el mismo horario, se dar\u00e1 la intervenci\u00f3n esc\u00e9nica \u00abUn viaje de libros (edici\u00f3n reducida y virtual)\u00bb, a cargo de Libripilibri. Basta con dejarse llevar a trav\u00e9s del universo de la palabra hablada, el cuento cantado y la imagen recitada.<\/span><\/p>\n<p><span class=\"text1noticias\"> <\/span><\/p>\n<p><span class=\"text1noticias\">El viernes 5 de junio, a las 6:00 de la tarde, en vivo por Instagram, tendr\u00e1 lugar la charla \u00abAutopublicarse vs. ser publicado: los j\u00f3venes cuentan el mang\u00fa del mundo editorial\u00bb, con la participaci\u00f3n de Migsael Tatys \u00abEl Rey C\u00ednico\u00bb y Sinny.<\/span><\/p>\n<p><span class=\"text1noticias\">  <\/span><\/p>\n<p><span class=\"text1noticias\">La Feria Internacional Virtual de Libro y la Cultura est\u00e1 fijada para concluir el domingo 7 de junio y se desarrollar\u00e1 por las plataformas YouTube y Facebook Live, en horarios de 4 de la tarde hasta 8 de la noche. Las convocatorias se estar\u00e1n difundiendo a trav\u00e9s de las redes sociales del MINC: Instagram, Twitter, Facebook, con el nombre @miculturard. Los interesados pueden obtener m\u00e1s informaciones en http:\/\/www.cultura.gob.do\/<\/span><\/p>\n<p><span class=\"text1noticias\"> <\/span><\/p>\n<p><span class=\"text1noticias\">Fuente: Direcci\u00f3n de Comunicaciones<\/span><\/p>\n<p><span class=\"text1noticias\">Ministerio de Cultura de la Rep\u00fablica Dominicana<\/span><\/p>\n<h6> 2020-05-27 10:30:20 <\/h6>\n<p><!--\n<link rel=\"stylesheet\" href=\"css\/bootstrap.min.css\">\n\n\n<ul class=\"pagination\">\n\t    \n\t\n\n<li >\n\t<a href='?page_no=573'>Previous<\/a>\n\t<\/li>\n\n\n       \n    \n\n<li><a href='?page_no=1'>1<\/a><\/li>\n\n\n\n<li><a href='?page_no=2'>2<\/a><\/li>\n\n\n\n<li><a>...<\/a><\/li>\n\n\n\n<li><a href='?page_no=572'>572<\/a><\/li>\n\n\n\n<li><a href='?page_no=573'>573<\/a><\/li>\n\n\n\n<li class='active'><a>574<\/a><\/li>\n\n\n\n<li><a href='?page_no=575'>575<\/a><\/li>\n\n\n\n<li><a href='?page_no=576'>576<\/a><\/li>\n\n\n\n<li><a>...<\/a><\/li>\n\n\n\n<li><a href='?page_no=22911'>22911<\/a><\/li>\n\n\n\n<li><a href='?page_no=22912'>22912<\/a><\/li>\n\n    \n\t\n\n<li >\n\t<a href='?page_no=575'>Next<\/a>\n\t<\/li>\n\n\n    \n\n<li><a href='?page_no=22912'>Last &rsaquo;&rsaquo;<\/a><\/li>\n\n<\/ul>\n\n\n--><br \/>\n<\/body><\/p>\n","protected":false},"excerpt":{"rendered":"<p>diariodominicano.com Santo Domingo, R. D., 27 de mayo, 2020. &#8211; Con la tertulia \u00abLiteratura y startups: una mirada al futuro\u00bb, arranca, el jueves, la 23\u00aa. Feria Internacional Virtual del Libro y la Cultura 2020, organizada por el Ministerio de Cultura (MINC). Previo a la tertulia, el ministro de Cultura, arquitecto Eduardo Selman, y Ruth Herrera, [&hellip;]<\/p>\n","protected":false},"author":3,"featured_media":0,"comment_status":"open","ping_status":"open","sticky":false,"template":"","format":"standard","meta":{"footnotes":""},"categories":[21],"tags":[],"class_list":["post-53506","post","type-post","status-publish","format-standard","hentry","category-cultura"],"_links":{"self":[{"href":"https:\/\/diariodominicano.com\/index.php?rest_route=\/wp\/v2\/posts\/53506","targetHints":{"allow":["GET"]}}],"collection":[{"href":"https:\/\/diariodominicano.com\/index.php?rest_route=\/wp\/v2\/posts"}],"about":[{"href":"https:\/\/diariodominicano.com\/index.php?rest_route=\/wp\/v2\/types\/post"}],"author":[{"embeddable":true,"href":"https:\/\/diariodominicano.com\/index.php?rest_route=\/wp\/v2\/users\/3"}],"replies":[{"embeddable":true,"href":"https:\/\/diariodominicano.com\/index.php?rest_route=%2Fwp%2Fv2%2Fcomments&post=53506"}],"version-history":[{"count":0,"href":"https:\/\/diariodominicano.com\/index.php?rest_route=\/wp\/v2\/posts\/53506\/revisions"}],"wp:attachment":[{"href":"https:\/\/diariodominicano.com\/index.php?rest_route=%2Fwp%2Fv2%2Fmedia&parent=53506"}],"wp:term":[{"taxonomy":"category","embeddable":true,"href":"https:\/\/diariodominicano.com\/index.php?rest_route=%2Fwp%2Fv2%2Fcategories&post=53506"},{"taxonomy":"post_tag","embeddable":true,"href":"https:\/\/diariodominicano.com\/index.php?rest_route=%2Fwp%2Fv2%2Ftags&post=53506"}],"curies":[{"name":"wp","href":"https:\/\/api.w.org\/{rel}","templated":true}]}}