{"id":535034,"date":"2024-06-04T00:18:31","date_gmt":"2024-06-04T04:18:31","guid":{"rendered":"https:\/\/diariodominicano.com\/?p=535034"},"modified":"2024-06-04T00:18:34","modified_gmt":"2024-06-04T04:18:34","slug":"latinoamerica-y-el-mundo-saludan-a-primera-mujer-presidenta-de-mexico","status":"publish","type":"post","link":"https:\/\/diariodominicano.com\/?p=535034","title":{"rendered":"Latinoam\u00e9rica y el mundo saludan a primera mujer presidenta de M\u00e9xico"},"content":{"rendered":"\n<p>Ciudad de M\u00e9xico, 3 jun (Prensa Latina) Gobernantes y figuras pol\u00edticas de Am\u00e9rica Latina, El Caribe y otras regiones del mundo expresan hoy su benepl\u00e1cito con el triunfo electoral de Claudia Sheinbaum en M\u00e9xico, donde ser\u00e1 la primera mujer en ocupar la presidencia.<\/p>\n\n\n\n<ul class=\"wp-block-list\">\n<li><a href=\"https:\/\/www.prensa-latina.cu\/2024\/06\/03\/\"><time>junio 3, 2024 | 12:50<\/time><\/a><\/li>\n<\/ul>\n\n\n\n<ul class=\"wp-block-list\">\n<li><a href=\"https:\/\/www.prensa-latina.cu\/2024\/06\/03\/latinoamerica-y-el-mundo-saludan-a-primera-mujer-presidenta-de-mexico\/#\"><\/a><\/li>\n\n\n\n<li><a href=\"https:\/\/www.prensa-latina.cu\/2024\/06\/03\/latinoamerica-y-el-mundo-saludan-a-primera-mujer-presidenta-de-mexico\/#\"><\/a><\/li>\n\n\n\n<li><a href=\"https:\/\/www.prensa-latina.cu\/2024\/06\/03\/latinoamerica-y-el-mundo-saludan-a-primera-mujer-presidenta-de-mexico\/#\"><\/a><\/li>\n\n\n\n<li><a href=\"https:\/\/www.prensa-latina.cu\/2024\/06\/03\/latinoamerica-y-el-mundo-saludan-a-primera-mujer-presidenta-de-mexico\/#\"><\/a><\/li>\n<\/ul>\n\n\n\n<p>Los saludos llegan uno tras otro desde que comenzaron a trascender las primeras tendencias en el conteo de votos, cuyo balance preliminar la declar\u00f3 vencedora con un apoyo en las urnas de alrededor de 60 por ciento.<\/p>\n\n\n\n<p>Costa Rica estuvo entre los primeros pa\u00edses en enviar mensajes de felicitaci\u00f3n y desear una gesti\u00f3n exitosa a la candidata de la coalici\u00f3n oficialista Sigamos Haciendo Historia que encabeza el partido Morena.<\/p>\n\n\n\n<p>Los presidentes de Honduras y Guatemala, Xiomara Castro y Bernardo Ar\u00e9valo, respectivamente, en sus misivas de congratulaci\u00f3n tambi\u00e9n manifestaron voluntad para trabajar en conjunto por el continuo fortalecimiento de las relaciones bilaterales.<\/p>\n\n\n\n<p>Desde Nicaragua, el mandatario Daniel Ortega valor\u00f3 el hecho como una \u00abhist\u00f3rica victoria\u00bb e indic\u00f3 que la \u201cseriedad, firmeza y demostrado amor a M\u00e9xico y sus familias\u00bb, ser\u00e1n factores decisivos\u201d para la labor de Sheinbaum.<\/p>\n\n\n\n<p>El colombiano Gustavo Petro afirm\u00f3 que trabajar\u00e1 con la mexicana para \u00abver a Am\u00e9rica Latina unida y progresando\u00bb, mientras el dignatario de Cuba, Miguel D\u00edaz-Canel, salud\u00f3 su hist\u00f3rica elecci\u00f3n como primera mujer en ese cargo all\u00ed.<\/p>\n\n\n\n<p>Para el jefe de Estado de Venezuela, Nicol\u00e1s Maduro, el triunfo constituye una \u201cextraordinaria demostraci\u00f3n de civismo y democracia\u201d, y su par boliviano,<\/p>\n\n\n\n<p>Luis Arce, dijo estar convencido de que bajo su mandato los nexos mutuos ganar\u00e1n fuerza y ambos pueblos avanzar\u00e1n m\u00e1s \u201cpor la senda de la hermandad, la cooperaci\u00f3n y la solidaridad\u201d.<\/p>\n\n\n\n<p>Los mensajes tambi\u00e9n llegaron desde los gobiernos de Belice, Canad\u00e1 y Espa\u00f1a, de importantes personalidades de Guatemala, los exmandatarios de Argentina Alberto Fern\u00e1ndez y Cristina Fern\u00e1ndez de Kirchner, as\u00ed como del actual mandatario de M\u00e9xico, Andr\u00e9s Manuel L\u00f3pez Obrador, y de los candidatos rivales durante la jornada comicial de este domingo.<\/p>\n\n\n\n<p>Igualmente, las distintas c\u00e1maras del sector empresarial en el pa\u00eds y el pueblo en general patentiz\u00f3 el respaldo a su virtual jefa de Estado, se regocijaron por la victoria en las urnas e hicieron votos porque su gesti\u00f3n sea sin\u00f3nimo de prosperidad econ\u00f3mica y mayor seguridad.<\/p>\n\n\n\n<p>ro\/ymr<\/p>\n","protected":false},"excerpt":{"rendered":"<p>Ciudad de M\u00e9xico, 3 jun (Prensa Latina) Gobernantes y figuras pol\u00edticas de Am\u00e9rica Latina, El Caribe y otras regiones del mundo expresan hoy su benepl\u00e1cito con el triunfo electoral de Claudia Sheinbaum en M\u00e9xico, donde ser\u00e1 la primera mujer en ocupar la presidencia. Los saludos llegan uno tras otro desde que comenzaron a trascender las [&hellip;]<\/p>\n","protected":false},"author":28,"featured_media":535035,"comment_status":"closed","ping_status":"closed","sticky":false,"template":"","format":"standard","meta":{"footnotes":""},"categories":[26,23],"tags":[],"class_list":["post-535034","post","type-post","status-publish","format-standard","has-post-thumbnail","hentry","category-efemerides","category-internacional"],"_links":{"self":[{"href":"https:\/\/diariodominicano.com\/index.php?rest_route=\/wp\/v2\/posts\/535034","targetHints":{"allow":["GET"]}}],"collection":[{"href":"https:\/\/diariodominicano.com\/index.php?rest_route=\/wp\/v2\/posts"}],"about":[{"href":"https:\/\/diariodominicano.com\/index.php?rest_route=\/wp\/v2\/types\/post"}],"author":[{"embeddable":true,"href":"https:\/\/diariodominicano.com\/index.php?rest_route=\/wp\/v2\/users\/28"}],"replies":[{"embeddable":true,"href":"https:\/\/diariodominicano.com\/index.php?rest_route=%2Fwp%2Fv2%2Fcomments&post=535034"}],"version-history":[{"count":1,"href":"https:\/\/diariodominicano.com\/index.php?rest_route=\/wp\/v2\/posts\/535034\/revisions"}],"predecessor-version":[{"id":535036,"href":"https:\/\/diariodominicano.com\/index.php?rest_route=\/wp\/v2\/posts\/535034\/revisions\/535036"}],"wp:featuredmedia":[{"embeddable":true,"href":"https:\/\/diariodominicano.com\/index.php?rest_route=\/wp\/v2\/media\/535035"}],"wp:attachment":[{"href":"https:\/\/diariodominicano.com\/index.php?rest_route=%2Fwp%2Fv2%2Fmedia&parent=535034"}],"wp:term":[{"taxonomy":"category","embeddable":true,"href":"https:\/\/diariodominicano.com\/index.php?rest_route=%2Fwp%2Fv2%2Fcategories&post=535034"},{"taxonomy":"post_tag","embeddable":true,"href":"https:\/\/diariodominicano.com\/index.php?rest_route=%2Fwp%2Fv2%2Ftags&post=535034"}],"curies":[{"name":"wp","href":"https:\/\/api.w.org\/{rel}","templated":true}]}}