{"id":534905,"date":"2024-06-03T14:16:35","date_gmt":"2024-06-03T18:16:35","guid":{"rendered":"https:\/\/diariodominicano.com\/?p=534905"},"modified":"2024-06-03T15:12:03","modified_gmt":"2024-06-03T19:12:03","slug":"ee-uu-expresa-felicitaciones-a-la-presidenta-electa-de-mexico-sheinbaum","status":"publish","type":"post","link":"https:\/\/diariodominicano.com\/?p=534905","title":{"rendered":"EE. UU. expresa felicitaciones a la presidenta electa de M\u00e9xico, Claudia Sheinbaum"},"content":{"rendered":"\n<p>ARCHIVO: Antony J. Blinken, Secretario de Estado<\/p>\n\n\n\n<p>Estados Unidos felicita a Claudia Sheinbaum por su hist\u00f3rica victoria como primera mujer presidenta de M\u00e9xico, expres\u00f3 el lunes el secretario de Estado, Antony J. Blinken.<\/p>\n\n\n\n<p> De igual modo \u00abTambi\u00e9n felicitamos al pueblo de M\u00e9xico por hacer o\u00edr su voz a trav\u00e9s del proceso democr\u00e1tico. Espero aprovechar la s\u00f3lida asociaci\u00f3n entre Estados Unidos y M\u00e9xico con la presidenta electa Sheinbaum, manifest\u00f3 el secretario de Estado.<\/p>\n\n\n\n<p>\u00abValoramos profundamente nuestra relaci\u00f3n especial con M\u00e9xico, que se basa en valores democr\u00e1ticos compartidos, profundos v\u00ednculos econ\u00f3micos y fuertes conexiones culturales y familiares. Estados Unidos est\u00e1 comprometido a trabajar junto con M\u00e9xico como vecinos, amigos y socios, para promover nuestros intereses econ\u00f3micos y de seguridad mutuos. Extiendo mis mejores deseos al Presidente electo Sheinbaum y al pueblo de M\u00e9xico\u00bb.<\/p>\n\n\n\n<p>U.S. Department of State<\/p>\n\n\n\n<p><a href=\"mailto:usstatebpa@public.govdelivery.com\" target=\"_blank\" rel=\"noreferrer noopener\">usstatebpa@public.govdelivery.com<\/a><\/p>\n\n\n\n<p>03\/06\/2024 11:12 a.m.EDT<\/p>\n","protected":false},"excerpt":{"rendered":"<p>ARCHIVO: Antony J. Blinken, Secretario de Estado Estados Unidos felicita a Claudia Sheinbaum por su hist\u00f3rica victoria como primera mujer presidenta de M\u00e9xico, expres\u00f3 el lunes el secretario de Estado, Antony J. Blinken. De igual modo \u00abTambi\u00e9n felicitamos al pueblo de M\u00e9xico por hacer o\u00edr su voz a trav\u00e9s del proceso democr\u00e1tico. Espero aprovechar la [&hellip;]<\/p>\n","protected":false},"author":28,"featured_media":514578,"comment_status":"closed","ping_status":"closed","sticky":false,"template":"","format":"standard","meta":{"footnotes":""},"categories":[26,23,27],"tags":[],"class_list":["post-534905","post","type-post","status-publish","format-standard","has-post-thumbnail","hentry","category-efemerides","category-internacional","category-portada"],"_links":{"self":[{"href":"https:\/\/diariodominicano.com\/index.php?rest_route=\/wp\/v2\/posts\/534905","targetHints":{"allow":["GET"]}}],"collection":[{"href":"https:\/\/diariodominicano.com\/index.php?rest_route=\/wp\/v2\/posts"}],"about":[{"href":"https:\/\/diariodominicano.com\/index.php?rest_route=\/wp\/v2\/types\/post"}],"author":[{"embeddable":true,"href":"https:\/\/diariodominicano.com\/index.php?rest_route=\/wp\/v2\/users\/28"}],"replies":[{"embeddable":true,"href":"https:\/\/diariodominicano.com\/index.php?rest_route=%2Fwp%2Fv2%2Fcomments&post=534905"}],"version-history":[{"count":3,"href":"https:\/\/diariodominicano.com\/index.php?rest_route=\/wp\/v2\/posts\/534905\/revisions"}],"predecessor-version":[{"id":534910,"href":"https:\/\/diariodominicano.com\/index.php?rest_route=\/wp\/v2\/posts\/534905\/revisions\/534910"}],"wp:featuredmedia":[{"embeddable":true,"href":"https:\/\/diariodominicano.com\/index.php?rest_route=\/wp\/v2\/media\/514578"}],"wp:attachment":[{"href":"https:\/\/diariodominicano.com\/index.php?rest_route=%2Fwp%2Fv2%2Fmedia&parent=534905"}],"wp:term":[{"taxonomy":"category","embeddable":true,"href":"https:\/\/diariodominicano.com\/index.php?rest_route=%2Fwp%2Fv2%2Fcategories&post=534905"},{"taxonomy":"post_tag","embeddable":true,"href":"https:\/\/diariodominicano.com\/index.php?rest_route=%2Fwp%2Fv2%2Ftags&post=534905"}],"curies":[{"name":"wp","href":"https:\/\/api.w.org\/{rel}","templated":true}]}}