{"id":53484,"date":"2020-05-28T01:12:22","date_gmt":"2020-05-28T01:12:22","guid":{"rendered":"http:\/\/diariodominicano.ddns.net\/?p=53484"},"modified":"2020-05-28T01:12:22","modified_gmt":"2020-05-28T01:12:22","slug":"llega-buque-para-evacuar-tropas-del-gobierno-de-la-anexion","status":"publish","type":"post","link":"https:\/\/diariodominicano.com\/?p=53484","title":{"rendered":"Llega  buque para evacuar tropas del Gobierno de la Anexi\u00f3n"},"content":{"rendered":"<p><body><\/p>\n<p><img decoding=\"async\" src=\"img3\/Llega-buque-para-evacuar-tropas-del-Gobierno-de-la-Anexion.jpg\" \/>  <\/p>\n<p><strong>Diariodominicano.com<\/strong><\/p>\n<p><strong>Llega  buque para evacuar tropas del Gobierno de la Anexi\u00f3n <\/strong><\/p>\n<p><strong>Los dominicanos hab\u00edan declarado la Restauraci\u00f3n de la Rep\u00fablica con el Grito de Capotillo, el 16 de Agosto de 1863, pero los espa\u00f1oles se resist\u00edan  a aceptar la realidad y se mantuvieron en guerra en algunos puntos del pa\u00eds hasta 1865.<\/strong><\/p>\n<p><strong>Por HTN<\/strong><\/p>\n<p><strong>Diariodominicano.com<\/strong><\/p>\n<\/p>\n<p><strong>   SANTO DOMINGO, el  28 de Mayo de 1865,<\/strong> arrib\u00f3 al puerto de Santo Domingo, el buque de guerra Isabel  La  Cat\u00f3lica, para evacuar del territorio dominicano a tropas espa\u00f1olas de la Anexi\u00f3n, que a\u00fan se encontraban en Rep\u00fablica Dominicana.<\/p>\n<\/p>\n<p>Los dominicanos hab\u00edan declarado la Restauraci\u00f3n de la Rep\u00fablica con el Grito de Capotillo, el 16 de Agosto de 1863, pero los espa\u00f1oles se resist\u00edan  a aceptar la realidad y se mantuvieron en guerra en algunos puntos del pa\u00eds hasta 1865.<\/p>\n<\/p>\n<p>     El presidente Pedro Santana proclam\u00f3 la anexi\u00f3n de la Rep\u00fablica Dominicana a Espa\u00f1a el 18 de marzo de 1861. Desde que se conoci\u00f3 la decisi\u00f3n  en Rep\u00fablica Dominicana  se desat\u00f3 un movimiento en contra de la medida antipatri\u00f3tica y su culminaci\u00f3n fue el Grito de Capotillo, que proclam\u00f3 la Restauraci\u00f3n de la Rep\u00fablica.<\/p>\n<\/p>\n<h6> 2020-05-28 01:12:22 <\/h6>\n<p><!--\n<link rel=\"stylesheet\" href=\"css\/bootstrap.min.css\">\n\n\n<ul class=\"pagination\">\n\t    \n\t\n\n<li >\n\t<a href='?page_no=571'>Previous<\/a>\n\t<\/li>\n\n\n       \n    \n\n<li><a href='?page_no=1'>1<\/a><\/li>\n\n\n\n<li><a href='?page_no=2'>2<\/a><\/li>\n\n\n\n<li><a>...<\/a><\/li>\n\n\n\n<li><a href='?page_no=570'>570<\/a><\/li>\n\n\n\n<li><a href='?page_no=571'>571<\/a><\/li>\n\n\n\n<li class='active'><a>572<\/a><\/li>\n\n\n\n<li><a href='?page_no=573'>573<\/a><\/li>\n\n\n\n<li><a href='?page_no=574'>574<\/a><\/li>\n\n\n\n<li><a>...<\/a><\/li>\n\n\n\n<li><a href='?page_no=22911'>22911<\/a><\/li>\n\n\n\n<li><a href='?page_no=22912'>22912<\/a><\/li>\n\n    \n\t\n\n<li >\n\t<a href='?page_no=573'>Next<\/a>\n\t<\/li>\n\n\n    \n\n<li><a href='?page_no=22912'>Last &rsaquo;&rsaquo;<\/a><\/li>\n\n<\/ul>\n\n\n--><br \/>\n<\/body><\/p>\n","protected":false},"excerpt":{"rendered":"<p>Diariodominicano.com Llega buque para evacuar tropas del Gobierno de la Anexi\u00f3n Los dominicanos hab\u00edan declarado la Restauraci\u00f3n de la Rep\u00fablica con el Grito de Capotillo, el 16 de Agosto de 1863, pero los espa\u00f1oles se resist\u00edan a aceptar la realidad y se mantuvieron en guerra en algunos puntos del pa\u00eds hasta 1865. Por HTN Diariodominicano.com [&hellip;]<\/p>\n","protected":false},"author":3,"featured_media":0,"comment_status":"open","ping_status":"open","sticky":false,"template":"","format":"standard","meta":{"footnotes":""},"categories":[21],"tags":[],"class_list":["post-53484","post","type-post","status-publish","format-standard","hentry","category-cultura"],"_links":{"self":[{"href":"https:\/\/diariodominicano.com\/index.php?rest_route=\/wp\/v2\/posts\/53484","targetHints":{"allow":["GET"]}}],"collection":[{"href":"https:\/\/diariodominicano.com\/index.php?rest_route=\/wp\/v2\/posts"}],"about":[{"href":"https:\/\/diariodominicano.com\/index.php?rest_route=\/wp\/v2\/types\/post"}],"author":[{"embeddable":true,"href":"https:\/\/diariodominicano.com\/index.php?rest_route=\/wp\/v2\/users\/3"}],"replies":[{"embeddable":true,"href":"https:\/\/diariodominicano.com\/index.php?rest_route=%2Fwp%2Fv2%2Fcomments&post=53484"}],"version-history":[{"count":0,"href":"https:\/\/diariodominicano.com\/index.php?rest_route=\/wp\/v2\/posts\/53484\/revisions"}],"wp:attachment":[{"href":"https:\/\/diariodominicano.com\/index.php?rest_route=%2Fwp%2Fv2%2Fmedia&parent=53484"}],"wp:term":[{"taxonomy":"category","embeddable":true,"href":"https:\/\/diariodominicano.com\/index.php?rest_route=%2Fwp%2Fv2%2Fcategories&post=53484"},{"taxonomy":"post_tag","embeddable":true,"href":"https:\/\/diariodominicano.com\/index.php?rest_route=%2Fwp%2Fv2%2Ftags&post=53484"}],"curies":[{"name":"wp","href":"https:\/\/api.w.org\/{rel}","templated":true}]}}