{"id":534738,"date":"2024-06-02T20:53:47","date_gmt":"2024-06-03T00:53:47","guid":{"rendered":"https:\/\/diariodominicano.com\/?p=534738"},"modified":"2024-06-02T20:56:34","modified_gmt":"2024-06-03T00:56:34","slug":"dia-de-la-republica-italiana","status":"publish","type":"post","link":"https:\/\/diariodominicano.com\/?p=534738","title":{"rendered":"D\u00eda de la Rep\u00fablica Italiana"},"content":{"rendered":"\n<p>Antony J. Blinken, Secretario de Estado de los Estados Unidos de Am\u00e9rica<\/p>\n\n\n\n<p>En nombre de los Estados Unidos de Am\u00e9rica, felicito al pueblo de Italia al celebrar el 78\u00ba aniversario del nacimiento de la Rep\u00fablica Italiana el 2 de junio de 1946.<\/p>\n\n\n\n<p>Estados Unidos e Italia son aliados inquebrantables, socios estrat\u00e9gicos y amigos cercanos. Nuestra larga relaci\u00f3n se basa en valores transatl\u00e1nticos compartidos y nuestros objetivos de un mundo pac\u00edfico, pr\u00f3spero y democr\u00e1tico. Agradecemos el liderazgo de Italia durante su presidencia del G7 este a\u00f1o, as\u00ed como su asociaci\u00f3n para abordar los desaf\u00edos globales m\u00e1s importantes, incluido su apoyo a Ucrania frente a la continua agresi\u00f3n brutal e injustificada de Rusia. Como aliado de la OTAN, Italia sigue desempe\u00f1ando un papel vital en el fomento de la seguridad y la estabilidad en la regi\u00f3n del Mediterr\u00e1neo y m\u00e1s all\u00e1.<\/p>\n\n\n\n<p>Millones de estadounidenses reivindican la herencia italiana, un v\u00ednculo que une a\u00fan m\u00e1s a nuestras naciones. Hoy, mientras honramos el D\u00eda de la Rep\u00fablica de Italia, nuestras naciones est\u00e1n m\u00e1s unidas que nunca y reafirmamos nuestro compromiso con nuestros valores compartidos y nuestro futuro com\u00fan.<\/p>\n\n\n\n<p>\u00a1Feliz D\u00eda de la Rep\u00fablica!<\/p>\n\n\n\n<p>U.S. Department of State<\/p>\n\n\n\n<p><a target=\"_blank\" href=\"mailto:usstatebpa@public.govdelivery.com\" rel=\"noreferrer noopener\">usstatebpa@public.govdelivery.co<\/a><\/p>\n\n\n\n<p>02\/06\/2024 12:01 a.m.EDT<\/p>\n","protected":false},"excerpt":{"rendered":"<p>Antony J. Blinken, Secretario de Estado de los Estados Unidos de Am\u00e9rica En nombre de los Estados Unidos de Am\u00e9rica, felicito al pueblo de Italia al celebrar el 78\u00ba aniversario del nacimiento de la Rep\u00fablica Italiana el 2 de junio de 1946. Estados Unidos e Italia son aliados inquebrantables, socios estrat\u00e9gicos y amigos cercanos. Nuestra [&hellip;]<\/p>\n","protected":false},"author":28,"featured_media":529103,"comment_status":"closed","ping_status":"closed","sticky":false,"template":"","format":"standard","meta":{"footnotes":""},"categories":[36,26,23,27],"tags":[],"class_list":["post-534738","post","type-post","status-publish","format-standard","has-post-thumbnail","hentry","category-hombresmujeresycosas","category-efemerides","category-internacional","category-portada"],"_links":{"self":[{"href":"https:\/\/diariodominicano.com\/index.php?rest_route=\/wp\/v2\/posts\/534738","targetHints":{"allow":["GET"]}}],"collection":[{"href":"https:\/\/diariodominicano.com\/index.php?rest_route=\/wp\/v2\/posts"}],"about":[{"href":"https:\/\/diariodominicano.com\/index.php?rest_route=\/wp\/v2\/types\/post"}],"author":[{"embeddable":true,"href":"https:\/\/diariodominicano.com\/index.php?rest_route=\/wp\/v2\/users\/28"}],"replies":[{"embeddable":true,"href":"https:\/\/diariodominicano.com\/index.php?rest_route=%2Fwp%2Fv2%2Fcomments&post=534738"}],"version-history":[{"count":2,"href":"https:\/\/diariodominicano.com\/index.php?rest_route=\/wp\/v2\/posts\/534738\/revisions"}],"predecessor-version":[{"id":534740,"href":"https:\/\/diariodominicano.com\/index.php?rest_route=\/wp\/v2\/posts\/534738\/revisions\/534740"}],"wp:featuredmedia":[{"embeddable":true,"href":"https:\/\/diariodominicano.com\/index.php?rest_route=\/wp\/v2\/media\/529103"}],"wp:attachment":[{"href":"https:\/\/diariodominicano.com\/index.php?rest_route=%2Fwp%2Fv2%2Fmedia&parent=534738"}],"wp:term":[{"taxonomy":"category","embeddable":true,"href":"https:\/\/diariodominicano.com\/index.php?rest_route=%2Fwp%2Fv2%2Fcategories&post=534738"},{"taxonomy":"post_tag","embeddable":true,"href":"https:\/\/diariodominicano.com\/index.php?rest_route=%2Fwp%2Fv2%2Ftags&post=534738"}],"curies":[{"name":"wp","href":"https:\/\/api.w.org\/{rel}","templated":true}]}}