{"id":534621,"date":"2024-06-01T22:31:09","date_gmt":"2024-06-02T02:31:09","guid":{"rendered":"https:\/\/diariodominicano.com\/?p=534621"},"modified":"2024-06-01T22:31:13","modified_gmt":"2024-06-02T02:31:13","slug":"saluda-cuba-dia-de-la-independencia-de-samoa","status":"publish","type":"post","link":"https:\/\/diariodominicano.com\/?p=534621","title":{"rendered":"Saluda Cuba D\u00eda de la independencia de Samoa"},"content":{"rendered":"\n<p>La Habana, 1 jun (Prensa Latina) El Ministerio de Relaciones Exteriores de Cuba felicit\u00f3 hoy a Samoa, con motivo del D\u00eda Nacional de esa naci\u00f3n insular.<\/p>\n\n\n\n<ul class=\"wp-block-list\">\n<li><a href=\"https:\/\/www.prensa-latina.cu\/2024\/06\/01\/\"><time>junio 1, 2024 | 21:13<\/time><\/a><\/li>\n<\/ul>\n\n\n\n<ul class=\"wp-block-list\">\n<li><a href=\"https:\/\/www.prensa-latina.cu\/2024\/06\/01\/saluda-cuba-dia-de-la-independencia-de-samoa\/#\"><\/a><\/li>\n\n\n\n<li><a href=\"https:\/\/www.prensa-latina.cu\/2024\/06\/01\/saluda-cuba-dia-de-la-independencia-de-samoa\/#\"><\/a><\/li>\n\n\n\n<li><a href=\"https:\/\/www.prensa-latina.cu\/2024\/06\/01\/saluda-cuba-dia-de-la-independencia-de-samoa\/#\"><\/a><\/li>\n\n\n\n<li><a href=\"https:\/\/www.prensa-latina.cu\/2024\/06\/01\/saluda-cuba-dia-de-la-independencia-de-samoa\/#\"><\/a><\/li>\n<\/ul>\n\n\n\n<p>Samoa celebra este s\u00e1bado el aniversario 62 de su independencia de Nueva Zelanda.<\/p>\n\n\n\n<p>\u00abCon motivo del D\u00eda Nacional del Estado Independiente de Samoa, extendemos cordiales felicitaciones a su pueblo y gobierno\u00bb, asegura una comunicaci\u00f3n de la canciller\u00eda.<\/p>\n\n\n\n<p>Con satisfacci\u00f3n constatamos el buen estado de nuestras relaciones bilaterales y trasladamos la voluntad de trabajar por su fortalecimiento, a\u00f1ade el texto publicado en la red social X.<\/p>\n\n\n\n<p>lam\/raj<\/p>\n","protected":false},"excerpt":{"rendered":"<p>La Habana, 1 jun (Prensa Latina) El Ministerio de Relaciones Exteriores de Cuba felicit\u00f3 hoy a Samoa, con motivo del D\u00eda Nacional de esa naci\u00f3n insular. Samoa celebra este s\u00e1bado el aniversario 62 de su independencia de Nueva Zelanda. \u00abCon motivo del D\u00eda Nacional del Estado Independiente de Samoa, extendemos cordiales felicitaciones a su pueblo [&hellip;]<\/p>\n","protected":false},"author":28,"featured_media":534622,"comment_status":"closed","ping_status":"closed","sticky":false,"template":"","format":"standard","meta":{"footnotes":""},"categories":[26,23],"tags":[],"class_list":["post-534621","post","type-post","status-publish","format-standard","has-post-thumbnail","hentry","category-efemerides","category-internacional"],"_links":{"self":[{"href":"https:\/\/diariodominicano.com\/index.php?rest_route=\/wp\/v2\/posts\/534621","targetHints":{"allow":["GET"]}}],"collection":[{"href":"https:\/\/diariodominicano.com\/index.php?rest_route=\/wp\/v2\/posts"}],"about":[{"href":"https:\/\/diariodominicano.com\/index.php?rest_route=\/wp\/v2\/types\/post"}],"author":[{"embeddable":true,"href":"https:\/\/diariodominicano.com\/index.php?rest_route=\/wp\/v2\/users\/28"}],"replies":[{"embeddable":true,"href":"https:\/\/diariodominicano.com\/index.php?rest_route=%2Fwp%2Fv2%2Fcomments&post=534621"}],"version-history":[{"count":1,"href":"https:\/\/diariodominicano.com\/index.php?rest_route=\/wp\/v2\/posts\/534621\/revisions"}],"predecessor-version":[{"id":534623,"href":"https:\/\/diariodominicano.com\/index.php?rest_route=\/wp\/v2\/posts\/534621\/revisions\/534623"}],"wp:featuredmedia":[{"embeddable":true,"href":"https:\/\/diariodominicano.com\/index.php?rest_route=\/wp\/v2\/media\/534622"}],"wp:attachment":[{"href":"https:\/\/diariodominicano.com\/index.php?rest_route=%2Fwp%2Fv2%2Fmedia&parent=534621"}],"wp:term":[{"taxonomy":"category","embeddable":true,"href":"https:\/\/diariodominicano.com\/index.php?rest_route=%2Fwp%2Fv2%2Fcategories&post=534621"},{"taxonomy":"post_tag","embeddable":true,"href":"https:\/\/diariodominicano.com\/index.php?rest_route=%2Fwp%2Fv2%2Ftags&post=534621"}],"curies":[{"name":"wp","href":"https:\/\/api.w.org\/{rel}","templated":true}]}}