{"id":53462,"date":"2020-05-28T01:17:34","date_gmt":"2020-05-28T01:17:34","guid":{"rendered":"http:\/\/diariodominicano.ddns.net\/?p=53462"},"modified":"2020-05-28T01:17:34","modified_gmt":"2020-05-28T01:17:34","slug":"cristobal-colon-por-el-titulo-de-almirante-y-privilegios","status":"publish","type":"post","link":"https:\/\/diariodominicano.com\/?p=53462","title":{"rendered":"Crist\u00f3bal Col\u00f3n por  el t\u00edtulo de Almirante y privilegios"},"content":{"rendered":"<p><body><\/p>\n<p><img decoding=\"async\" src=\"img3\/Cristobal Colon 1.jpg\" \/>  <\/p>\n<p><strong>Diariodominicano.com<\/strong><\/p>\n<p><strong>Crist\u00f3bal Col\u00f3n por  el t\u00edtulo de Almirante y privilegios <\/strong><\/p>\n<p><strong> En el acto los reyes cat\u00f3licos le confirmaron a Crist\u00f3bal Col\u00f3n el t\u00edtulo de Almirante y los privilegios que recibir\u00eda por el descubrimiento de Am\u00e9rica, el 12 de Octubre de 1492, como parte del compromiso asumido en Santa Fe, el 30 de Abril de 1492.<\/strong><\/p>\n<p><strong> Por HTN<\/strong><\/p>\n<p><strong>Diariodominicano.com<\/strong><\/p>\n<\/p>\n<p><strong>BARCELONA,  el  28 de Mayo de 1493,<\/strong> en Barcelona, Espa\u00f1a, los reyes cat\u00f3licos recibieron a Crist\u00f3bal Col\u00f3n, en una ceremonia especial.<\/p>\n<\/p>\n<p>    En el acto los reyes cat\u00f3licos le confirmaron a Crist\u00f3bal Col\u00f3n el t\u00edtulo de Almirante y los privilegios que recibir\u00eda por el descubrimiento de Am\u00e9rica, el 12 de Octubre de 1492, como parte del compromiso asumido en Santa Fe, el 30 de Abril de 1492.<\/p>\n<\/p>\n<p> Crist\u00f3bal Col\u00f3n descubri\u00f3 la isla de Santo Domingo, el 5 de diciembre de 1492. <\/p>\n<\/p>\n<p>De la isla de Santo Domingo dijo que es la tierra m\u00e1s bella que ojos humanos hayan visto.<\/p>\n<\/p>\n<p>    Crist\u00f3bal Col\u00f3n muri\u00f3 el  20 de Mayo de 1506, en Valladolid, Espa\u00f1a.<\/p>\n<\/p>\n<p>Col\u00f3n muri\u00f3 en la soledad, ya que fue olvidado hasta por sus amigos y la monarqu\u00eda de Espa\u00f1a.<\/p>\n<\/p>\n<p>   Cuando se produjo la muerte de Crist\u00f3bal Col\u00f3n, el 20 de Mayo de 1506, el hecho no tuvo trascendencia, porque era  una persona  olvidada y ni siquiera recibi\u00f3 la solidaridad de sus amigos.<\/p>\n<\/p>\n<h6> 2020-05-28 01:17:34 <\/h6>\n<p><!--\n<link rel=\"stylesheet\" href=\"css\/bootstrap.min.css\">\n\n\n<ul class=\"pagination\">\n\t    \n\t\n\n<li >\n\t<a href='?page_no=569'>Previous<\/a>\n\t<\/li>\n\n\n       \n    \n\n<li><a href='?page_no=1'>1<\/a><\/li>\n\n\n\n<li><a href='?page_no=2'>2<\/a><\/li>\n\n\n\n<li><a>...<\/a><\/li>\n\n\n\n<li><a href='?page_no=568'>568<\/a><\/li>\n\n\n\n<li><a href='?page_no=569'>569<\/a><\/li>\n\n\n\n<li class='active'><a>570<\/a><\/li>\n\n\n\n<li><a href='?page_no=571'>571<\/a><\/li>\n\n\n\n<li><a href='?page_no=572'>572<\/a><\/li>\n\n\n\n<li><a>...<\/a><\/li>\n\n\n\n<li><a href='?page_no=22911'>22911<\/a><\/li>\n\n\n\n<li><a href='?page_no=22912'>22912<\/a><\/li>\n\n    \n\t\n\n<li >\n\t<a href='?page_no=571'>Next<\/a>\n\t<\/li>\n\n\n    \n\n<li><a href='?page_no=22912'>Last &rsaquo;&rsaquo;<\/a><\/li>\n\n<\/ul>\n\n\n--><br \/>\n<\/body><\/p>\n","protected":false},"excerpt":{"rendered":"<p>Diariodominicano.com Crist\u00f3bal Col\u00f3n por el t\u00edtulo de Almirante y privilegios En el acto los reyes cat\u00f3licos le confirmaron a Crist\u00f3bal Col\u00f3n el t\u00edtulo de Almirante y los privilegios que recibir\u00eda por el descubrimiento de Am\u00e9rica, el 12 de Octubre de 1492, como parte del compromiso asumido en Santa Fe, el 30 de Abril de 1492. [&hellip;]<\/p>\n","protected":false},"author":3,"featured_media":0,"comment_status":"open","ping_status":"open","sticky":false,"template":"","format":"standard","meta":{"footnotes":""},"categories":[21],"tags":[],"class_list":["post-53462","post","type-post","status-publish","format-standard","hentry","category-cultura"],"_links":{"self":[{"href":"https:\/\/diariodominicano.com\/index.php?rest_route=\/wp\/v2\/posts\/53462","targetHints":{"allow":["GET"]}}],"collection":[{"href":"https:\/\/diariodominicano.com\/index.php?rest_route=\/wp\/v2\/posts"}],"about":[{"href":"https:\/\/diariodominicano.com\/index.php?rest_route=\/wp\/v2\/types\/post"}],"author":[{"embeddable":true,"href":"https:\/\/diariodominicano.com\/index.php?rest_route=\/wp\/v2\/users\/3"}],"replies":[{"embeddable":true,"href":"https:\/\/diariodominicano.com\/index.php?rest_route=%2Fwp%2Fv2%2Fcomments&post=53462"}],"version-history":[{"count":0,"href":"https:\/\/diariodominicano.com\/index.php?rest_route=\/wp\/v2\/posts\/53462\/revisions"}],"wp:attachment":[{"href":"https:\/\/diariodominicano.com\/index.php?rest_route=%2Fwp%2Fv2%2Fmedia&parent=53462"}],"wp:term":[{"taxonomy":"category","embeddable":true,"href":"https:\/\/diariodominicano.com\/index.php?rest_route=%2Fwp%2Fv2%2Fcategories&post=53462"},{"taxonomy":"post_tag","embeddable":true,"href":"https:\/\/diariodominicano.com\/index.php?rest_route=%2Fwp%2Fv2%2Ftags&post=53462"}],"curies":[{"name":"wp","href":"https:\/\/api.w.org\/{rel}","templated":true}]}}