{"id":534612,"date":"2024-06-01T22:21:32","date_gmt":"2024-06-02T02:21:32","guid":{"rendered":"https:\/\/diariodominicano.com\/?p=534612"},"modified":"2024-06-01T22:22:37","modified_gmt":"2024-06-02T02:22:37","slug":"bukele-afirmo-que-el-salvador-cambio-para-siempre-fotos","status":"publish","type":"post","link":"https:\/\/diariodominicano.com\/?p=534612","title":{"rendered":"Bukele afirm\u00f3 que El Salvador cambi\u00f3 para siempre (+Fotos)"},"content":{"rendered":"\n<p>San Salvador, 1 jun (Prensa Latina) El presidente Nayib Bukele jur\u00f3 hoy un nuevo mandato al frente de los destinos de El Salvador y dijo que el pa\u00eds bajo su conducci\u00f3n cambi\u00f3 para siempre.<\/p>\n\n\n\n<ul class=\"wp-block-list\">\n<li><a href=\"https:\/\/www.prensa-latina.cu\/2024\/06\/01\/\"><time>junio 1, 2024 | 13:25<\/time><\/a><\/li>\n<\/ul>\n\n\n\n<ul class=\"wp-block-list\">\n<li><a href=\"https:\/\/www.prensa-latina.cu\/2024\/06\/01\/bukele-afirmo-que-el-salvador-cambio-para-siempre\/#\"><\/a><\/li>\n\n\n\n<li><a href=\"https:\/\/www.prensa-latina.cu\/2024\/06\/01\/bukele-afirmo-que-el-salvador-cambio-para-siempre\/#\"><\/a><\/li>\n\n\n\n<li><a href=\"https:\/\/www.prensa-latina.cu\/2024\/06\/01\/bukele-afirmo-que-el-salvador-cambio-para-siempre\/#\"><\/a><\/li>\n\n\n\n<li><a href=\"https:\/\/www.prensa-latina.cu\/2024\/06\/01\/bukele-afirmo-que-el-salvador-cambio-para-siempre\/#\"><\/a><\/li>\n<\/ul>\n\n\n\n<figure class=\"wp-block-image\"><img decoding=\"async\" src=\"https:\/\/www.prensa-latina.cu\/wp-content\/uploads\/2024\/06\/juramentacion-2-500x333.jpg\" alt=\"\" class=\"wp-image-952525\"\/><\/figure>\n\n\n\n<p>Luego que el presidente de la Asamblea Legislativa, Ernesto Castro, lo juramentara junto a su vicemandatario, F\u00e9lix Ulloa, el gobernante presenci\u00f3 un vistoso desfile y saludo militar en el que participaron las diferentes armas del pa\u00eds.<\/p>\n\n\n\n<figure class=\"wp-block-image\"><img decoding=\"async\" src=\"https:\/\/www.prensa-latina.cu\/wp-content\/uploads\/2024\/06\/investidura-1-500x280.jpg\" alt=\"\" class=\"wp-image-952526\"\/><\/figure>\n\n\n\n<p>Posteriormente el mandatario dirigi\u00f3 un mensaje a sus compatriotas en el cual hizo un balance de la gesti\u00f3n en el primer mandato, en especial alcanzar una seguridad que \u201cno so\u00f1\u00e1bamos\u201d, seg\u00fan dijo, Tenemos, afirm\u00f3, un camino grande para proteger el legado y dejarlo a futuras generaciones.<\/p>\n\n\n\n<p>Logramos resultados en el combate a las pandillas que no imagin\u00e1bamos con medicinas que a veces resultaron amargas pero ya somos el pa\u00eds m\u00e1s seguro del Hemisferio Occidental, resalt\u00f3.<\/p>\n\n\n\n<p>Herramientas como el Plan de Control Territorial y el r\u00e9gimen de excepci\u00f3n funcionaron porque tuvieron el apoyo del pueblo, apunt\u00f3.<\/p>\n\n\n\n<p>Sin embrago, puntualiz\u00f3, la sociedad salvadore\u00f1a sigue enferma y ahora que arreglamos la seguridad, vamos a ocuparnos de la econom\u00eda aunque quiz\u00e1s tengamos que \u201ctomar medicinas amargas\u201d.<\/p>\n\n\n\n<p>Bukele insisti\u00f3 en que el pueblo voto por su gobierno el 4 de febrero pero es importante, seg\u00fan dijo, defender lo logrado en seguridad para hacer prospero el pa\u00eds. Esta es la receta que ustedes eligieron y es la que est\u00e1 dando resultado, asever\u00f3, e insisti\u00f3 que no descarta que sea la que \u201cnos d\u00e9 un mayor desarrollo econ\u00f3mico\u201d.<\/p>\n\n\n\n<p>En forma figurada, el presidente llam\u00f3 a sus compatriotas a avanzar. El camino pronto ser\u00e1 irreversible pero ahora debemos enfrentar el reto econ\u00f3mico y seguir la receta con la misma medicina.<\/p>\n\n\n\n<p>La protesta constitucional (juramento) es una promesa solemne de respeto a la Constituci\u00f3n de la Rep\u00fablica. El acto solemne arranc\u00f3 esta ma\u00f1ana a las 08:00, hora local. La toma de protesta o juramento presidencial se realiz\u00f3 m\u00e1s de una hora despu\u00e9s.<\/p>\n\n\n\n<p>En resumen, en sus pr\u00f3ximos cinco a\u00f1os (2024-2029), Bukele se enfocar\u00e1 en la econom\u00eda, aunque advirti\u00f3 de una posible medicina amarga y pidi\u00f3 apoyo a la poblaci\u00f3n.<\/p>\n\n\n\n<p>Al final de sus palabras, el presidente hizo jurar a sus seguidores para que sigan \u00ablos pasos sin quejarse\u00bb cuando se enfrente a resolver los problemas econ\u00f3micos de El Salvador.<\/p>\n\n\n\n<p>\u00abVamos a enfocarnos en los problemas importantes, empezando por la econom\u00eda. En este nuevo tratamiento, quiz\u00e1s tambi\u00e9n hay que tomar medicina amarga\u00bb, afirm\u00f3, desde el balc\u00f3n central del Palacio Nacional en direcci\u00f3n hacia las personas que estaban concentradas en la Plaza General Gerardo Barrios, en el centro de San Salvador.<\/p>\n\n\n\n<p>Este es el momento m\u00e1s importante de nuestra historia reciente. Por fin vencimos el miedo y somos un pa\u00eds verdaderamente libre. La libertad es una de las cosas que m\u00e1s anhelamos los seres humanos\u00bb, dijo.<\/p>\n\n\n\n<p>Bukele asumi\u00f3 este 1 de junio como presidente de El Salvador por segundo periodo ante las cr\u00edticas sobre la inconstitucionalidad de su reelecci\u00f3n.<\/p>\n\n\n\n<p>jcm\/lb<\/p>\n","protected":false},"excerpt":{"rendered":"<p>San Salvador, 1 jun (Prensa Latina) El presidente Nayib Bukele jur\u00f3 hoy un nuevo mandato al frente de los destinos de El Salvador y dijo que el pa\u00eds bajo su conducci\u00f3n cambi\u00f3 para siempre. Luego que el presidente de la Asamblea Legislativa, Ernesto Castro, lo juramentara junto a su vicemandatario, F\u00e9lix Ulloa, el gobernante presenci\u00f3 [&hellip;]<\/p>\n","protected":false},"author":28,"featured_media":534613,"comment_status":"closed","ping_status":"closed","sticky":false,"template":"","format":"standard","meta":{"footnotes":""},"categories":[36,26,23,27],"tags":[],"class_list":["post-534612","post","type-post","status-publish","format-standard","has-post-thumbnail","hentry","category-hombresmujeresycosas","category-efemerides","category-internacional","category-portada"],"_links":{"self":[{"href":"https:\/\/diariodominicano.com\/index.php?rest_route=\/wp\/v2\/posts\/534612","targetHints":{"allow":["GET"]}}],"collection":[{"href":"https:\/\/diariodominicano.com\/index.php?rest_route=\/wp\/v2\/posts"}],"about":[{"href":"https:\/\/diariodominicano.com\/index.php?rest_route=\/wp\/v2\/types\/post"}],"author":[{"embeddable":true,"href":"https:\/\/diariodominicano.com\/index.php?rest_route=\/wp\/v2\/users\/28"}],"replies":[{"embeddable":true,"href":"https:\/\/diariodominicano.com\/index.php?rest_route=%2Fwp%2Fv2%2Fcomments&post=534612"}],"version-history":[{"count":1,"href":"https:\/\/diariodominicano.com\/index.php?rest_route=\/wp\/v2\/posts\/534612\/revisions"}],"predecessor-version":[{"id":534614,"href":"https:\/\/diariodominicano.com\/index.php?rest_route=\/wp\/v2\/posts\/534612\/revisions\/534614"}],"wp:featuredmedia":[{"embeddable":true,"href":"https:\/\/diariodominicano.com\/index.php?rest_route=\/wp\/v2\/media\/534613"}],"wp:attachment":[{"href":"https:\/\/diariodominicano.com\/index.php?rest_route=%2Fwp%2Fv2%2Fmedia&parent=534612"}],"wp:term":[{"taxonomy":"category","embeddable":true,"href":"https:\/\/diariodominicano.com\/index.php?rest_route=%2Fwp%2Fv2%2Fcategories&post=534612"},{"taxonomy":"post_tag","embeddable":true,"href":"https:\/\/diariodominicano.com\/index.php?rest_route=%2Fwp%2Fv2%2Ftags&post=534612"}],"curies":[{"name":"wp","href":"https:\/\/api.w.org\/{rel}","templated":true}]}}