{"id":53461,"date":"2020-11-13T15:32:34","date_gmt":"2020-11-13T15:32:34","guid":{"rendered":"http:\/\/diariodominicano.ddns.net\/?p=53461"},"modified":"2020-11-13T15:32:34","modified_gmt":"2020-11-13T15:32:34","slug":"servicio-nacional-de-proteccion-ambiental-reconoce-al-ministro-del-mescyt","status":"publish","type":"post","link":"https:\/\/diariodominicano.com\/?p=53461","title":{"rendered":"Servicio Nacional de Protecci\u00f3n Ambiental reconoce al ministro del MESCYT"},"content":{"rendered":"<p><body><\/p>\n<p><img decoding=\"async\" src=\"img3\/GarciaFermin-MAmb13-11-20.jpg\" \/>  <\/p>\n<p><span class=\"text1noticias\">diariodominicano.com<\/span><\/p>\n<p><span class=\"text1noticias\"> <\/span><\/p>\n<p><span class=\"text1noticias\">Santo Domingo, R. D., 13 de noviembre, 2020.- En el marco de la celebraci\u00f3n de su 20 aniversario, el Servicio Nacional de Protecci\u00f3n Ambiental (SENPA) otorg\u00f3 un reconocimiento al Ministro de Educaci\u00f3n Superior Ciencia y Tecnolog\u00eda (MESCYT), doctor Franklin Garc\u00eda Ferm\u00edn, al Ministro de Medio Ambiente y Recursos Naturales, doctor Orlando Jorge Mera, y al ex director de la entidad, el general del Ej\u00e9rcito de la Rep\u00fablica Dominicana, Valerio Garc\u00eda Reyes.<\/span><\/p>\n<p><span class=\"text1noticias\"> <\/span><\/p>\n<p><span class=\"text1noticias\">Garc\u00eda Ferm\u00edn recibi\u00f3 una medalla que simboliza el sistema ambiental del pa\u00eds, por parte del director general del SENPA, el coronel del Ej\u00e9rcito de la Rep\u00fablica Dominicana, Ambiorix de Jes\u00fas Cepeda Hern\u00e1ndez.<\/span><\/p>\n<p><span class=\"text1noticias\"> <\/span><\/p>\n<p><span class=\"text1noticias\">Cepeda Hern\u00e1ndez manifest\u00f3 que hay mucha interrelaci\u00f3n entre ciencia, tecnolog\u00eda y medio ambiente, por lo que la labor de Garc\u00eda Ferm\u00edn debe ser reconocida en los actuales momentos.<\/span><\/p>\n<p><span class=\"text1noticias\"> <\/span><\/p>\n<p><span class=\"text1noticias\">Igualmente, destac\u00f3 el trabajo realizado durante la presente gesti\u00f3n del presidente Luis Abinader, por parte del Ministro de Medio Ambiente, Orlando Jorge Mera.<\/span><\/p>\n<p><span class=\"text1noticias\"> <\/span><\/p>\n<p><span class=\"text1noticias\">Mientras que fue reconocido el desempe\u00f1o que tuvo el ex director del SENPA, general Garc\u00eda Reyes.<\/span><\/p>\n<p><span class=\"text1noticias\"> <\/span><\/p>\n<p><span class=\"text1noticias\">\u00abMis m\u00e1s elevados reconocimientos al SENPA y a su director general, por la ardua labor que viene desempe\u00f1ando con \u00e9xitos\u00bb, sostuvo el Ministro del MESCYT Garc\u00eda Ferm\u00edn, quien exhort\u00f3 a la poblaci\u00f3n a defender, preservar y colaborar con las autoridades en la protecci\u00f3n del medio ambiente y los recursos naturales.<\/span><\/p>\n<p><span class=\"text1noticias\"> <\/span><\/p>\n<p><span class=\"text1noticias\">Garc\u00eda Ferm\u00edn tambi\u00e9n firm\u00f3 el libro de visitantes distinguidos de esa instituci\u00f3n estatal.<\/span><\/p>\n<p><span class=\"text1noticias\"> <\/span><\/p>\n<p><span class=\"text1noticias\">El SENPA es un cuerpo especializado del Ministerio de Defensa, auxiliar del Ministerio de Medio Ambiente y Recursos Naturales, as\u00ed como de la Procuradur\u00eda General Especializada para la Defensa del Medio Ambiente, y tiene como objetivo vigilar, perseguir y someter a los infractores ambientales.<\/span><\/p>\n<p><span class=\"text1noticias\"> <\/span><\/p>\n<p><span class=\"text1noticias\">En el acto estuvieron presentes los viceministros del MESCYT, Juan Francisco Viloria y Genaro Rodr\u00edguez Mart\u00ednez; el asesor especial, Julio Altagracia; el viceministro de Defensa para Asuntos Militares, mayor general V\u00edctor Aecio Mercedes Cepeda, entre otras personalidades.<\/span><\/p>\n<p><span class=\"text1noticias\">  <\/span><\/p>\n<p><span class=\"text1noticias\">PIE DE FOTO: <\/span><\/p>\n<p><span class=\"text1noticias\">Los ministros del MESCYT, doctor Franklin Garc\u00eda Ferm\u00edn, y de Medio Ambiente, doctor Orlando Jorge Mera, reciben una medalla por parte del director general del SENPA, Ambiorix de Jes\u00fas Cepeda Hern\u00e1ndez.<\/span><\/p>\n<p><span class=\"text1noticias\"> <\/span><\/p>\n<p><span class=\"text1noticias\"> <\/span><\/p>\n<p><span class=\"text1noticias\">Fuente: federico mendez no<\/span>va<\/p>\n<p><span class=\"text1noticias\">Prensa MESCYT<\/span><\/p>\n<h6> 2020-11-13 15:32:34 <\/h6>\n<p><!--\n<link rel=\"stylesheet\" href=\"css\/bootstrap.min.css\">\n\n\n<ul class=\"pagination\">\n\t    \n\t\n\n<li >\n\t<a href='?page_no=56'>Previous<\/a>\n\t<\/li>\n\n\n       \n    \n\n<li><a href='?page_no=1'>1<\/a><\/li>\n\n\n\n<li><a href='?page_no=2'>2<\/a><\/li>\n\n\n\n<li><a>...<\/a><\/li>\n\n\n\n<li><a href='?page_no=55'>55<\/a><\/li>\n\n\n\n<li><a href='?page_no=56'>56<\/a><\/li>\n\n\n\n<li class='active'><a>57<\/a><\/li>\n\n\n\n<li><a href='?page_no=58'>58<\/a><\/li>\n\n\n\n<li><a href='?page_no=59'>59<\/a><\/li>\n\n\n\n<li><a>...<\/a><\/li>\n\n\n\n<li><a href='?page_no=22911'>22911<\/a><\/li>\n\n\n\n<li><a href='?page_no=22912'>22912<\/a><\/li>\n\n    \n\t\n\n<li >\n\t<a href='?page_no=58'>Next<\/a>\n\t<\/li>\n\n\n    \n\n<li><a href='?page_no=22912'>Last &rsaquo;&rsaquo;<\/a><\/li>\n\n<\/ul>\n\n\n--><br \/>\n<\/body><\/p>\n","protected":false},"excerpt":{"rendered":"<p>diariodominicano.com Santo Domingo, R. D., 13 de noviembre, 2020.- En el marco de la celebraci\u00f3n de su 20 aniversario, el Servicio Nacional de Protecci\u00f3n Ambiental (SENPA) otorg\u00f3 un reconocimiento al Ministro de Educaci\u00f3n Superior Ciencia y Tecnolog\u00eda (MESCYT), doctor Franklin Garc\u00eda Ferm\u00edn, al Ministro de Medio Ambiente y Recursos Naturales, doctor Orlando Jorge Mera, y [&hellip;]<\/p>\n","protected":false},"author":3,"featured_media":0,"comment_status":"open","ping_status":"open","sticky":false,"template":"","format":"standard","meta":{"footnotes":""},"categories":[21],"tags":[],"class_list":["post-53461","post","type-post","status-publish","format-standard","hentry","category-cultura"],"_links":{"self":[{"href":"https:\/\/diariodominicano.com\/index.php?rest_route=\/wp\/v2\/posts\/53461","targetHints":{"allow":["GET"]}}],"collection":[{"href":"https:\/\/diariodominicano.com\/index.php?rest_route=\/wp\/v2\/posts"}],"about":[{"href":"https:\/\/diariodominicano.com\/index.php?rest_route=\/wp\/v2\/types\/post"}],"author":[{"embeddable":true,"href":"https:\/\/diariodominicano.com\/index.php?rest_route=\/wp\/v2\/users\/3"}],"replies":[{"embeddable":true,"href":"https:\/\/diariodominicano.com\/index.php?rest_route=%2Fwp%2Fv2%2Fcomments&post=53461"}],"version-history":[{"count":0,"href":"https:\/\/diariodominicano.com\/index.php?rest_route=\/wp\/v2\/posts\/53461\/revisions"}],"wp:attachment":[{"href":"https:\/\/diariodominicano.com\/index.php?rest_route=%2Fwp%2Fv2%2Fmedia&parent=53461"}],"wp:term":[{"taxonomy":"category","embeddable":true,"href":"https:\/\/diariodominicano.com\/index.php?rest_route=%2Fwp%2Fv2%2Fcategories&post=53461"},{"taxonomy":"post_tag","embeddable":true,"href":"https:\/\/diariodominicano.com\/index.php?rest_route=%2Fwp%2Fv2%2Ftags&post=53461"}],"curies":[{"name":"wp","href":"https:\/\/api.w.org\/{rel}","templated":true}]}}