{"id":53439,"date":"2020-05-29T10:39:00","date_gmt":"2020-05-29T10:39:00","guid":{"rendered":"http:\/\/diariodominicano.ddns.net\/?p=53439"},"modified":"2020-05-29T10:39:00","modified_gmt":"2020-05-29T10:39:00","slug":"argentina-reverencia-a-alfonsina-storni-a-128-anos-de-su-natalicio","status":"publish","type":"post","link":"https:\/\/diariodominicano.com\/?p=53439","title":{"rendered":"Argentina reverencia a Alfonsina Storni, a 128 a\u00f1os de su natalicio"},"content":{"rendered":"<p><body><\/p>\n<p><img decoding=\"async\" src=\"img3\/alfonsina-storni29-5.jpg\" \/>  <\/p>\n<p><span class=\"text1noticias\">diariodominicano.com<\/span><\/p>\n<p><span class=\"text1noticias\"> <\/span><\/p>\n<p><span class=\"text1noticias\">Buenos Aires, 29 may (PL) Los argentinos recuerdan hoy a una de sus escritoras m\u00e1s prol\u00edferas, la poetisa y autora del modernismo argentino Alfonsina Storni (1892-1938), en el 128 aniversario de su natalicio.<\/span><\/p>\n<p><span class=\"text1noticias\"> <\/span><\/p>\n<p><span class=\"text1noticias\"> <\/span><\/p>\n<p><span class=\"text1noticias\">Devenida una de las intelectuales m\u00e1s destacada de su \u00e9poca, Storni defendi\u00f3 con su pluma los derechos de las mujeres y fue fiel defensora de la igualdad de g\u00e9nero en una etapa compleja y dif\u00edcil, con las limitaciones sociales que marcar\u00edan su vida para siempre.<\/span><\/p>\n<p><span class=\"text1noticias\"> <\/span><\/p>\n<p><span class=\"text1noticias\">A 128 a\u00f1os de su nacimiento, en Argentina hay muchos lugares que recuerdan y reconocen su legado, desde calles con su nombre, hasta instituciones o lugares o espacios como la sala permanente dedicada a su figura en cada edici\u00f3n de la feria internacional del libro de Buenos Aires.<\/span><\/p>\n<p><span class=\"text1noticias\"> <\/span><\/p>\n<p><span class=\"text1noticias\">Tao-Lao, Alfonsina, dos de los seud\u00f3nimos que utiliz\u00f3, naci\u00f3 en Suiza el 29 de mayo de 1892 pero de peque\u00f1a emigr\u00f3 a la ciudad argentina de Rosario, junto a su familia.<\/span><\/p>\n<p><span class=\"text1noticias\"> <\/span><\/p>\n<p><span class=\"text1noticias\">Aunque dio sus primeros pasos en la escritura muy joven, su trabajo comenz\u00f3 a salir a la luz en la revista Caras y Caretas de Buenos Aires, pero debi\u00f3 mantener un empleo paralelo que le facilitara el mantenimiento econ\u00f3mico y gracias a su talento, a los 27 a\u00f1os, ya tenia seis historias cortas, dos novelas y una serie de ensayos.<\/span><\/p>\n<p><span class=\"text1noticias\"> <\/span><\/p>\n<p><span class=\"text1noticias\">Con la obra Languidez en 1920 gan\u00f3 el primer Premio Municipal de Poes\u00eda y el segundo Premio Nacional de Literatura.<\/span><\/p>\n<p><span class=\"text1noticias\"> <\/span><\/p>\n<p><span class=\"text1noticias\">Adem\u00e1s de su trabajo en la escritura, fue una destacada activista en materia de derechos de la mujer desde los 16 a\u00f1os, cuando integr\u00f3 el Comit\u00e9 Feminista de Santa Fe, y fue l\u00edder de la Asociaci\u00f3n pro Derechos de la Mujer.<\/span><\/p>\n<p><span class=\"text1noticias\"> <\/span><\/p>\n<p><span class=\"text1noticias\">Presa de un dolor insoportable por un c\u00e1ncer de mama, en la madrugada del 25 de octubre de 1938, se dirigi\u00f3 al Club Argentino de Mujeres y desde all\u00ed, en la ciudad de Mar del Plata, se arroj\u00f3 al mar desde uno de sus espigones, a los 46 a\u00f1os.<\/span><\/p>\n<p><span class=\"text1noticias\"> <\/span><\/p>\n<p>tgj\/may<\/p>\n<h6> 2020-05-29 10:39:00 <\/h6>\n<p><!--\n<link rel=\"stylesheet\" href=\"css\/bootstrap.min.css\">\n\n\n<ul class=\"pagination\">\n\t    \n\t\n\n<li >\n\t<a href='?page_no=567'>Previous<\/a>\n\t<\/li>\n\n\n       \n    \n\n<li><a href='?page_no=1'>1<\/a><\/li>\n\n\n\n<li><a href='?page_no=2'>2<\/a><\/li>\n\n\n\n<li><a>...<\/a><\/li>\n\n\n\n<li><a href='?page_no=566'>566<\/a><\/li>\n\n\n\n<li><a href='?page_no=567'>567<\/a><\/li>\n\n\n\n<li class='active'><a>568<\/a><\/li>\n\n\n\n<li><a href='?page_no=569'>569<\/a><\/li>\n\n\n\n<li><a href='?page_no=570'>570<\/a><\/li>\n\n\n\n<li><a>...<\/a><\/li>\n\n\n\n<li><a href='?page_no=22911'>22911<\/a><\/li>\n\n\n\n<li><a href='?page_no=22912'>22912<\/a><\/li>\n\n    \n\t\n\n<li >\n\t<a href='?page_no=569'>Next<\/a>\n\t<\/li>\n\n\n    \n\n<li><a href='?page_no=22912'>Last &rsaquo;&rsaquo;<\/a><\/li>\n\n<\/ul>\n\n\n--><br \/>\n<\/body><\/p>\n","protected":false},"excerpt":{"rendered":"<p>diariodominicano.com Buenos Aires, 29 may (PL) Los argentinos recuerdan hoy a una de sus escritoras m\u00e1s prol\u00edferas, la poetisa y autora del modernismo argentino Alfonsina Storni (1892-1938), en el 128 aniversario de su natalicio. Devenida una de las intelectuales m\u00e1s destacada de su \u00e9poca, Storni defendi\u00f3 con su pluma los derechos de las mujeres y [&hellip;]<\/p>\n","protected":false},"author":3,"featured_media":0,"comment_status":"open","ping_status":"open","sticky":false,"template":"","format":"standard","meta":{"footnotes":""},"categories":[21],"tags":[],"class_list":["post-53439","post","type-post","status-publish","format-standard","hentry","category-cultura"],"_links":{"self":[{"href":"https:\/\/diariodominicano.com\/index.php?rest_route=\/wp\/v2\/posts\/53439","targetHints":{"allow":["GET"]}}],"collection":[{"href":"https:\/\/diariodominicano.com\/index.php?rest_route=\/wp\/v2\/posts"}],"about":[{"href":"https:\/\/diariodominicano.com\/index.php?rest_route=\/wp\/v2\/types\/post"}],"author":[{"embeddable":true,"href":"https:\/\/diariodominicano.com\/index.php?rest_route=\/wp\/v2\/users\/3"}],"replies":[{"embeddable":true,"href":"https:\/\/diariodominicano.com\/index.php?rest_route=%2Fwp%2Fv2%2Fcomments&post=53439"}],"version-history":[{"count":0,"href":"https:\/\/diariodominicano.com\/index.php?rest_route=\/wp\/v2\/posts\/53439\/revisions"}],"wp:attachment":[{"href":"https:\/\/diariodominicano.com\/index.php?rest_route=%2Fwp%2Fv2%2Fmedia&parent=53439"}],"wp:term":[{"taxonomy":"category","embeddable":true,"href":"https:\/\/diariodominicano.com\/index.php?rest_route=%2Fwp%2Fv2%2Fcategories&post=53439"},{"taxonomy":"post_tag","embeddable":true,"href":"https:\/\/diariodominicano.com\/index.php?rest_route=%2Fwp%2Fv2%2Ftags&post=53439"}],"curies":[{"name":"wp","href":"https:\/\/api.w.org\/{rel}","templated":true}]}}