{"id":534372,"date":"2024-05-31T20:05:31","date_gmt":"2024-06-01T00:05:31","guid":{"rendered":"https:\/\/diariodominicano.com\/?p=534372"},"modified":"2024-05-31T20:05:34","modified_gmt":"2024-06-01T00:05:34","slug":"dia-de-la-independencia-de-samoa","status":"publish","type":"post","link":"https:\/\/diariodominicano.com\/?p=534372","title":{"rendered":"D\u00eda de la Independencia de Samoa"},"content":{"rendered":"\n<p>ARCHIVO: Antony J. Blinken, Secretario de Estado<\/p>\n\n\n\n<p>En nombre de los Estados Unidos de Am\u00e9rica, extiendo mis m\u00e1s sinceras felicitaciones al Estado Independiente de Samoa con motivo de su 62\u00ba aniversario de independencia el 1 de junio.<\/p>\n\n\n\n<p>Estados Unidos valora la asociaci\u00f3n duradera que compartimos con Samoa, basada en nuestros valores compartidos y nuestro compromiso de defender las libertades fundamentales. Nuestra estrecha relaci\u00f3n contin\u00faa fortaleci\u00e9ndose, fomentando la prosperidad y la cooperaci\u00f3n entre nuestras naciones.<\/p>\n\n\n\n<p>Seguimos comprometidos a colaborar con Samoa para abordar los desaf\u00edos apremiantes que plantea la crisis clim\u00e1tica, fomentar el crecimiento econ\u00f3mico y promover el estado de derecho para garantizar la paz y la estabilidad tanto a nivel regional como global.<\/p>\n\n\n\n<p>En los pr\u00f3ximos a\u00f1os, esperamos profundizar a\u00fan m\u00e1s la amistad y la asociaci\u00f3n entre nuestros pueblos. Que esta celebraci\u00f3n nacional est\u00e9 llena de alegr\u00eda y unidad para todo el pueblo de Samoa.<\/p>\n\n\n\n<p>U.S. Department of State<\/p>\n\n\n\n<p><a target=\"_blank\" href=\"mailto:usstatebpa@public.govdelivery.com\" rel=\"noreferrer noopener\">usstatebpa@public.govdelivery.com<\/a><\/p>\n\n\n\n<p>31\/05\/2024 13:48 hora del Este<\/p>\n","protected":false},"excerpt":{"rendered":"<p>ARCHIVO: Antony J. Blinken, Secretario de Estado En nombre de los Estados Unidos de Am\u00e9rica, extiendo mis m\u00e1s sinceras felicitaciones al Estado Independiente de Samoa con motivo de su 62\u00ba aniversario de independencia el 1 de junio. Estados Unidos valora la asociaci\u00f3n duradera que compartimos con Samoa, basada en nuestros valores compartidos y nuestro compromiso [&hellip;]<\/p>\n","protected":false},"author":28,"featured_media":529103,"comment_status":"closed","ping_status":"closed","sticky":false,"template":"","format":"standard","meta":{"footnotes":""},"categories":[26,23],"tags":[],"class_list":["post-534372","post","type-post","status-publish","format-standard","has-post-thumbnail","hentry","category-efemerides","category-internacional"],"_links":{"self":[{"href":"https:\/\/diariodominicano.com\/index.php?rest_route=\/wp\/v2\/posts\/534372","targetHints":{"allow":["GET"]}}],"collection":[{"href":"https:\/\/diariodominicano.com\/index.php?rest_route=\/wp\/v2\/posts"}],"about":[{"href":"https:\/\/diariodominicano.com\/index.php?rest_route=\/wp\/v2\/types\/post"}],"author":[{"embeddable":true,"href":"https:\/\/diariodominicano.com\/index.php?rest_route=\/wp\/v2\/users\/28"}],"replies":[{"embeddable":true,"href":"https:\/\/diariodominicano.com\/index.php?rest_route=%2Fwp%2Fv2%2Fcomments&post=534372"}],"version-history":[{"count":1,"href":"https:\/\/diariodominicano.com\/index.php?rest_route=\/wp\/v2\/posts\/534372\/revisions"}],"predecessor-version":[{"id":534373,"href":"https:\/\/diariodominicano.com\/index.php?rest_route=\/wp\/v2\/posts\/534372\/revisions\/534373"}],"wp:featuredmedia":[{"embeddable":true,"href":"https:\/\/diariodominicano.com\/index.php?rest_route=\/wp\/v2\/media\/529103"}],"wp:attachment":[{"href":"https:\/\/diariodominicano.com\/index.php?rest_route=%2Fwp%2Fv2%2Fmedia&parent=534372"}],"wp:term":[{"taxonomy":"category","embeddable":true,"href":"https:\/\/diariodominicano.com\/index.php?rest_route=%2Fwp%2Fv2%2Fcategories&post=534372"},{"taxonomy":"post_tag","embeddable":true,"href":"https:\/\/diariodominicano.com\/index.php?rest_route=%2Fwp%2Fv2%2Ftags&post=534372"}],"curies":[{"name":"wp","href":"https:\/\/api.w.org\/{rel}","templated":true}]}}