{"id":534359,"date":"2024-05-31T18:37:16","date_gmt":"2024-05-31T22:37:16","guid":{"rendered":"https:\/\/diariodominicano.com\/?p=534359"},"modified":"2024-05-31T18:37:18","modified_gmt":"2024-05-31T22:37:18","slug":"parque-cementerio-puerta-del-cielo-celebra-misa-y-acto-conmemorativo-para-el-dia-de-las-madres","status":"publish","type":"post","link":"https:\/\/diariodominicano.com\/?p=534359","title":{"rendered":"Parque Cementerio Puerta del Cielo \u00a0celebra misa y acto conmemorativo para el D\u00eda de las Madres"},"content":{"rendered":"\n<p>Parque Cementerio Puerta del Cielo celebr\u00f3 una solemne misa en honor al D\u00eda de las Madres. La hermosa ceremonia fue oficiada por Su Excelencia Reverend\u00edsima Monse\u00f1or Ram\u00f3n Benito \u00c1ngeles Fern\u00e1ndez, Obispo Auxiliar Em\u00e9rito de la Arquidi\u00f3cesis de Santo Domingo. En el acto estuvieron presentes cientos de familias para recordar y homenajear a las madres que ya han partido y tambi\u00e9n a las madres presentes.<\/p>\n\n\n\n<p>La eucarist\u00eda celebrada, fue acompa\u00f1ada por las melodiosas voces del coro de la maestra Elsa Paulino, lo que ofreci\u00f3 un momento de reflexi\u00f3n y alegr\u00eda a todos los presentes. Luego de la celebraci\u00f3n de la eucarist\u00eda se pas\u00f3 a los jardines del camposanto para el acto de elevaci\u00f3n al cielo de un Santo Rosario de globos biodegradables. Durante la elevaci\u00f3n del Rosario las familias oraban y recordaban a las madres que ya no est\u00e1n f\u00edsicamente, pero permanecen presentes en el coraz\u00f3n de sus seres queridos. Este evento brind\u00f3 un espacio de uni\u00f3n y lindas memorias para las familias.<\/p>\n\n\n\n<p>En su homil\u00eda, Monse\u00f1or Benito \u00c1ngeles dirigi\u00f3 un hermoso mensaje a los presentes: \u00abhoy nos reunimos para rendir homenaje al ser m\u00e1s especial, aquel que ama incondicionalmente: la madre. Su amor perdura m\u00e1s all\u00e1 del tiempo y el espacio, y es por eso que nos unimos en esta santa misa, para recordarlas y agradecerles por todo el legado que nos han dejado.\u00bb<\/p>\n\n\n\n<p>Al finalizar el acto, el Sr. Leonardo Vargas, presidente del Parque Cementerio Puerta del Cielo reafirm\u00f3 el compromiso de ofrecer servicios funerarios integrales de la m\u00e1s alta calidad, as\u00ed apoyando a las familias en momentos significativos y espera que este acto de amor y recuerdos contin\u00fae siempre iluminando el camino de todos los que honran la memoria de sus queridas madres.<\/p>\n\n\n\n<p>Mercadeo<\/p>\n\n\n\n<p><a target=\"_blank\" href=\"mailto:mercadeo@puertadelcielo.com.do\" rel=\"noreferrer noopener\">mercadeo@puertadelcielo.com.do<\/a><\/p>\n","protected":false},"excerpt":{"rendered":"<p>Parque Cementerio Puerta del Cielo celebr\u00f3 una solemne misa en honor al D\u00eda de las Madres. La hermosa ceremonia fue oficiada por Su Excelencia Reverend\u00edsima Monse\u00f1or Ram\u00f3n Benito \u00c1ngeles Fern\u00e1ndez, Obispo Auxiliar Em\u00e9rito de la Arquidi\u00f3cesis de Santo Domingo. En el acto estuvieron presentes cientos de familias para recordar y homenajear a las madres que [&hellip;]<\/p>\n","protected":false},"author":28,"featured_media":0,"comment_status":"closed","ping_status":"closed","sticky":false,"template":"","format":"standard","meta":{"footnotes":""},"categories":[36,25],"tags":[],"class_list":["post-534359","post","type-post","status-publish","format-standard","hentry","category-hombresmujeresycosas","category-gente"],"_links":{"self":[{"href":"https:\/\/diariodominicano.com\/index.php?rest_route=\/wp\/v2\/posts\/534359","targetHints":{"allow":["GET"]}}],"collection":[{"href":"https:\/\/diariodominicano.com\/index.php?rest_route=\/wp\/v2\/posts"}],"about":[{"href":"https:\/\/diariodominicano.com\/index.php?rest_route=\/wp\/v2\/types\/post"}],"author":[{"embeddable":true,"href":"https:\/\/diariodominicano.com\/index.php?rest_route=\/wp\/v2\/users\/28"}],"replies":[{"embeddable":true,"href":"https:\/\/diariodominicano.com\/index.php?rest_route=%2Fwp%2Fv2%2Fcomments&post=534359"}],"version-history":[{"count":1,"href":"https:\/\/diariodominicano.com\/index.php?rest_route=\/wp\/v2\/posts\/534359\/revisions"}],"predecessor-version":[{"id":534360,"href":"https:\/\/diariodominicano.com\/index.php?rest_route=\/wp\/v2\/posts\/534359\/revisions\/534360"}],"wp:attachment":[{"href":"https:\/\/diariodominicano.com\/index.php?rest_route=%2Fwp%2Fv2%2Fmedia&parent=534359"}],"wp:term":[{"taxonomy":"category","embeddable":true,"href":"https:\/\/diariodominicano.com\/index.php?rest_route=%2Fwp%2Fv2%2Fcategories&post=534359"},{"taxonomy":"post_tag","embeddable":true,"href":"https:\/\/diariodominicano.com\/index.php?rest_route=%2Fwp%2Fv2%2Ftags&post=534359"}],"curies":[{"name":"wp","href":"https:\/\/api.w.org\/{rel}","templated":true}]}}