{"id":534341,"date":"2024-05-31T09:45:46","date_gmt":"2024-05-31T13:45:46","guid":{"rendered":"https:\/\/diariodominicano.com\/?p=534341"},"modified":"2024-05-31T09:45:53","modified_gmt":"2024-05-31T13:45:53","slug":"el-pld-lamenta-el-fallecimiento-de-su-dirigente-justo-guzman-sera-velado-y-sepultado-este-viernes-en-santiago","status":"publish","type":"post","link":"https:\/\/diariodominicano.com\/?p=534341","title":{"rendered":"El PLD lamenta el fallecimiento de su dirigente Justo Guzm\u00e1n. Ser\u00e1 velado y sepultado este viernes en Santiago"},"content":{"rendered":"\n<p>Justo Guzm\u00e1n<\/p>\n\n\n\n<p>El Partido de la Liberaci\u00f3n Dominicana (PLD) con dolor confirm\u00f3 el fallecimiento de Justo Guzm\u00e1n, miembro del Comit\u00e9 Central de la organizaci\u00f3n con un dilatado ejercicio en las filas del pelede\u00edsmo, destaca una nota informativa de la Direcci\u00f3n de Comunicaciones del PLD.<\/p>\n\n\n\n<p>Seg\u00fan las informaciones preliminares Justo Guzm\u00e1n, muri\u00f3 a consecuencia de un infarto card\u00edaco&nbsp;&nbsp;cuando se encontraba en la ciudad de&nbsp;&nbsp;Santiago.<\/p>\n\n\n\n<p>La direcci\u00f3n del PLD en Santiago y sus familiares al confirmar su fallecimiento informaron que a partir de la 11.00 horas de este viernes su cuerpo se expondr\u00e1 en la Funeraria Savica-Invi en la avenida Enriquillo, pr\u00f3ximo al Estadio Cibao en Santiago de los Caballeros.<\/p>\n\n\n\n<p>Esta misma tarde del viernes&nbsp;&nbsp;su cuerpo ser\u00e1 sepultado en el Cementerio Fuente de Luz en la avenida Circunvalaci\u00f3n Norte.<\/p>\n\n\n\n<p>A Justo Guzm\u00e1n le sobreviven su viuda Martha Mart\u00ednez, sus hijos Hilda Carmilda, Minerva, Calfrelo, Frederick y&nbsp;&nbsp;Perla.<\/p>\n\n\n\n<p>Su dilatada militancia en el PLD la altern\u00f3 desempe\u00f1ando funciones p\u00fablicas en el Ministerio de Interior y Polic\u00eda y en el Fondo de Desarrollo Agropecuario ( FEDA), entre otras.<\/p>\n\n\n\n<p>Desde que la noche del jueves trascendi\u00f3 la noticia,&nbsp;&nbsp;llovieron los mensajes de miembros y dirigentes del PLD elogiando las condiciones del dirigente fallecido, su laboriosidad y lealtad a la causa del Partido de la Liberaci\u00f3n Dominicana.<\/p>\n\n\n\n<p>Que en Paz Descanse Justo Guzm\u00e1n.<\/p>\n\n\n\n<p><strong>SECRETARIA COMUNICACIONES<\/strong><\/p>\n\n\n\n<p><strong>31 MAYO 2024<\/strong><\/p>\n","protected":false},"excerpt":{"rendered":"<p>Justo Guzm\u00e1n El Partido de la Liberaci\u00f3n Dominicana (PLD) con dolor confirm\u00f3 el fallecimiento de Justo Guzm\u00e1n, miembro del Comit\u00e9 Central de la organizaci\u00f3n con un dilatado ejercicio en las filas del pelede\u00edsmo, destaca una nota informativa de la Direcci\u00f3n de Comunicaciones del PLD. Seg\u00fan las informaciones preliminares Justo Guzm\u00e1n, muri\u00f3 a consecuencia de un [&hellip;]<\/p>\n","protected":false},"author":28,"featured_media":534342,"comment_status":"closed","ping_status":"closed","sticky":false,"template":"","format":"standard","meta":{"footnotes":""},"categories":[26,22,27],"tags":[],"class_list":["post-534341","post","type-post","status-publish","format-standard","has-post-thumbnail","hentry","category-efemerides","category-politica","category-portada"],"_links":{"self":[{"href":"https:\/\/diariodominicano.com\/index.php?rest_route=\/wp\/v2\/posts\/534341","targetHints":{"allow":["GET"]}}],"collection":[{"href":"https:\/\/diariodominicano.com\/index.php?rest_route=\/wp\/v2\/posts"}],"about":[{"href":"https:\/\/diariodominicano.com\/index.php?rest_route=\/wp\/v2\/types\/post"}],"author":[{"embeddable":true,"href":"https:\/\/diariodominicano.com\/index.php?rest_route=\/wp\/v2\/users\/28"}],"replies":[{"embeddable":true,"href":"https:\/\/diariodominicano.com\/index.php?rest_route=%2Fwp%2Fv2%2Fcomments&post=534341"}],"version-history":[{"count":1,"href":"https:\/\/diariodominicano.com\/index.php?rest_route=\/wp\/v2\/posts\/534341\/revisions"}],"predecessor-version":[{"id":534343,"href":"https:\/\/diariodominicano.com\/index.php?rest_route=\/wp\/v2\/posts\/534341\/revisions\/534343"}],"wp:featuredmedia":[{"embeddable":true,"href":"https:\/\/diariodominicano.com\/index.php?rest_route=\/wp\/v2\/media\/534342"}],"wp:attachment":[{"href":"https:\/\/diariodominicano.com\/index.php?rest_route=%2Fwp%2Fv2%2Fmedia&parent=534341"}],"wp:term":[{"taxonomy":"category","embeddable":true,"href":"https:\/\/diariodominicano.com\/index.php?rest_route=%2Fwp%2Fv2%2Fcategories&post=534341"},{"taxonomy":"post_tag","embeddable":true,"href":"https:\/\/diariodominicano.com\/index.php?rest_route=%2Fwp%2Fv2%2Ftags&post=534341"}],"curies":[{"name":"wp","href":"https:\/\/api.w.org\/{rel}","templated":true}]}}