{"id":53428,"date":"2020-05-29T22:40:02","date_gmt":"2020-05-29T22:40:02","guid":{"rendered":"http:\/\/diariodominicano.ddns.net\/?p=53428"},"modified":"2020-05-29T22:40:02","modified_gmt":"2020-05-29T22:40:02","slug":"segunda-guerra-mundial-75-anos-de-su-fin-iii","status":"publish","type":"post","link":"https:\/\/diariodominicano.com\/?p=53428","title":{"rendered":"SEGUNDA GUERRA MUNDIAL: 75 A\u00d1OS DE SU FIN (III)"},"content":{"rendered":"<p><body><\/p>\n<p><img decoding=\"async\" src=\"img3\/Segunda-Guerra-Mundia-75-Anos-De-Su-Fin-III.jpg\" \/><br \/><img decoding=\"async\" src=\"img3\/Segunda-Guerra-Mundia-75-Anos-De-Su-Fin-III-1.jpg\" \/>  <\/p>\n<p><strong>Diariodominicano.com<\/strong><\/p>\n<p><strong>SEGUNDA GUERRA MUNDIAL: 75 A\u00d1OS DE SU FIN (III)<\/strong><\/p>\n<p><strong>POR TE\u00d3FILO LAPPOT ROBLES<\/strong><\/p>\n<p><strong>Un mago brit\u00e1nico en Egipto<\/strong><\/p>\n<\/p>\n<p>Cuando el mariscal del Aire Erwin Rommel fue designado para dirigir las tropas alemanas en \u00c1frica uno de sus principales objetivos era llegar hasta El Cairo y apoderarse del Canal de Suez. <\/p>\n<p>Los aviones alemanes fueron intensos en sus ataques a esa obra maestra de la ingenier\u00eda hidr\u00e1ulica. A eso se a\u00f1ad\u00eda el terror que provocaba en las tropas brit\u00e1nicas el solo nombre del Zorro del Desierto avanzando con sus \u00c1frica Korps.<\/p>\n<p>Rommel, sus carros de combate y su infanter\u00eda estaban a una enorme distancia de la capital egipcia. Ten\u00edan de por medio al enorme desierto del Sahara, que abarca gran parte de \u00c1frica del Norte, cubriendo planicies y mogotes que se extienden desde el Mar Rojo hasta el Mediterr\u00e1neo.<\/p>\n<p>A pesar de que cruzar ese desierto incluye vencer muchas dificultades, los brit\u00e1nicos no descartaban que los nazis pudieran llegar a la ciudad de los mil minaretes que se yergue a orillas del r\u00edo Nilo y es orgullo de los cairotas; sino que adem\u00e1s pudieran tomar el referido canal que une los mares Rojo y Mediterr\u00e1neo y tambi\u00e9n disponer de sus zonas industriales.<\/p>\n<p> Est\u00e1 registrado como una de las tantas curiosidades surgidas en la Segunda Guerra Mundial que los mandos militares de Gran Breta\u00f1a apostados en El Cairo hasta recurrieron, como recurso b\u00e9lico, a las habilidades de un teniente ilusionista llamado Jasper Maskelyne, el cual formaba parte de la secci\u00f3n de camuflaje de las fuerzas aliadas que operaban en el lugar. <\/p>\n<p>La orden que le impartieron al teniente y mago Maskelyne en la curva final del a\u00f1o 1941 era que ten\u00eda que ocultar el Canal de Suez para que los aviadores alemanes no pudieran seguir cargando de minas su lecho y destruyendo objetivos terrestres perif\u00e9ricos de tan estrat\u00e9gica zona.<\/p>\n<p> El oficial  y consumado ilusionista logr\u00f3 dislocar al enemigo con chapas de hierro y capas de esta\u00f1o que crearon una cortina de luz destellada desde 25 focos situados en paralelo que enceguec\u00eda a los aviadores nazis, inviabilizando sus incursiones a\u00e9reas diurnas y nocturnas. <\/p>\n<p>Adem\u00e1s les caus\u00f3 otros muchos trastornos con sus trucos, especialmente en las decisivas batallas de El Alamein.<\/p>\n<p>Tambi\u00e9n se le atribuye a ese ilusionista brit\u00e1nico la autor\u00eda de otros episodios ins\u00f3litos de la Segunda Guerra Mundial ocurridos a unos 100 kil\u00f3metros de El Alemein, en las cercan\u00edas de Alejandr\u00eda, la hist\u00f3rica ciudad natal del tristemente c\u00e9lebre Rudolf  Hess, el lugar teniente de Hitler que protagoniz\u00f3 un extra\u00f1o aterrizaje en Escocia, el 10 de mayo de 1941, y quien se convirti\u00f3 en el preso m\u00e1s caro que registra la historia carcelaria del mundo, pues la prisi\u00f3n de Spandau, en Berl\u00edn, con capacidad para 600 reclusos, se mantuvo muchos a\u00f1os alberg\u00e1ndolo s\u00f3lo a \u00e9l, con un servicio de m\u00e1s de 100 custodios y otros empleados, hasta  que se ahorc\u00f3 el 17 de agosto de 1987. <\/p>\n<p>En la biograf\u00eda de Maskelyne, titulada El Mago de la Guerra, su autor David Fisher recoge, entre muchas declaraciones de ese personaje de leyenda, la siguiente: \u00abDenme libertad y no habr\u00e1 limites para los efectos que puedo crear en el campo de batalla. Puedo crear ca\u00f1ones donde no los hay y hacer que disparos fantasmas crucen el mar&#8230;\u00bb1  <\/p>\n<\/p>\n<p><strong>Campos de concentraci\u00f3n<\/strong><\/p>\n<\/p>\n<p> Las personas que ten\u00edan la desgracia de ser recluidas en los campos de concentraci\u00f3n no eran llevadas a esos lugares tenebrosos por sus hechos individuales, sino por pertenecer a grupos pol\u00edticos, religiosos, sexuales, o de razas que no encuadraban en los par\u00e1metros de los que ten\u00edan el control de una situaci\u00f3n determinada. Y, adem\u00e1s, a los capturados de fuerzas contrarias, en los casos de conflictos armados.<\/p>\n<p>El origen de los campos de concentraci\u00f3n est\u00e1 enmarcado en la represi\u00f3n en sus diversas vertientes (pol\u00edtica, militar, social, religiosa, racial, etc.). Por lo tanto en esos lugares no exist\u00edan los elementos que vertebran las bases legales de una sociedad.<\/p>\n<p>Contrario a los que muchos creen los campos de concentraci\u00f3n no surgieron por primera vez en la Segunda Guerra Mundial. Ellos se remontan a por lo menos el siglo XVIII, tal y como est\u00e1 documentado por la Historia.<\/p>\n<p>Antes hubo campos de concentraci\u00f3n no s\u00f3lo en Europa, sino tambi\u00e9n en Asia e incluso en  nuestro propio vecindario del Caribe Insular. Por estas tierras antillanas uno de los casos m\u00e1s conmovedores fueron las llamadas reconcentraciones que a partir del 16 de febrero de 1896 hizo en Cuba el terrible general espa\u00f1ol Valeriano Weyler Nicolau.  Por esa terrible medida miles de seres humanos indefensos murieron de hambre e insalubridad y malos tratos en general.<\/p>\n<p>Pero a pesar de las crueldades cometidas antes, los campos de concentraci\u00f3n m\u00e1s despiadados fueron creados por \u00f3rdenes de Hitler durante la Segunda Guerra Mundial.<\/p>\n<p>En los campos de concentraci\u00f3n nazistas murieron millones de personas que nada ten\u00edan que ver con las beligerancias propias de la conflagraci\u00f3n que se extendi\u00f3 desde el 1939 hasta el 1945.<\/p>\n<p>Las mayores v\u00edctimas eran jud\u00edos, a quienes los nazis consideraban como la ant\u00edtesis de la llamada raza aria, la cual no es m\u00e1s que la imposici\u00f3n de especulaciones y manipulaciones proyectadas desde la denominada ling\u00fc\u00edstica hist\u00f3rica. <\/p>\n<p>Los jud\u00edos fueron sacrificados por los nazis utilizando como s\u00edmbolo la cruz con brazos doblados en \u00e1ngulos rectos conocida como la esv\u00e1stica que el ultra conservador antrop\u00f3logo estadounidense Thomas Wilson vincul\u00f3 al Brahm\u00e1, deidad que los hinduistas consideran \u00abel dios creador\u00bb escoltado por  Visn\u00fa y Shiva, pero eso es materia de antropolog\u00eda prehist\u00f3rica, que no es el caso tratado ahora.<\/p>\n<p>Pero en esos campos de concentraci\u00f3n los represaliados no s\u00f3lo fueron jud\u00edos, como generalmente se piensa. All\u00ed tambi\u00e9n perdieron la vida una gran cantidad de personas indefensas sencillamente porque sufr\u00edan deformidades anat\u00f3micas o disminuidos niveles mentales, o porque ten\u00edan determinadas inclinaciones sexuales, creencias religiosas, pol\u00edticas o filos\u00f3ficas, o simplemente porque proven\u00edan de lugares espec\u00edficos de la tierra que no eran del agrado de Hitler y sus m\u00e1s cercanos secuaces.<\/p>\n<p>Hitler cre\u00f3 decenas de  campos de concentraci\u00f3n y campos de exterminio que se constituyeron en s\u00edmbolos supremos de la maldad.<\/p>\n<p> Entre ellos puedo citar, de manera limitada, Auschwitz-Birkenau, cerca de Cracovia, en la Polonia ocupada por los nazis, donde  fueron confinados y torturados un mill\u00f3n trescientos mil prisioneros, la inmensa mayor\u00eda de ellos jud\u00edos. S\u00f3lo sobrevivieron unos 200 mil. Se considera el principal centro de exterminio de los jud\u00edos, en la llamada \u00absoluci\u00f3n final.\u00bb<\/p>\n<p>En ese lugar de torturas y muertes fue que el miserable m\u00e9dico, antrop\u00f3logo y militar Josef Mengele, apodado el \u00e1ngel de la muerte, puso en pr\u00e1ctica sus experimentos m\u00e9dicos letales contra miles de personas.<\/p>\n<p> Como paradoja de la vida ese monstruo nunca pag\u00f3 por sus cr\u00edmenes. Al contrario, llev\u00f3 una vida de placidez y muri\u00f3 casi septuagenario nadando a placer en una playa de Brasil, en un paradis\u00edaco lugar llamado Bertioga, cuyo lema es \u00ablindas playas, verdes bosques, preservados con amor.\u00bb<\/p>\n<p>El campo de concentraci\u00f3n de Dachau, pueblo a menos de 50 kil\u00f3metros de la gran ciudad de M\u00fanich, en Alemania, comenz\u00f3 a operar desde el 22 de marzo de 1933, con el ascenso de Hitler al poder. <\/p>\n<p>En ese lugar tambi\u00e9n se hac\u00edan macabros experimentos de laboratorio con seres humanos, cre\u00e1ndoles enfermedades mortales.<\/p>\n<p>En los meses finales de la Segunda Guerra Mundial se termin\u00f3 el carb\u00f3n para los hornos de incineraci\u00f3n que utilizan en Dachau, motivo por el cual cuando las tropas aliadas llegaron a ese lugar encontraron que las \u00faltimas 8,000 personas asesinadas all\u00ed fueron lanzadas a fosas comunes.<\/p>\n<p>Desde el 1965 el campo de concentraci\u00f3n de Dachau fue convertido en un museo donde los visitantes conocen detalles de los momentos horripilantes que vivieron all\u00ed miles y miles de seres humanos.<\/p>\n<p>En el campo de concentraci\u00f3n de Mauthausen, en Austria, bajo ocupaci\u00f3n nazi, adem\u00e1s de otras miles de personas, fueron llevados, torturados y asesinados muchos intelectuales, artistas, escritores, pensadores y personas de principal\u00eda social y econ\u00f3mica. Uno de los suplidores de futuros cad\u00e1veres para Mauthausen fue el colaboracionista franc\u00e9s Philippe P\u00e9tain. <\/p>\n<p>El campo de concentraci\u00f3n de Sachsenhausen fue constru\u00eddo por orden de Hitler en el 1936.Inicialmente fueron recluidos all\u00ed pol\u00edticos que adversaban  al Partido Nacionalsocialista Obrero Alem\u00e1n, gobernante; as\u00ed como tambi\u00e9n a religiosos, jud\u00edos, gitanos y homosexuales. Al desatarse la Segunda Guerra Mundial sus celdas se nutrieron con prisioneros de guerra. Decenas de personas dieron all\u00ed su \u00faltimo h\u00e1lito de vida.<\/p>\n<p>Se construy\u00f3 en ese lugar un monumento con 18 tri\u00e1ngulos, para recordar las personas de esa cantidad de nacionalidades que all\u00ed murieron.<\/p>\n<p>A menos de 100 kil\u00f3metros al norte de Berl\u00edn los nazis establecieron desde mayo de 1939 un campo de concentraci\u00f3n exclusivamente para mujeres. Fue en la poblaci\u00f3n de Ravenbr\u00fcck. Miles de mujeres tuvieron que trabajar all\u00ed como esclavas y no pocas terminaron sus d\u00edas en ese t\u00e9trico lugar. <\/p>\n<p>En el 1941 le a\u00f1adieron pabellones para hombres. En el 1942 abrieron un campo adyacente para ni\u00f1as y adolescentes. Hitler no ten\u00eda ning\u00fan l\u00edmite a la hora de poner en pr\u00e1ctica sus macabras intenciones. <\/p>\n<p>La mayor\u00eda de los campos de concentraci\u00f3n creados por los nazis se convirtieron en campos de exterminio. Y no pod\u00eda ser de otra manera, pues el objetivo era que de los perseguidos no quedara nadie vivo. <\/p>\n<p><strong> <\/strong><\/p>\n<p><strong>Campos de exterminio<\/strong><\/p>\n<\/p>\n<p>Diferente a los campos de concentraci\u00f3n (que existieron antes, en otros lugares, como digo arriba)  hay que decir que los campos de exterminio tienen el sello creativo de los nazis.<\/p>\n<p>En los campos de exterminio fueron eliminadas millones de personas por  hambre, trabajos inhumanos y  especialmente por la aplicaci\u00f3n de gases sint\u00e9ticos y tambi\u00e9n venenosos. S\u00edmbolos de la muerte fueron el Gas Zyklon B y el Aktion T4.<\/p>\n<p>Ya desde mayo de 1940 los nazis estaban exterminando con gases a miles de enfermos polacos llevados para esos fines a un lugar de Polonia que los alemanes llamaban Soldau. <\/p>\n<p>Igual hicieron para entonces en otra poblaci\u00f3n polaca de nombre Chelmno, donde oper\u00f3 uno de los varios campos de exterminio en la Segunda Guerra Mundial. Fue abierto  el 7 de diciembre de 1941.<\/p>\n<p>Fue  en Chelmno donde comenz\u00f3 el uso masivo de gas venenoso. Las v\u00edctimas que all\u00ed perecieron fueron asfixiadas y luego pulverizadas en un enorme crematorio. Ese triste lugar est\u00e1 registrado como el primero dedicado a matar millares de jud\u00edos alemanes y de otros pa\u00edses europeos, as\u00ed como miles de gitanos, homosexuales y otros tipos de personas.2 <\/p>\n<p>En su ensayo titulado Los or\u00edgenes de la Soluci\u00f3n Final, el acad\u00e9mico de la Universidad de Carolina del Norte y especialista en temas del Holocausto Christopher Robert Browning hace un recuento pormenorizado de c\u00f3mo comenz\u00f3 y se desarroll\u00f3 en la Segunda Guerra Mundial el asesinato de millones de inocentes, resaltando que el diab\u00f3lico doctor en qu\u00edmica y jefe de la Polic\u00eda Criminal Alemana Albert Widmann fue uno de los principales motorizadores de las infernales c\u00e1maras de gas que comenzaron a usarse desde los primeros meses del inicio de dicha guerra.3 <\/p>\n<p>El Centro Simon Wiesenthal, inspirado en el incansable jud\u00edo austr\u00edaco que dedic\u00f3 a partir del 1945 su vida a perseguir a los grandes criminales nazis que se escaparon como ratas por el mundo, ha hecho acopio de millares de documentos sobre el horror inimaginable que sufrieron millones de personas antes de morir en los campos de exterminio. Sus archivos, que pueden ser consultados con las bondades de la cibern\u00e9tica, son una cantera inagotable de informaciones sobre la infamia de aquellos a\u00f1os tenebrosos de la Segunda Guerra Mundial. <\/p>\n<p><strong> <\/strong><\/p>\n<p><strong>Holocausto-Soluci\u00f3n Final<\/strong><\/p>\n<\/p>\n<p>Los campos de exterminio, donde se llev\u00f3 a cabo el holocausto, que los nazis llamaban con eufemismo \u00absoluci\u00f3n final\u00bb, estaban diseminados en diferentes territorios bajo el dominio directo de las fuerzas hitlerianas o de sus colabores extranjeros, como fue el caso, por ejemplo del mencionado  Philippe P\u00e9tain  que desde la ciudad de Vichy controlaba una gran parte de la Francia ocupada por los alemanes.<\/p>\n<p>Tanto los griegos como luego los latinos defin\u00edan el holocausto como \u00abgran matanza de seres humanos\u00bb,  y as\u00ed qued\u00f3 incorporado en nuestro idioma, asentado en el  Diccionario de la Lengua Espa\u00f1ola.4  <\/p>\n<p>C\u00e1lculos confirmados revelan que en esos infernales lugares de muerte perdieron la vida m\u00e1s de 11 millones de personas, de las cuales m\u00e1s de la mitad de ellas eran jud\u00edas.<\/p>\n<p>Uno de de los m\u00e1s acuciosos investigadores sobre esa fatalidad para la humanidad fue Robert Salom\u00f3n Wistrich, un brillante kazajo quien fue  profesor de historia europea y jud\u00eda en diversas universidades. Su libro titulado Hitler y el Holocausto es uno de los m\u00e1s completos sobre el asesinato de millones de personas indefensas que perdieron sus vidas en la llamada \u00absoluci\u00f3n final\u00bb. <\/p>\n<p>Wistrich hace una elocuente descripci\u00f3n de la actitud racial de los que gobernaban Alemania en la Segunda Guerra Mundial, detallando sin ambages muchas complicidades externas que permitieron que aquella barbaridad ocurriera. As\u00ed tambi\u00e9n expone de una manera met\u00f3dica el demencial comportamiento de los que idearon, organizaron y dirigieron esos antros de terror y muerte.5 <\/p>\n<p>En su obra El Tercer Reich en guerra el historiador Richard John Evans hace un dram\u00e1tico recuento de la pol\u00edtica militar y de exterminio racial y social de los nazis durante los casi seis a\u00f1os que dur\u00f3 la Segunda Guerra Mundial. El cap\u00edtulo 3 lo dedica a la llamada \u00absoluci\u00f3n final\u00bb. La base de esta decisi\u00f3n descansaba en la macabra consigna de  \u00abninguna piedad, nada.\u00bb6 <\/p>\n<p>Es oportuno se\u00f1alar que el Cuarto Convenio de Ginebra, Suiza, aprobado en una convenci\u00f3n internacional efectuada en dicha ciudad en agosto del a\u00f1o 1949  estableci\u00f3 normas legales sobre el trato para la poblaci\u00f3n civil en caso de conflictos armados.<\/p>\n<p>El art\u00edculo 13 de dicho Convenido establece, sin posibilidad de interpretaci\u00f3n anfibol\u00f3gica, que: \u00abLas disposiciones de la Parte II cubren la totalidad de las poblaciones de los pa\u00edses en conflicto, sin ninguna distinci\u00f3n de car\u00e1cter desfavorable basado, en particular, en la raza, nacionalidad, religi\u00f3n u opiniones pol\u00edticas, y est\u00e1n destinados a aliviar los sufrimientos causados por la guerra.\u00bb7 <\/p>\n<p>Desde el a\u00f1o 1993 el anterior convenio, al igual que otros tambi\u00e9n aprobados en la referida convenci\u00f3n ginebrina, fueron incluidos por la Organizaci\u00f3n de las Naciones Unidas como parte del Derecho Internacional Consuetudinario, lo que significa que su contenido es vinculante para todos los pa\u00edses del mundo, sin excepci\u00f3n.<\/p>\n<p>El  campo de concentraci\u00f3n de Auschwitz fue declarado por la UNESCO, en el 1979, como Patrimonio de la Humanidad. El prop\u00f3sito es mantener en la memoria del mundo los malvados hechos ocurridos all\u00ed.<\/p>\n<p>El referido organismo de la Organizaci\u00f3n de las Naciones Unidas indic\u00f3 en dicha ocasi\u00f3n que la resoluci\u00f3n que declaraba el lugar en esa categor\u00eda era  \u00abcomo evidencia del esfuerzo inhumano, cruel y met\u00f3dico de negar la dignidad humana a grupos considerados inferiores.\u00bb8 <\/p>\n<p>En el 2007, a petici\u00f3n de Polonia  la UNESCO  modific\u00f3 el  indicado nombre por Auschwitz-Birkenau, con el subt\u00edtulo de \u00abCampo de Concentraci\u00f3n y Exterminio Alem\u00e1n Nazi, 1940-1945.\u00bb   <\/p>\n<p><strong> <\/strong><\/p>\n<p><strong>Bibliograf\u00eda:<\/strong><\/p>\n<p>1-El mago de la guerra. Editorial Almuzara, 2007. David Fisher.<\/p>\n<p>2-Recordando la supervivencia: dentro de un campo de trabajo esclavo nazi. Editorial  Norton2011. Christopher R. Browning.<\/p>\n<p>3-Los or\u00edgenes de la Soluci\u00f3n Final. Editorial acad\u00e9mica de libros. Universidad de Nebraska-Lincoln, 2007. Christopher Robert Browning.<\/p>\n<p>4-Diccionario de la lengua espa\u00f1ola, vig\u00e9sima segunda edici\u00f3n, 2001.P828.Talleres gr\u00e1ficos de Rotapapel, 9 de octubre del 2001.<\/p>\n<p>5-Hitler y el Holocausto. Editorial Debolsillo,2015. Robert Salom\u00f3n Wistrich.<\/p>\n<p>6-El Tercer Reich en guerra. Editorial Pen\u00ednsula, Barcelona, Espa\u00f1a, octubre 2012.Pp283-365.Richard John Evans.<\/p>\n<p>7-Convenio de Ginebra relativo a la protecci\u00f3n de personas civiles en tiempos de guerra. Agosto de 1949.<\/p>\n<p>8-Resoluci\u00f3n de la UNESCO sobre Auschwitz, 1979.<\/p>\n<\/p>\n<h6> 2020-05-29 22:40:02 <\/h6>\n<p><!--\n<link rel=\"stylesheet\" href=\"css\/bootstrap.min.css\">\n\n\n<ul class=\"pagination\">\n\t    \n\t\n\n<li >\n\t<a href='?page_no=566'>Previous<\/a>\n\t<\/li>\n\n\n       \n    \n\n<li><a href='?page_no=1'>1<\/a><\/li>\n\n\n\n<li><a href='?page_no=2'>2<\/a><\/li>\n\n\n\n<li><a>...<\/a><\/li>\n\n\n\n<li><a href='?page_no=565'>565<\/a><\/li>\n\n\n\n<li><a href='?page_no=566'>566<\/a><\/li>\n\n\n\n<li class='active'><a>567<\/a><\/li>\n\n\n\n<li><a href='?page_no=568'>568<\/a><\/li>\n\n\n\n<li><a href='?page_no=569'>569<\/a><\/li>\n\n\n\n<li><a>...<\/a><\/li>\n\n\n\n<li><a href='?page_no=22911'>22911<\/a><\/li>\n\n\n\n<li><a href='?page_no=22912'>22912<\/a><\/li>\n\n    \n\t\n\n<li >\n\t<a href='?page_no=568'>Next<\/a>\n\t<\/li>\n\n\n    \n\n<li><a href='?page_no=22912'>Last &rsaquo;&rsaquo;<\/a><\/li>\n\n<\/ul>\n\n\n--><br \/>\n<\/body><\/p>\n","protected":false},"excerpt":{"rendered":"<p>Diariodominicano.com SEGUNDA GUERRA MUNDIAL: 75 A\u00d1OS DE SU FIN (III) POR TE\u00d3FILO LAPPOT ROBLES Un mago brit\u00e1nico en Egipto Cuando el mariscal del Aire Erwin Rommel fue designado para dirigir las tropas alemanas en \u00c1frica uno de sus principales objetivos era llegar hasta El Cairo y apoderarse del Canal de Suez. Los aviones alemanes fueron [&hellip;]<\/p>\n","protected":false},"author":3,"featured_media":0,"comment_status":"open","ping_status":"open","sticky":false,"template":"","format":"standard","meta":{"footnotes":""},"categories":[21],"tags":[],"class_list":["post-53428","post","type-post","status-publish","format-standard","hentry","category-cultura"],"_links":{"self":[{"href":"https:\/\/diariodominicano.com\/index.php?rest_route=\/wp\/v2\/posts\/53428","targetHints":{"allow":["GET"]}}],"collection":[{"href":"https:\/\/diariodominicano.com\/index.php?rest_route=\/wp\/v2\/posts"}],"about":[{"href":"https:\/\/diariodominicano.com\/index.php?rest_route=\/wp\/v2\/types\/post"}],"author":[{"embeddable":true,"href":"https:\/\/diariodominicano.com\/index.php?rest_route=\/wp\/v2\/users\/3"}],"replies":[{"embeddable":true,"href":"https:\/\/diariodominicano.com\/index.php?rest_route=%2Fwp%2Fv2%2Fcomments&post=53428"}],"version-history":[{"count":0,"href":"https:\/\/diariodominicano.com\/index.php?rest_route=\/wp\/v2\/posts\/53428\/revisions"}],"wp:attachment":[{"href":"https:\/\/diariodominicano.com\/index.php?rest_route=%2Fwp%2Fv2%2Fmedia&parent=53428"}],"wp:term":[{"taxonomy":"category","embeddable":true,"href":"https:\/\/diariodominicano.com\/index.php?rest_route=%2Fwp%2Fv2%2Fcategories&post=53428"},{"taxonomy":"post_tag","embeddable":true,"href":"https:\/\/diariodominicano.com\/index.php?rest_route=%2Fwp%2Fv2%2Ftags&post=53428"}],"curies":[{"name":"wp","href":"https:\/\/api.w.org\/{rel}","templated":true}]}}