{"id":534066,"date":"2024-05-29T16:46:34","date_gmt":"2024-05-29T20:46:34","guid":{"rendered":"https:\/\/diariodominicano.com\/?p=534066"},"modified":"2024-05-29T16:46:41","modified_gmt":"2024-05-29T20:46:41","slug":"dos-holandeses-implicados-en-narcotrafico-y-lavado-de-activos-fueron-extraditados-a-los-paises-bajos","status":"publish","type":"post","link":"https:\/\/diariodominicano.com\/?p=534066","title":{"rendered":"Dos holandeses implicados en narcotr\u00e1fico y lavado de activos fueron extraditados a los Pa\u00edses Bajos"},"content":{"rendered":"\n<p>diariodominicano.com<\/p>\n\n\n\n<p>Santo Domingo, R. D.,\u200229 de mayo, 2024.- La Rep\u00fablica Dominicana, a trav\u00e9s de la Procuradur\u00eda General de la Rep\u00fablica (PGR) y la Direcci\u00f3n Nacional de Control de Drogas (DNCD), entreg\u00f3 al Reino de los Pa\u00edses Bajos, a los holandeses Dennis Goedee y Urvin Laurence Wawoe (Nuto), solicitados en extradici\u00f3n por ese pa\u00eds, bajo los cargos de narcotr\u00e1fico, lavado de activos y otros cr\u00edmenes.<\/p>\n\n\n\n<p>Los holandeses fueron trasladados desde el Centro de Correcci\u00f3n y Rehabilitaci\u00f3n (CCR) de Najayo, San Crist\u00f3bal, hacia el Aeropuerto Internacional de las Am\u00e9ricas, JFPG, bajo un fuerte dispositivo de seguridad, integrado por unidades \u00e9lites, t\u00e1cticas y de reacci\u00f3n de la DNCD.<\/p>\n\n\n\n<p>Como parte del protocolo, de manera disuasiva, durante el operativo de traslado de los imputados, un helic\u00f3ptero de la Fuerza A\u00e9rea se mantuvo realizando un vuelo de vigilancia y reconocimiento durante el trayecto hacia la terminal de las Am\u00e9ricas.<\/p>\n\n\n\n<p>\u201cEn el operativo de Custodia y Traslado de Personal de Alto Riesgo participaron m\u00e1s de 70 miembros de unidades especializadas de la DNCD y la Armada, fiscales, personal de apoyo e inteligencia, un helic\u00f3ptero, as\u00ed como miembros del Cuerpo Especializado de Seguridad Aeroportuaria\u201d.<\/p>\n\n\n\n<p>Atendiendo a los decretos del Poder Ejecutivo, n\u00fameros 288-24 y 220-24, Dennis Goedee y Urvin Laurence Wawoe, fueron extraditados hacia su pa\u00eds para que respondan las acusaciones que pesan en su contra.<\/p>\n\n\n\n<p>Los extranjeros ya en el aeropuerto, fueron entregados a las autoridades de los Pa\u00edses Bajos, y fuertemente custodiados, abordaron un avi\u00f3n privado la ma\u00f1ana de este mi\u00e9rcoles, que lo traslad\u00f3 a Holanda.<\/p>\n\n\n\n<p>Las autoridades recordaron que Goedee y Laurence Wawoe fueron arrestados en abril del 2023 por su vinculaci\u00f3n a las estructuras criminales, conocida como \u00abLa Mocro Mafia\u00bb y \u00abNo Limit Soldier\u00bb, por narcotr\u00e1fico, lavado de activos y otros cr\u00edmenes, incluyendo, asesinato, secuestro, sobornos a funcionarios p\u00fablicos, disparos contra abogado de testigos protegidos, e incluso habr\u00edan amenazado al primer ministro Mark Rutte y a la princesa heredera Amalia.<\/p>\n\n\n\n<p>El arresto y extradici\u00f3n de los holandeses obedece al fortalecimiento de la cooperaci\u00f3n internacional, que mantiene la Rep\u00fablica Dominicana con los pa\u00edses aliados en la lucha contra el narcotr\u00e1fico, el lavado de activos y la criminalidad organizada transnacional, destaca un comunicado de prensa divulgado por las autoridades.<\/p>\n\n\n\n<p><strong>Direcci\u00f3n General de Comunicaci\u00f3n, Prensa, y RRPP<\/strong><\/p>\n\n\n\n<p>Ministerio P\u00fablico. R.D.<\/p>\n\n\n\n<p>Mi\u00e9rcoles, 29 de mayo de 2024.<\/p>\n","protected":false},"excerpt":{"rendered":"<p>diariodominicano.com Santo Domingo, R. D.,\u200229 de mayo, 2024.- La Rep\u00fablica Dominicana, a trav\u00e9s de la Procuradur\u00eda General de la Rep\u00fablica (PGR) y la Direcci\u00f3n Nacional de Control de Drogas (DNCD), entreg\u00f3 al Reino de los Pa\u00edses Bajos, a los holandeses Dennis Goedee y Urvin Laurence Wawoe (Nuto), solicitados en extradici\u00f3n por ese pa\u00eds, bajo los [&hellip;]<\/p>\n","protected":false},"author":5,"featured_media":534069,"comment_status":"closed","ping_status":"closed","sticky":true,"template":"","format":"standard","meta":{"footnotes":""},"categories":[24,27],"tags":[],"class_list":["post-534066","post","type-post","status-publish","format-standard","has-post-thumbnail","hentry","category-justicia-y-derecho","category-portada"],"_links":{"self":[{"href":"https:\/\/diariodominicano.com\/index.php?rest_route=\/wp\/v2\/posts\/534066","targetHints":{"allow":["GET"]}}],"collection":[{"href":"https:\/\/diariodominicano.com\/index.php?rest_route=\/wp\/v2\/posts"}],"about":[{"href":"https:\/\/diariodominicano.com\/index.php?rest_route=\/wp\/v2\/types\/post"}],"author":[{"embeddable":true,"href":"https:\/\/diariodominicano.com\/index.php?rest_route=\/wp\/v2\/users\/5"}],"replies":[{"embeddable":true,"href":"https:\/\/diariodominicano.com\/index.php?rest_route=%2Fwp%2Fv2%2Fcomments&post=534066"}],"version-history":[{"count":1,"href":"https:\/\/diariodominicano.com\/index.php?rest_route=\/wp\/v2\/posts\/534066\/revisions"}],"predecessor-version":[{"id":534070,"href":"https:\/\/diariodominicano.com\/index.php?rest_route=\/wp\/v2\/posts\/534066\/revisions\/534070"}],"wp:featuredmedia":[{"embeddable":true,"href":"https:\/\/diariodominicano.com\/index.php?rest_route=\/wp\/v2\/media\/534069"}],"wp:attachment":[{"href":"https:\/\/diariodominicano.com\/index.php?rest_route=%2Fwp%2Fv2%2Fmedia&parent=534066"}],"wp:term":[{"taxonomy":"category","embeddable":true,"href":"https:\/\/diariodominicano.com\/index.php?rest_route=%2Fwp%2Fv2%2Fcategories&post=534066"},{"taxonomy":"post_tag","embeddable":true,"href":"https:\/\/diariodominicano.com\/index.php?rest_route=%2Fwp%2Fv2%2Ftags&post=534066"}],"curies":[{"name":"wp","href":"https:\/\/api.w.org\/{rel}","templated":true}]}}