{"id":53406,"date":"2020-05-30T00:04:13","date_gmt":"2020-05-30T00:04:13","guid":{"rendered":"http:\/\/diariodominicano.ddns.net\/?p=53406"},"modified":"2020-05-30T00:04:13","modified_gmt":"2020-05-30T00:04:13","slug":"santana-toma-el-poder-tras-renuncia-del-presidente-manuel-jimenes","status":"publish","type":"post","link":"https:\/\/diariodominicano.com\/?p=53406","title":{"rendered":"Santana  toma el poder  tras renuncia del presidente Manuel Jimenes"},"content":{"rendered":"<p><body><\/p>\n<p><strong>Santana  toma el poder  tras renuncia del presidente Manuel Jimenes<\/strong><\/p>\n<p><strong>Por H\u00e9ctor Tineo Nolasco<\/strong><\/p>\n<p><strong>Diariodominicano.com<\/strong><\/p>\n<p><strong>SANTO DOMINGO,  el  30 de Mayo de 1849<\/strong>, el  general  Pedro Santana, entr\u00f3 con sus tropas a la ciudad de Santo Domingo, y  se proclam\u00f3 nuevo  presidente de la Rep\u00fablica. De esa manera logr\u00f3 el  objetivo que buscaba desde que  el 17 de Mayo encabez\u00f3  una insubordinaci\u00f3n contra el Presidente Manuel Jimenes<\/p>\n<p>    El Presidente Jimenes hab\u00eda renunciado el d\u00eda 29 de Mayo del mismo a\u00f1o 1849. <\/p>\n<p>El  General Pedro Santana dijo que tomaba el Gobierno por mandato de los pueblos y el Ej\u00e9rcito. De inmediato desat\u00f3  una campa\u00f1a de persecuci\u00f3n contra sus adversarios, y los que eran detenidos procedi\u00f3 a desterrarlos.<\/p>\n<p>    Para tratar de impedir los planes del general Santana, el Presidente Jimenes hab\u00eda declarado el 17 de Mayo de 1849, un estado de sitio en Rep\u00fablica Dominicana.<\/p>\n<p>    La crisis que dio origen al decreto que declar\u00f3 el estado de sitio, se inici\u00f3  cuando el Presidente Jimenes destituy\u00f3 al general Pedro Santana del mando del Ej\u00e9rcito, y el oficial se declar\u00f3 en rebeld\u00eda  al recibir el apoyo del Congreso Nacional.<\/p>\n<p>    En la ocasi\u00f3n, el  Congreso respald\u00f3  que el general  Santana siguiera su marcha desde el Sur hasta Santo Domingo para derrocar el Gobierno del Presidente  Jimenes.<\/p>\n<p>   El 17 de Mayo de 1849, la ciudad de Santo Domingo fue declarada en estado de sitio. Los bandos que representaban el Presidente Jimenes y el General Santana provocaron una guerra civil que tuvo como consecuencia el incendio del poblado de San Carlos.<\/p>\n<p>    Una versi\u00f3n  hist\u00f3rica  se\u00f1ala que el descr\u00e9dito pol\u00edtico oblig\u00f3 al Presidente de la Rep\u00fablica a  aceptar la mediaci\u00f3n  propuesta por los c\u00f3nsules de Francia, Inglaterra y Estados Unidos.  En esa circunstancia  Jimenes asumi\u00f3 el compromiso de dejar la Presidencia de la  Rep\u00fablica el  d\u00eda anterior,  el 29 de Mayo del mismo a\u00f1o 1849.<\/p>\n<p>    El renunciante Presidente  Jimenes sali\u00f3 al exilio el 30 de mayo.<\/p>\n<\/p>\n<h6> 2020-05-30 00:04:13 <\/h6>\n<p><!--\n<link rel=\"stylesheet\" href=\"css\/bootstrap.min.css\">\n\n\n<ul class=\"pagination\">\n\t    \n\t\n\n<li >\n\t<a href='?page_no=564'>Previous<\/a>\n\t<\/li>\n\n\n       \n    \n\n<li><a href='?page_no=1'>1<\/a><\/li>\n\n\n\n<li><a href='?page_no=2'>2<\/a><\/li>\n\n\n\n<li><a>...<\/a><\/li>\n\n\n\n<li><a href='?page_no=563'>563<\/a><\/li>\n\n\n\n<li><a href='?page_no=564'>564<\/a><\/li>\n\n\n\n<li class='active'><a>565<\/a><\/li>\n\n\n\n<li><a href='?page_no=566'>566<\/a><\/li>\n\n\n\n<li><a href='?page_no=567'>567<\/a><\/li>\n\n\n\n<li><a>...<\/a><\/li>\n\n\n\n<li><a href='?page_no=22911'>22911<\/a><\/li>\n\n\n\n<li><a href='?page_no=22912'>22912<\/a><\/li>\n\n    \n\t\n\n<li >\n\t<a href='?page_no=566'>Next<\/a>\n\t<\/li>\n\n\n    \n\n<li><a href='?page_no=22912'>Last &rsaquo;&rsaquo;<\/a><\/li>\n\n<\/ul>\n\n\n--><br \/>\n<\/body><\/p>\n","protected":false},"excerpt":{"rendered":"<p>Santana toma el poder tras renuncia del presidente Manuel Jimenes Por H\u00e9ctor Tineo Nolasco Diariodominicano.com SANTO DOMINGO, el 30 de Mayo de 1849, el general Pedro Santana, entr\u00f3 con sus tropas a la ciudad de Santo Domingo, y se proclam\u00f3 nuevo presidente de la Rep\u00fablica. De esa manera logr\u00f3 el objetivo que buscaba desde que [&hellip;]<\/p>\n","protected":false},"author":3,"featured_media":0,"comment_status":"open","ping_status":"open","sticky":false,"template":"","format":"standard","meta":{"footnotes":""},"categories":[21],"tags":[],"class_list":["post-53406","post","type-post","status-publish","format-standard","hentry","category-cultura"],"_links":{"self":[{"href":"https:\/\/diariodominicano.com\/index.php?rest_route=\/wp\/v2\/posts\/53406","targetHints":{"allow":["GET"]}}],"collection":[{"href":"https:\/\/diariodominicano.com\/index.php?rest_route=\/wp\/v2\/posts"}],"about":[{"href":"https:\/\/diariodominicano.com\/index.php?rest_route=\/wp\/v2\/types\/post"}],"author":[{"embeddable":true,"href":"https:\/\/diariodominicano.com\/index.php?rest_route=\/wp\/v2\/users\/3"}],"replies":[{"embeddable":true,"href":"https:\/\/diariodominicano.com\/index.php?rest_route=%2Fwp%2Fv2%2Fcomments&post=53406"}],"version-history":[{"count":0,"href":"https:\/\/diariodominicano.com\/index.php?rest_route=\/wp\/v2\/posts\/53406\/revisions"}],"wp:attachment":[{"href":"https:\/\/diariodominicano.com\/index.php?rest_route=%2Fwp%2Fv2%2Fmedia&parent=53406"}],"wp:term":[{"taxonomy":"category","embeddable":true,"href":"https:\/\/diariodominicano.com\/index.php?rest_route=%2Fwp%2Fv2%2Fcategories&post=53406"},{"taxonomy":"post_tag","embeddable":true,"href":"https:\/\/diariodominicano.com\/index.php?rest_route=%2Fwp%2Fv2%2Ftags&post=53406"}],"curies":[{"name":"wp","href":"https:\/\/api.w.org\/{rel}","templated":true}]}}