{"id":533992,"date":"2024-05-29T09:40:05","date_gmt":"2024-05-29T13:40:05","guid":{"rendered":"https:\/\/diariodominicano.com\/?p=533992"},"modified":"2024-05-29T17:30:07","modified_gmt":"2024-05-29T21:30:07","slug":"condenan-2-hombres-por-asociacion-en-atracos-cometidos-en-en-distintos-sectores-de-monte-plata","status":"publish","type":"post","link":"https:\/\/diariodominicano.com\/?p=533992","title":{"rendered":"Condenan 2 hombres por asociaci\u00f3n en atracos cometidos en en distintos sectores de Monte Plata"},"content":{"rendered":"\n<p>diariodominicano.com<\/p>\n\n\n\n<p>Monte Plata,\u2002R. D., 29 de mayo, 2024.- Condenas de 8 y 5 a\u00f1os de prisi\u00f3n fueron dictadas en contra de dos hombres acusados por el Ministerio P\u00fablico de asociarse a otros para cometer asaltos en distintos sectores de Monte Plata.\u00a0<\/p>\n\n\n\n<p>El Tribunal Colegiado de esta demarcaci\u00f3n en distintas audiencias conden\u00f3 a 8 a\u00f1os de prisi\u00f3n a Carlos Manuel Rodr\u00edguez Henr\u00edquez (Maguer) y a 5 a\u00f1os a Randy del Rosario Mart\u00ednez, quienes cumplir\u00e1n sus respectivas penas en el Centro de Correcci\u00f3n y Rehabilitaci\u00f3n (CCR) de Monte Plata.<\/p>\n\n\n\n<p>La acusaci\u00f3n presentada por el Ministerio P\u00fablico, representado en ambos casos por el procurador fiscal de esta provincia Jos\u00e9 del Carmen Garc\u00eda Hern\u00e1ndez, fue acogida por los jueces Hilda Nieves S\u00e1nchez Luna (presidenta del tribunal), Isa\u00edas Ronaldo Mart\u00ednez P\u00e9rez y Johanna Giselle Reyes Moquete, quienes adem\u00e1s de la imposici\u00f3n de las penas privativas de libertad, ordenaron que los dos hombres paguen las costas penales del proceso.<\/p>\n\n\n\n<p>En el caso de Rodr\u00edguez Henr\u00edquez, el expediente establece que el 23 de febrero de 2022, alrededor de las 12:00 de la noche, el acusado, conjuntamente con los nombrados Roboc\u00f3 y Bolillo (pr\u00f3fugos), se present\u00f3 al sector El Paj\u00f3n, de la Luisa Prieta, lugar donde se encontraba Ram\u00f3n Montero, un vendedor de tenis y chancletas, a quien le propusieron venderle una motocicleta y, al este resistirse a la compra, de inmediato fue atacado con un arma blanca y lo despojaron de sus pertenencias.<\/p>\n\n\n\n<p>El expediente acusatorio se\u00f1ala que Rodr\u00edguez Henr\u00edquez le dio varios planazos a la v\u00edctima por la espalda con un machete que en ese momento le facilit\u00f3 el hombre identificado como Bolillo, despoj\u00e1ndolo luego de 8 pares de tenis de diferentes marcas, una docena de chancletas y la suma de RD$8,000.00 en efectivo.<\/p>\n\n\n\n<p>Como resultado de la agresi\u00f3n, la v\u00edctima result\u00f3 con traumas m\u00faltiples y abrasiones en la espalda y muslo derecho, entre otras lesiones, se\u00f1ala el expediente instrumentado por la Fiscal\u00eda de Monte Plata.<\/p>\n\n\n\n<p>En tanto que, de Randy del Rosario Mart\u00ednez, el expediente acusatorio se\u00f1ala que el 27 de junio de 2023, a las 11::47 de la noche, mientras Jordany Mu\u00f1oz Cuello se dirig\u00eda en direcci\u00f3n Cercadillo &#8211; Yamas\u00e1 &#8211; Monte Plata, el acusado, armado con un pu\u00f1al, lo intercept\u00f3 junto a otras personas, y lo despojaron de una motocicleta marca Yamaha, color negro, la cual casi dos meses despu\u00e9s fue recuperada en poder del hoy procesado cuando transitaba por el sector La Cuesta El Jobo, del municipio Yamas\u00e1. Los asaltantes se desplazaban a bordo de un veh\u00edculo marca CRV, de color blanco, cuando cometieron la acci\u00f3n delictiva.<\/p>\n\n\n\n<p>Rodr\u00edguez Henr\u00edquez y Del Rosario Mart\u00ednez fueron hallados culpables de violar los art\u00edculos 265, 266, 379, 381, 382 y 383 del C\u00f3digo Penal Dominicano.<\/p>\n\n\n\n<p><strong>Direcci\u00f3n General de Comunicaci\u00f3n, Prensa, y RRPP<\/strong><strong><\/strong><\/p>\n\n\n\n<p>Ministerio P\u00fablico. R.D.<\/p>\n\n\n\n<p>Mi\u00e9rcoles, 29 de mayo de 2024.<\/p>\n","protected":false},"excerpt":{"rendered":"<p>diariodominicano.com Monte Plata,\u2002R. D., 29 de mayo, 2024.- Condenas de 8 y 5 a\u00f1os de prisi\u00f3n fueron dictadas en contra de dos hombres acusados por el Ministerio P\u00fablico de asociarse a otros para cometer asaltos en distintos sectores de Monte Plata.\u00a0 El Tribunal Colegiado de esta demarcaci\u00f3n en distintas audiencias conden\u00f3 a 8 a\u00f1os de [&hellip;]<\/p>\n","protected":false},"author":5,"featured_media":367901,"comment_status":"closed","ping_status":"closed","sticky":true,"template":"","format":"standard","meta":{"footnotes":""},"categories":[24,27],"tags":[],"class_list":["post-533992","post","type-post","status-publish","format-standard","has-post-thumbnail","hentry","category-justicia-y-derecho","category-portada"],"_links":{"self":[{"href":"https:\/\/diariodominicano.com\/index.php?rest_route=\/wp\/v2\/posts\/533992","targetHints":{"allow":["GET"]}}],"collection":[{"href":"https:\/\/diariodominicano.com\/index.php?rest_route=\/wp\/v2\/posts"}],"about":[{"href":"https:\/\/diariodominicano.com\/index.php?rest_route=\/wp\/v2\/types\/post"}],"author":[{"embeddable":true,"href":"https:\/\/diariodominicano.com\/index.php?rest_route=\/wp\/v2\/users\/5"}],"replies":[{"embeddable":true,"href":"https:\/\/diariodominicano.com\/index.php?rest_route=%2Fwp%2Fv2%2Fcomments&post=533992"}],"version-history":[{"count":1,"href":"https:\/\/diariodominicano.com\/index.php?rest_route=\/wp\/v2\/posts\/533992\/revisions"}],"predecessor-version":[{"id":533993,"href":"https:\/\/diariodominicano.com\/index.php?rest_route=\/wp\/v2\/posts\/533992\/revisions\/533993"}],"wp:featuredmedia":[{"embeddable":true,"href":"https:\/\/diariodominicano.com\/index.php?rest_route=\/wp\/v2\/media\/367901"}],"wp:attachment":[{"href":"https:\/\/diariodominicano.com\/index.php?rest_route=%2Fwp%2Fv2%2Fmedia&parent=533992"}],"wp:term":[{"taxonomy":"category","embeddable":true,"href":"https:\/\/diariodominicano.com\/index.php?rest_route=%2Fwp%2Fv2%2Fcategories&post=533992"},{"taxonomy":"post_tag","embeddable":true,"href":"https:\/\/diariodominicano.com\/index.php?rest_route=%2Fwp%2Fv2%2Ftags&post=533992"}],"curies":[{"name":"wp","href":"https:\/\/api.w.org\/{rel}","templated":true}]}}