{"id":53395,"date":"2020-05-30T20:02:04","date_gmt":"2020-05-30T20:02:04","guid":{"rendered":"http:\/\/diariodominicano.ddns.net\/?p=53395"},"modified":"2020-05-30T20:02:04","modified_gmt":"2020-05-30T20:02:04","slug":"continua-feria-virtual-del-libro-en-dominicana","status":"publish","type":"post","link":"https:\/\/diariodominicano.com\/?p=53395","title":{"rendered":"Contin\u00faa Feria Virtual del Libro en Dominicana"},"content":{"rendered":"<p><body><\/p>\n<p><img decoding=\"async\" src=\"img3\/FeriaVirtualLibro-dom30-5-20.jpg\" \/>  <\/p>\n<p><span class=\"text1noticias\">diariodominicano.com<\/span><\/p>\n<p><span class=\"text1noticias\"> <\/span><\/p>\n<p><span class=\"text1noticias\">Santo Domingo, 30 may (Prensa Latina) La 23 Feria Virtual Internacional del Libro de la Rep\u00fablica Dominicana, contin\u00faa hoy con charlas a trav\u00e9s de las redes sociales del Ministerio de Cultura<\/span><\/p>\n<p><span class=\"text1noticias\"> <\/span><\/p>\n<p><span class=\"text1noticias\">A las 17:00, hora local, habr\u00e1 una conversatorio denominado &#8216;La muerte de Trujillo, seg\u00fan sus ajusticiadores&#8217;, la cual estar\u00e1 a cargo de Juan Daniel Balc\u00e1cer, al cumplirse este s\u00e1bado 59 a\u00f1os del ajusticiamiento del tirano Rafael Le\u00f3nidas Trujillo.<\/span><\/p>\n<p><span class=\"text1noticias\"> <\/span><\/p>\n<p><span class=\"text1noticias\">Poco m\u00e1s tarde, se llevar\u00e1 a cabo otra charla a cargo de Laura Gil,titulada C\u00edrculos conclusos. Tres artistas y su obra, en memoria de Iv\u00e1n Tovar, Jorge Severino y El Art\u00edstico.<\/span><\/p>\n<p><span class=\"text1noticias\"> <\/span><\/p>\n<p><span class=\"text1noticias\">La v\u00edspera, el evento cultural efectu\u00f3 un Festival de cuentacuentos con Dulce Elvira de los Santos, Elizabeth Balaguer, Nelson Liriano, Esther Amaro y Gaby Compr\u00e9s, y present\u00f3 un recital de poetas hondure\u00f1os en el cual participaron, entre otros, Leonel Alvarado, Rolando Kattan, Samuel Trigueros y Fabricio Estrada.<\/span><\/p>\n<p><span class=\"text1noticias\"> <\/span><\/p>\n<p><span class=\"text1noticias\">La Feria que comenz\u00f3 el pasado 28 de mayo, cerrar\u00e1 sus puertas el pr\u00f3ximo 7 de junio.<\/span><\/p>\n<p><span class=\"text1noticias\"> <\/span><\/p>\n<p>ga\/ema<\/p>\n<h6> 2020-05-30 20:02:04 <\/h6>\n<p><!--\n<link rel=\"stylesheet\" href=\"css\/bootstrap.min.css\">\n\n\n<ul class=\"pagination\">\n\t    \n\t\n\n<li >\n\t<a href='?page_no=563'>Previous<\/a>\n\t<\/li>\n\n\n       \n    \n\n<li><a href='?page_no=1'>1<\/a><\/li>\n\n\n\n<li><a href='?page_no=2'>2<\/a><\/li>\n\n\n\n<li><a>...<\/a><\/li>\n\n\n\n<li><a href='?page_no=562'>562<\/a><\/li>\n\n\n\n<li><a href='?page_no=563'>563<\/a><\/li>\n\n\n\n<li class='active'><a>564<\/a><\/li>\n\n\n\n<li><a href='?page_no=565'>565<\/a><\/li>\n\n\n\n<li><a href='?page_no=566'>566<\/a><\/li>\n\n\n\n<li><a>...<\/a><\/li>\n\n\n\n<li><a href='?page_no=22911'>22911<\/a><\/li>\n\n\n\n<li><a href='?page_no=22912'>22912<\/a><\/li>\n\n    \n\t\n\n<li >\n\t<a href='?page_no=565'>Next<\/a>\n\t<\/li>\n\n\n    \n\n<li><a href='?page_no=22912'>Last &rsaquo;&rsaquo;<\/a><\/li>\n\n<\/ul>\n\n\n--><br \/>\n<\/body><\/p>\n","protected":false},"excerpt":{"rendered":"<p>diariodominicano.com Santo Domingo, 30 may (Prensa Latina) La 23 Feria Virtual Internacional del Libro de la Rep\u00fablica Dominicana, contin\u00faa hoy con charlas a trav\u00e9s de las redes sociales del Ministerio de Cultura A las 17:00, hora local, habr\u00e1 una conversatorio denominado &#8216;La muerte de Trujillo, seg\u00fan sus ajusticiadores&#8217;, la cual estar\u00e1 a cargo de Juan [&hellip;]<\/p>\n","protected":false},"author":3,"featured_media":0,"comment_status":"open","ping_status":"open","sticky":false,"template":"","format":"standard","meta":{"footnotes":""},"categories":[21],"tags":[],"class_list":["post-53395","post","type-post","status-publish","format-standard","hentry","category-cultura"],"_links":{"self":[{"href":"https:\/\/diariodominicano.com\/index.php?rest_route=\/wp\/v2\/posts\/53395","targetHints":{"allow":["GET"]}}],"collection":[{"href":"https:\/\/diariodominicano.com\/index.php?rest_route=\/wp\/v2\/posts"}],"about":[{"href":"https:\/\/diariodominicano.com\/index.php?rest_route=\/wp\/v2\/types\/post"}],"author":[{"embeddable":true,"href":"https:\/\/diariodominicano.com\/index.php?rest_route=\/wp\/v2\/users\/3"}],"replies":[{"embeddable":true,"href":"https:\/\/diariodominicano.com\/index.php?rest_route=%2Fwp%2Fv2%2Fcomments&post=53395"}],"version-history":[{"count":0,"href":"https:\/\/diariodominicano.com\/index.php?rest_route=\/wp\/v2\/posts\/53395\/revisions"}],"wp:attachment":[{"href":"https:\/\/diariodominicano.com\/index.php?rest_route=%2Fwp%2Fv2%2Fmedia&parent=53395"}],"wp:term":[{"taxonomy":"category","embeddable":true,"href":"https:\/\/diariodominicano.com\/index.php?rest_route=%2Fwp%2Fv2%2Fcategories&post=53395"},{"taxonomy":"post_tag","embeddable":true,"href":"https:\/\/diariodominicano.com\/index.php?rest_route=%2Fwp%2Fv2%2Ftags&post=53395"}],"curies":[{"name":"wp","href":"https:\/\/api.w.org\/{rel}","templated":true}]}}