{"id":53384,"date":"2020-05-31T08:44:11","date_gmt":"2020-05-31T08:44:11","guid":{"rendered":"http:\/\/diariodominicano.ddns.net\/?p=53384"},"modified":"2020-05-31T08:44:11","modified_gmt":"2020-05-31T08:44:11","slug":"imponen-terror-tras-la-muerte-de-trujillo-asesinan-a-los-hermanos-de-la-maza-a-segundo-imbert-y-a-rafael-augusto-sanchez","status":"publish","type":"post","link":"https:\/\/diariodominicano.com\/?p=53384","title":{"rendered":"Imponen terror tras la muerte de Trujillo. Asesinan a los hermanos de La Maza, a Segundo Imbert y a Rafael Augusto S\u00e1nchez"},"content":{"rendered":"<p><body><\/p>\n<p><img decoding=\"async\" src=\"img3\/bolivar de la maza000ar.jpg\" \/>  <\/p>\n<p><strong>Diariodominicano.com<\/strong><\/p>\n<p><strong>Imponen terror tras la muerte de Trujillo. Asesinan a los hermanos de La Maza, a Segundo Imbert y a Rafael Augusto S\u00e1nchez<\/strong><\/p>\n<p><strong>El mismo d\u00eda 31 de mayo de 1961 fueron asesinados a balazos cerca de La Victoria, en el Distrito Nacional, los presos  antitrujillistas Segundo Imbert y Rafael Augusto S\u00e1nchez.<\/strong><\/p>\n<p><strong>Por H\u00e9ctor Tineo Nolasco<\/strong><\/p>\n<p><strong>Diariodominicano.com<\/strong><\/p>\n<\/p>\n<p><strong>    LA VEGA.- El  31 de mayo de 1961,<\/strong> agentes de los servicios represivos del regimen trujillista asesinaron en La Vega, a  Mario y Bol\u00edvar de la Maza, hermanos de Antonio de la Maza, uno de los participantes en la eliminaci\u00f3n f\u00edsica del dictador Rafael Le\u00f3nidas Trujillo Molina.<\/p>\n<\/p>\n<p>    \tEl mismo d\u00eda 31 de mayo de 1961 fueron asesinados a balazos cerca de La Victoria, en el Distrito Nacional, los presos  antitrujillistas Segundo Imbert y Rafael Augusto S\u00e1nchez.<\/p>\n<\/p>\n<p>    \tLos hermanos de La Maza hab\u00edan sido detenidos en Moca, luego de conocerse la participaci\u00f3n de su hermano Antonio de la Maza en la muerte de Trujillo, en un hecho ocurrido la noche del 30 de mayo en las afueras de la ciudad de Santo Domingo, en la carretera que conduce a San Crist\u00f3bal, hoy autopista 30 de mayo.<\/p>\n<\/p>\n<p>     Segundo Imbert, hermano de Antonio Imbert Barrera, y Rafael Augusto S\u00e1nchez, cuando ocurri\u00f3 el asesinato del dictador,  se encontraban presos en el penal de La Victoria.<\/p>\n<\/p>\n<p>    \tPara justificar el crimen, los organismos de represi\u00f3n dijeron que los dos detenidos intentaron escapar, pero luego se comprob\u00f3 se trat\u00f3 de una ejecuci\u00f3n.<\/p>\n<\/p>\n<p>   \tAl conocer la muerte del dictador Trujillo, el Servicio de Inteligencia Militar (SIM) desat\u00f3 una campa\u00f1a de represi\u00f3n en los lugares donde sospechaba se ocultaban antitrujillistas. <\/p>\n<\/p>\n<p>      \tEn el ataque que termin\u00f3 con la vida del dictador Trujillo,  adem\u00e1s de  Antonio De la Maza,  participaron Juan Tom\u00e1s D\u00edaz, Antonio Imbert Barrera, Modesto D\u00edaz, Pedro Livio Cede\u00f1o, Salvador Estrella Sahdal\u00e1, Roberto Pastoriza,  Hu\u00e1scar Tejeda,  y el teniente Amado Garc\u00eda, que pertenec\u00eda a la Guardia Presidencial.<\/p>\n<\/p>\n<p>    \tEn el plan contra Trujillo, tambi\u00e9n participaron Luis Amiama Ti\u00f3 y Luis Manuel ?Tunti- C\u00e1ceres, pero la noche del ataque no estuvieron presentes  porque cumpl\u00edan otras actividades.  <\/p>\n<p>    \tEl dictador Trujillo muri\u00f3 en el lugar  donde hoy est\u00e1 el monumento a los H\u00e9roes del 30 de  Mayo, en la autopista del mismo nombre, en la zona sur de la Capital. <\/p>\n<p>     \tLos conjurados levantaron el cad\u00e1ver  y lo llevaron  a  la residencia de Juan Tom\u00e1s D\u00edaz, en la calle C\u00e9sar Nicol\u00e1s Penson, en el sector Gazcue de la ciudad de Santo Domingo, donde lo encontraron agentes del Servicio de Inteligencia Militar (SIM). <\/p>\n<p>     \tZacar\u00edas de la Cruz, chofer de Trujillo, sufri\u00f3 m\u00faltiples heridas de bala, pero sobrevivi\u00f3.<\/p>\n<p>    \tDel grupo que mat\u00f3 al dictador sufrieron heridas Pedro Livio Cede\u00f1o, Amado Garc\u00eda Guerrero y Antonio Imbert Barrera, pero el \u00fanico que requiri\u00f3 asistencia especializada fue Pedro Livio Cede\u00f1o, el primero en caer prisionero.<\/p>\n<p>     \tAntonio Imbert Barrera y Luis Amiama Ti\u00f3,  lograron permanecer ocultos hasta que termin\u00f3 la persecuci\u00f3n en su contra, pero los dem\u00e1s fueron muertos por agentes de la dictadura y el hijo del dictador Ramfi Trujillo. <\/p>\n<p>     \tLa dictadura de Trujillo se prolong\u00f3 por m\u00e1s de 30  a\u00f1os.  <\/p>\n<\/p>\n<\/p>\n<\/p>\n<h6> 2020-05-31 08:44:11 <\/h6>\n<p><!--\n<link rel=\"stylesheet\" href=\"css\/bootstrap.min.css\">\n\n\n<ul class=\"pagination\">\n\t    \n\t\n\n<li >\n\t<a href='?page_no=562'>Previous<\/a>\n\t<\/li>\n\n\n       \n    \n\n<li><a href='?page_no=1'>1<\/a><\/li>\n\n\n\n<li><a href='?page_no=2'>2<\/a><\/li>\n\n\n\n<li><a>...<\/a><\/li>\n\n\n\n<li><a href='?page_no=561'>561<\/a><\/li>\n\n\n\n<li><a href='?page_no=562'>562<\/a><\/li>\n\n\n\n<li class='active'><a>563<\/a><\/li>\n\n\n\n<li><a href='?page_no=564'>564<\/a><\/li>\n\n\n\n<li><a href='?page_no=565'>565<\/a><\/li>\n\n\n\n<li><a>...<\/a><\/li>\n\n\n\n<li><a href='?page_no=22911'>22911<\/a><\/li>\n\n\n\n<li><a href='?page_no=22912'>22912<\/a><\/li>\n\n    \n\t\n\n<li >\n\t<a href='?page_no=564'>Next<\/a>\n\t<\/li>\n\n\n    \n\n<li><a href='?page_no=22912'>Last &rsaquo;&rsaquo;<\/a><\/li>\n\n<\/ul>\n\n\n--><br \/>\n<\/body><\/p>\n","protected":false},"excerpt":{"rendered":"<p>Diariodominicano.com Imponen terror tras la muerte de Trujillo. Asesinan a los hermanos de La Maza, a Segundo Imbert y a Rafael Augusto S\u00e1nchez El mismo d\u00eda 31 de mayo de 1961 fueron asesinados a balazos cerca de La Victoria, en el Distrito Nacional, los presos antitrujillistas Segundo Imbert y Rafael Augusto S\u00e1nchez. Por H\u00e9ctor Tineo [&hellip;]<\/p>\n","protected":false},"author":3,"featured_media":0,"comment_status":"open","ping_status":"open","sticky":false,"template":"","format":"standard","meta":{"footnotes":""},"categories":[21],"tags":[],"class_list":["post-53384","post","type-post","status-publish","format-standard","hentry","category-cultura"],"_links":{"self":[{"href":"https:\/\/diariodominicano.com\/index.php?rest_route=\/wp\/v2\/posts\/53384","targetHints":{"allow":["GET"]}}],"collection":[{"href":"https:\/\/diariodominicano.com\/index.php?rest_route=\/wp\/v2\/posts"}],"about":[{"href":"https:\/\/diariodominicano.com\/index.php?rest_route=\/wp\/v2\/types\/post"}],"author":[{"embeddable":true,"href":"https:\/\/diariodominicano.com\/index.php?rest_route=\/wp\/v2\/users\/3"}],"replies":[{"embeddable":true,"href":"https:\/\/diariodominicano.com\/index.php?rest_route=%2Fwp%2Fv2%2Fcomments&post=53384"}],"version-history":[{"count":0,"href":"https:\/\/diariodominicano.com\/index.php?rest_route=\/wp\/v2\/posts\/53384\/revisions"}],"wp:attachment":[{"href":"https:\/\/diariodominicano.com\/index.php?rest_route=%2Fwp%2Fv2%2Fmedia&parent=53384"}],"wp:term":[{"taxonomy":"category","embeddable":true,"href":"https:\/\/diariodominicano.com\/index.php?rest_route=%2Fwp%2Fv2%2Fcategories&post=53384"},{"taxonomy":"post_tag","embeddable":true,"href":"https:\/\/diariodominicano.com\/index.php?rest_route=%2Fwp%2Fv2%2Ftags&post=53384"}],"curies":[{"name":"wp","href":"https:\/\/api.w.org\/{rel}","templated":true}]}}