{"id":53373,"date":"2020-05-31T09:01:22","date_gmt":"2020-05-31T09:01:22","guid":{"rendered":"http:\/\/diariodominicano.ddns.net\/?p=53373"},"modified":"2020-05-31T09:01:22","modified_gmt":"2020-05-31T09:01:22","slug":"rechazan-otorgar-rangos-militares-a-los-trinitarios","status":"publish","type":"post","link":"https:\/\/diariodominicano.com\/?p=53373","title":{"rendered":"Rechazan otorgar rangos militares a los trinitarios"},"content":{"rendered":"<p><body><\/p>\n<p><strong>Rechazan otorgar rangos militares a los trinitarios <\/strong><\/p>\n<p> Juan Pablo Duarte y un grupo de trinitarios  se reunieron  con la guarnici\u00f3n de la Fortaleza Ozama, y lograron que 56 oficiales activos firmaran un documento dirigido a la Junta Central  Gubernativa, para solicitarle que Duarte  fuera nombrado General en Jefe del Ej\u00e9rcito, y los dem\u00e1s trinitarios, incluidos los pr\u00f3ceres Francisco del Rosario S\u00e1nchez y Mat\u00edas Ram\u00f3n Mella, fueran nombrados Generales de Divisi\u00f3n o Generales de Brigada.<\/p>\n<p><strong>Por HTN<\/strong><\/p>\n<p><strong>Diariodominicano.com<\/strong><\/p>\n<p><strong>SANTO DOMINGO, el  31 de Mayo de 1844<\/strong>, Juan Pablo Duarte y un grupo de sus seguidores iniciaron un plan con el prop\u00f3sito de tomar el poder en  Rep\u00fablica Dominicana, porque hab\u00eda ca\u00eddo en manos de los grupos conservadores que representaba el Presidente de la Junta Central Gubernativa, Tom\u00e1s Bobadilla y Briones, quien favorec\u00eda la idea de que la Naci\u00f3n pasara a ser un protectorado de Francia.<\/p>\n<\/p>\n<p>   Juan Pablo Duarte y un grupo de trinitarios  se reunieron  con la guarnici\u00f3n de la Fortaleza Ozama, y lograron que 56 oficiales activos firmaran un documento dirigido a la Junta Central  Gubernativa, para solicitarle que Duarte  fuera nombrado General en Jefe del Ej\u00e9rcito, y los dem\u00e1s trinitarios, incluidos los pr\u00f3ceres Francisco del Rosario S\u00e1nchez y Mat\u00edas Ram\u00f3n Mella, fueran nombrados Generales de Divisi\u00f3n o Generales de Brigada.<\/p>\n<\/p>\n<p>    \tDe esa manera, Juan Pablo Duarte y sus seguidores trataban de frenar el avance del grupo conservador que controlaba la Junta Central Gubernativa y desplazar al General Pedro Santana  del control de las Fuerzas Armadas.<\/p>\n<\/p>\n<p>      \tLa petici\u00f3n de los trinitarios fue rechazada por la Junta Central Gubernativa, que expres\u00f3 al respecto: \u00abHabiendo cesado por ahora las hostilidades no ha lugar al aumento de grado que varios oficiales solicitan\u00bb en favor de Duarte, S\u00e1nchez, Mella, y Villanueva.<\/p>\n<\/p>\n<p>      Asimismo, advirti\u00f3: \u00abLa Junta declara que no nombrar\u00e1 en lo adelante m\u00e1s oficiales generales, para estar en armon\u00eda  con los principios del  Manifiesto del 16 de Enero del presente a\u00f1o\u00bb.<\/p>\n<\/p>\n<p>     \tDecisiones posteriores de la Junta Central Gubernativa, prueban que su reacci\u00f3n fue un simple pretexto para rechazar la petici\u00f3n de los trinitarios. En efecto, el d\u00eda 1 de junio, es decir, un d\u00eda despu\u00e9s de su rechazo, volvi\u00f3 a pedir la protecci\u00f3n pol\u00edtica y militar de Francia, para defenderse de los haitianos.<\/p>\n<\/p>\n<h6> 2020-05-31 09:01:22 <\/h6>\n<p><!--\n<link rel=\"stylesheet\" href=\"css\/bootstrap.min.css\">\n\n\n<ul class=\"pagination\">\n\t    \n\t\n\n<li >\n\t<a href='?page_no=561'>Previous<\/a>\n\t<\/li>\n\n\n       \n    \n\n<li><a href='?page_no=1'>1<\/a><\/li>\n\n\n\n<li><a href='?page_no=2'>2<\/a><\/li>\n\n\n\n<li><a>...<\/a><\/li>\n\n\n\n<li><a href='?page_no=560'>560<\/a><\/li>\n\n\n\n<li><a href='?page_no=561'>561<\/a><\/li>\n\n\n\n<li class='active'><a>562<\/a><\/li>\n\n\n\n<li><a href='?page_no=563'>563<\/a><\/li>\n\n\n\n<li><a href='?page_no=564'>564<\/a><\/li>\n\n\n\n<li><a>...<\/a><\/li>\n\n\n\n<li><a href='?page_no=22911'>22911<\/a><\/li>\n\n\n\n<li><a href='?page_no=22912'>22912<\/a><\/li>\n\n    \n\t\n\n<li >\n\t<a href='?page_no=563'>Next<\/a>\n\t<\/li>\n\n\n    \n\n<li><a href='?page_no=22912'>Last &rsaquo;&rsaquo;<\/a><\/li>\n\n<\/ul>\n\n\n--><br \/>\n<\/body><\/p>\n","protected":false},"excerpt":{"rendered":"<p>Rechazan otorgar rangos militares a los trinitarios Juan Pablo Duarte y un grupo de trinitarios se reunieron con la guarnici\u00f3n de la Fortaleza Ozama, y lograron que 56 oficiales activos firmaran un documento dirigido a la Junta Central Gubernativa, para solicitarle que Duarte fuera nombrado General en Jefe del Ej\u00e9rcito, y los dem\u00e1s trinitarios, incluidos [&hellip;]<\/p>\n","protected":false},"author":3,"featured_media":0,"comment_status":"open","ping_status":"open","sticky":false,"template":"","format":"standard","meta":{"footnotes":""},"categories":[21],"tags":[],"class_list":["post-53373","post","type-post","status-publish","format-standard","hentry","category-cultura"],"_links":{"self":[{"href":"https:\/\/diariodominicano.com\/index.php?rest_route=\/wp\/v2\/posts\/53373","targetHints":{"allow":["GET"]}}],"collection":[{"href":"https:\/\/diariodominicano.com\/index.php?rest_route=\/wp\/v2\/posts"}],"about":[{"href":"https:\/\/diariodominicano.com\/index.php?rest_route=\/wp\/v2\/types\/post"}],"author":[{"embeddable":true,"href":"https:\/\/diariodominicano.com\/index.php?rest_route=\/wp\/v2\/users\/3"}],"replies":[{"embeddable":true,"href":"https:\/\/diariodominicano.com\/index.php?rest_route=%2Fwp%2Fv2%2Fcomments&post=53373"}],"version-history":[{"count":0,"href":"https:\/\/diariodominicano.com\/index.php?rest_route=\/wp\/v2\/posts\/53373\/revisions"}],"wp:attachment":[{"href":"https:\/\/diariodominicano.com\/index.php?rest_route=%2Fwp%2Fv2%2Fmedia&parent=53373"}],"wp:term":[{"taxonomy":"category","embeddable":true,"href":"https:\/\/diariodominicano.com\/index.php?rest_route=%2Fwp%2Fv2%2Fcategories&post=53373"},{"taxonomy":"post_tag","embeddable":true,"href":"https:\/\/diariodominicano.com\/index.php?rest_route=%2Fwp%2Fv2%2Ftags&post=53373"}],"curies":[{"name":"wp","href":"https:\/\/api.w.org\/{rel}","templated":true}]}}