{"id":533692,"date":"2024-05-28T01:03:01","date_gmt":"2024-05-28T05:03:01","guid":{"rendered":"https:\/\/diariodominicano.com\/?p=533692"},"modified":"2024-06-17T17:28:20","modified_gmt":"2024-06-17T21:28:20","slug":"prosigue-en-antigua-y-barbuda-conferencia-sobre-estados-insulares","status":"publish","type":"post","link":"https:\/\/diariodominicano.com\/?p=533692","title":{"rendered":"Prosigue en Antigua y Barbuda conferencia sobre estados insulares"},"content":{"rendered":"\n<p>Saint John, 28 may (Prensa Latina) Discursos en plenaria y dos debates interactivos figuran en el programa de la segunda jornada de la IV Conferencia Internacional sobre los Peque\u00f1os Estados Insulares en Desarrollo (PEID), que sesiona aqu\u00ed con representantes de unas 40 naciones.<\/p>\n\n\n\n<p>Trazando el rumbo hacia una prosperidad resiliente es el lema de la cita que se celebra hasta el pr\u00f3ximo jueves en las islas caribe\u00f1as de Antigua y Barbuda, y prosigue en esta jornada con el debate sobre la revitalizaci\u00f3n de las econom\u00edas de los PEID: hacia su crecimiento acelerado y sostenible.<\/p>\n\n\n\n<p>Los PEID son un grupo de naciones insulares de baja altitud que albergan aproximadamente a 65 millones de personas que viven en m\u00e1s de mil islas, muchas de ellas en el Caribe.<\/p>\n\n\n\n<p>Los 39 pa\u00edses que integran el grupo representan algunas de las poblaciones m\u00e1s vulnerables del planeta y se enfrentan a una serie de retos \u00fanicos.<\/p>\n\n\n\n<p>Su peque\u00f1o tama\u00f1o, su lejan\u00eda geogr\u00e1fica y su escasa base de recursos y exportaciones los hacen vulnerables a crisis econ\u00f3micas, sociales y medioambientales ex\u00f3genas, resaltan expertos.<\/p>\n\n\n\n<p>A juicio de especialistas, los PEID est\u00e1n en primera l\u00ednea de la crisis clim\u00e1tica, pero tambi\u00e9n est\u00e1n a la vanguardia de las soluciones clim\u00e1ticas. Muchos de ellos han asumido firmes compromisos pol\u00edticos para lograr un futuro con cero emisiones netas de carbono y resistente al cambio clim\u00e1tico.<\/p>\n\n\n\n<p>Est\u00e1n en la primera l\u00ednea de una batalla contra una confluencia de crisis que no provocaron ni crearon ellos, afirm\u00f3 el primer ministro de Antigua y Barbuda, Gaston Browne, en la apertura de la conferencia, a la que asisti\u00f3 el secretario general de Naciones Unidas, Antonio Guterres.<\/p>\n\n\n\n<p>La principal de estas crisis: los desastres clim\u00e1ticos que se multiplican en un mundo que se acerca a un calentamiento de +1,5\u00b0C, el l\u00edmite m\u00e1s ambicioso del Acuerdo de Par\u00eds de 2015, subray\u00f3.<\/p>\n\n\n\n<p>Los principales culpables del cambio clim\u00e1tico han fracasado en sus obligaciones de limitar sus efectos, perjudicando gravemente a los PEID y a nuestro planeta en general, insisti\u00f3.<\/p>\n\n\n\n<p>lam\/alb<\/p>\n","protected":false},"excerpt":{"rendered":"<p>Saint John, 28 may (Prensa Latina) Discursos en plenaria y dos debates interactivos figuran en el programa de la segunda jornada de la IV Conferencia Internacional sobre los Peque\u00f1os Estados Insulares en Desarrollo (PEID), que sesiona aqu\u00ed con representantes de unas 40 naciones. Trazando el rumbo hacia una prosperidad resiliente es el lema de la [&hellip;]<\/p>\n","protected":false},"author":28,"featured_media":538518,"comment_status":"closed","ping_status":"closed","sticky":false,"template":"","format":"standard","meta":{"footnotes":""},"categories":[25,23],"tags":[],"class_list":["post-533692","post","type-post","status-publish","format-standard","has-post-thumbnail","hentry","category-gente","category-internacional"],"_links":{"self":[{"href":"https:\/\/diariodominicano.com\/index.php?rest_route=\/wp\/v2\/posts\/533692","targetHints":{"allow":["GET"]}}],"collection":[{"href":"https:\/\/diariodominicano.com\/index.php?rest_route=\/wp\/v2\/posts"}],"about":[{"href":"https:\/\/diariodominicano.com\/index.php?rest_route=\/wp\/v2\/types\/post"}],"author":[{"embeddable":true,"href":"https:\/\/diariodominicano.com\/index.php?rest_route=\/wp\/v2\/users\/28"}],"replies":[{"embeddable":true,"href":"https:\/\/diariodominicano.com\/index.php?rest_route=%2Fwp%2Fv2%2Fcomments&post=533692"}],"version-history":[{"count":2,"href":"https:\/\/diariodominicano.com\/index.php?rest_route=\/wp\/v2\/posts\/533692\/revisions"}],"predecessor-version":[{"id":538509,"href":"https:\/\/diariodominicano.com\/index.php?rest_route=\/wp\/v2\/posts\/533692\/revisions\/538509"}],"wp:featuredmedia":[{"embeddable":true,"href":"https:\/\/diariodominicano.com\/index.php?rest_route=\/wp\/v2\/media\/538518"}],"wp:attachment":[{"href":"https:\/\/diariodominicano.com\/index.php?rest_route=%2Fwp%2Fv2%2Fmedia&parent=533692"}],"wp:term":[{"taxonomy":"category","embeddable":true,"href":"https:\/\/diariodominicano.com\/index.php?rest_route=%2Fwp%2Fv2%2Fcategories&post=533692"},{"taxonomy":"post_tag","embeddable":true,"href":"https:\/\/diariodominicano.com\/index.php?rest_route=%2Fwp%2Fv2%2Ftags&post=533692"}],"curies":[{"name":"wp","href":"https:\/\/api.w.org\/{rel}","templated":true}]}}