{"id":533678,"date":"2024-05-28T00:45:34","date_gmt":"2024-05-28T04:45:34","guid":{"rendered":"https:\/\/diariodominicano.com\/?p=533678"},"modified":"2024-05-28T02:59:02","modified_gmt":"2024-05-28T06:59:02","slug":"biden-honra-a-los-soldados-caidos-durante-la-ceremonia-del-memorial-day-en-el-cementerio-nacional-de-arlington","status":"publish","type":"post","link":"https:\/\/diariodominicano.com\/?p=533678","title":{"rendered":"Biden honra a los soldados ca\u00eddos durante la ceremonia del Memorial Day en el Cementerio Nacional de Arlington"},"content":{"rendered":"\n<p>Voz de Am\u00e9rica <\/p>\n\n\n\n<p>El presidente Joe Biden coloc\u00f3 una corona de flores en la Tumba del Soldado Desconocido en una ceremonia solemne, donde estuvo acompa\u00f1ado por la vicepresidenta Kamala Harris y el secretario de Defensa, Lloyd Austin.<\/p>\n\n\n\n<p>El presidente de Estados Unidos, Joe Biden, honr\u00f3 a los soldados ca\u00eddos durante la celebraci\u00f3n n\u00famero 156 del D\u00eda de los Ca\u00eddos en el Cementerio Nacional de Arlington, en las afueras de la capital del pa\u00eds, el lunes.<\/p>\n\n\n\n<p>Biden coloc\u00f3 una corona de flores en la Tumba del Soldado Desconocido en una ceremonia solemne, donde estuvo acompa\u00f1ado por la vicepresidenta Kamala Harris y el secretario de Defensa, Lloyd Austin.<\/p>\n\n\n\n<p>\u00abNos reunimos en este lugar sagrado, en este momento solemne, para recordar, para honrar el sacrificio de los cientos de miles de mujeres y hombres que han dado sus vidas por esta naci\u00f3n\u00bb, dijo Biden despu\u00e9s en el anfiteatro del cementerio.<\/p>\n\n\n\n<figure class=\"wp-block-image\"><img decoding=\"async\" src=\"https:\/\/gdb.voanews.com\/01000000-0aff-0242-1901-08dc7e62bfc0_w650_r0_s.jpg\" alt=\"El presidente Joe Biden, la vicepresidenta Kamala Harris, el secretario de Defensa Lloyd Austin y el comandante general del Ej\u00e9rcito, mayor general Trevor J. Bredenkamp, asisten a una ceremonia en el D\u00eda de los Ca\u00eddos en el Cementerio Nacional de Arlington, 27 de mayo de 2024.\"\/><figcaption class=\"wp-element-caption\">El presidente Joe Biden, la vicepresidenta Kamala Harris, el secretario de Defensa Lloyd Austin y el comandante general del Ej\u00e9rcito, mayor general Trevor J. Bredenkamp, asisten a una ceremonia en el D\u00eda de los Ca\u00eddos en el Cementerio Nacional de Arlington, 27 de mayo de 2024.<\/figcaption><\/figure>\n\n\n\n<p>M\u00e1s temprano ese mismo d\u00eda, Biden organiz\u00f3 un desayuno en la Casa Blanca en honor del D\u00eda de los Ca\u00eddos en el que participaron funcionarios de la administraci\u00f3n, l\u00edderes militares, veteranos y miembros de la llamada familia Gold Star, en referencia a aquellos que han perdido a un pariente inmediato en una acci\u00f3n militar.<\/p>\n\n\n\n<p>La ceremonia del D\u00eda de los Ca\u00eddos es la \u00faltima de una serie de eventos en los que Biden se ha centrado en el personal militar activo y retirado, incluido el discurso de graduaci\u00f3n el s\u00e1bado en la Academia Militar de Estados Unidos en West Point, Nueva York.<\/p>\n\n\n\n<p>La pr\u00f3xima semana, el presidente viajar\u00e1 a Normand\u00eda, Francia, para participar en las ceremonias que conmemoran el 80 aniversario de la invasi\u00f3n del D\u00eda D. Se espera que d\u00e9 un importante discurso sobre el hero\u00edsmo de las fuerzas aliadas en la Segunda Guerra Mundial y las continuas amenazas a la democracia actual <\/p>\n\n\n\n<p>El jueves se cumplir\u00e1 el noveno aniversario de la muerte del hijo de Biden, Beau, quien sirvi\u00f3 en Irak como parte de la Guardia Nacional de Delaware. Beau muri\u00f3 de glioblastoma, una forma muy agresiva de c\u00e1ncer cerebral que su padre cree que posiblemente fue consecuencia de la exposici\u00f3n a fosas militares en Irak.<\/p>\n\n\n\n<p>\u00abEsta semana se cumplen nueve a\u00f1os desde que perd\u00ed a mi hijo Beau\u00bb, dijo Biden. \u00abNuestras p\u00e9rdidas no son las mismas. \u00c9l no muri\u00f3 en el campo de batalla. Fue v\u00edctima de c\u00e1ncer.<\/p>\n\n\n\n<p>\u00abEl dolor de su p\u00e9rdida est\u00e1 conmigo todos los d\u00edas&#8230; al igual que el orgullo por su servicio\u00bb, dijo el presidente.<\/p>\n\n\n\n<p>En el D\u00eda de los Ca\u00eddos, cada tumba en Arlington tiene una peque\u00f1a bandera estadounidense cuidadosamente colocada exactamente a una distancia de una bota de la l\u00e1pida. Las banderas fueron colocadas por 1.500 soldados del 3er Regimiento de Infanter\u00eda del Ej\u00e9rcito, m\u00e1s conocido como La Vieja Guardia. El regimiento ha llevado a cabo la tradici\u00f3n, conocida como \u201cBanderas adentro\u201d, justo antes del D\u00eda de los Ca\u00eddos todos los a\u00f1os desde 1948, cuando fue designado como unidad ceremonial oficial del Ej\u00e9rcito.<\/p>\n\n\n\n<p><em>[Con informaci\u00f3n de Reuters]<\/em><\/p>\n","protected":false},"excerpt":{"rendered":"<p>Voz de Am\u00e9rica El presidente Joe Biden coloc\u00f3 una corona de flores en la Tumba del Soldado Desconocido en una ceremonia solemne, donde estuvo acompa\u00f1ado por la vicepresidenta Kamala Harris y el secretario de Defensa, Lloyd Austin. El presidente de Estados Unidos, Joe Biden, honr\u00f3 a los soldados ca\u00eddos durante la celebraci\u00f3n n\u00famero 156 del [&hellip;]<\/p>\n","protected":false},"author":28,"featured_media":533712,"comment_status":"closed","ping_status":"closed","sticky":false,"template":"","format":"standard","meta":{"footnotes":""},"categories":[36,26,23,27],"tags":[],"class_list":["post-533678","post","type-post","status-publish","format-standard","has-post-thumbnail","hentry","category-hombresmujeresycosas","category-efemerides","category-internacional","category-portada"],"_links":{"self":[{"href":"https:\/\/diariodominicano.com\/index.php?rest_route=\/wp\/v2\/posts\/533678","targetHints":{"allow":["GET"]}}],"collection":[{"href":"https:\/\/diariodominicano.com\/index.php?rest_route=\/wp\/v2\/posts"}],"about":[{"href":"https:\/\/diariodominicano.com\/index.php?rest_route=\/wp\/v2\/types\/post"}],"author":[{"embeddable":true,"href":"https:\/\/diariodominicano.com\/index.php?rest_route=\/wp\/v2\/users\/28"}],"replies":[{"embeddable":true,"href":"https:\/\/diariodominicano.com\/index.php?rest_route=%2Fwp%2Fv2%2Fcomments&post=533678"}],"version-history":[{"count":3,"href":"https:\/\/diariodominicano.com\/index.php?rest_route=\/wp\/v2\/posts\/533678\/revisions"}],"predecessor-version":[{"id":533716,"href":"https:\/\/diariodominicano.com\/index.php?rest_route=\/wp\/v2\/posts\/533678\/revisions\/533716"}],"wp:featuredmedia":[{"embeddable":true,"href":"https:\/\/diariodominicano.com\/index.php?rest_route=\/wp\/v2\/media\/533712"}],"wp:attachment":[{"href":"https:\/\/diariodominicano.com\/index.php?rest_route=%2Fwp%2Fv2%2Fmedia&parent=533678"}],"wp:term":[{"taxonomy":"category","embeddable":true,"href":"https:\/\/diariodominicano.com\/index.php?rest_route=%2Fwp%2Fv2%2Fcategories&post=533678"},{"taxonomy":"post_tag","embeddable":true,"href":"https:\/\/diariodominicano.com\/index.php?rest_route=%2Fwp%2Fv2%2Ftags&post=533678"}],"curies":[{"name":"wp","href":"https:\/\/api.w.org\/{rel}","templated":true}]}}