{"id":533659,"date":"2024-05-28T00:18:53","date_gmt":"2024-05-28T04:18:53","guid":{"rendered":"https:\/\/diariodominicano.com\/?p=533659"},"modified":"2024-05-28T00:25:57","modified_gmt":"2024-05-28T04:25:57","slug":"guino-sociologico-a-otro-futbol-posible-un-campeon-antirracista","status":"publish","type":"post","link":"https:\/\/diariodominicano.com\/?p=533659","title":{"rendered":"Gui\u00f1o sociol\u00f3gico a otro f\u00fatbol posible Un campe\u00f3n antirracista"},"content":{"rendered":"\n<p>Young Boys campe\u00f3n suizo de f\u00fatbol. La victoria el s\u00e1bado 25 de mayo contra Winterthur Foto Sergio Ferrari<\/p>\n\n\n\n<figure class=\"wp-block-image size-full\"><img loading=\"lazy\" decoding=\"async\" width=\"910\" height=\"607\" src=\"https:\/\/diariodominicano.com\/wp-content\/uploads\/2024\/05\/Jornada-en-abril-pasado-contra-el-racismo-en-el-partido-que-Young-Boys-jugo-como-local-contra-Grasshopper-de-Zurich-Foto-YB-for-ever.jpg\" alt=\"\" class=\"wp-image-533661\" srcset=\"https:\/\/diariodominicano.com\/wp-content\/uploads\/2024\/05\/Jornada-en-abril-pasado-contra-el-racismo-en-el-partido-que-Young-Boys-jugo-como-local-contra-Grasshopper-de-Zurich-Foto-YB-for-ever.jpg 910w, https:\/\/diariodominicano.com\/wp-content\/uploads\/2024\/05\/Jornada-en-abril-pasado-contra-el-racismo-en-el-partido-que-Young-Boys-jugo-como-local-contra-Grasshopper-de-Zurich-Foto-YB-for-ever-300x200.jpg 300w, https:\/\/diariodominicano.com\/wp-content\/uploads\/2024\/05\/Jornada-en-abril-pasado-contra-el-racismo-en-el-partido-que-Young-Boys-jugo-como-local-contra-Grasshopper-de-Zurich-Foto-YB-for-ever-768x512.jpg 768w, https:\/\/diariodominicano.com\/wp-content\/uploads\/2024\/05\/Jornada-en-abril-pasado-contra-el-racismo-en-el-partido-que-Young-Boys-jugo-como-local-contra-Grasshopper-de-Zurich-Foto-YB-for-ever-816x544.jpg 816w\" sizes=\"auto, (max-width: 910px) 100vw, 910px\" \/><\/figure>\n\n\n\n<p><strong><br><br><\/strong>Jornada en <strong>abril pasado contra el racismo.<\/strong><\/p>\n\n\n\n<p><strong>Sergio Ferrari, desde Berna, Suiza<br><br><\/strong><strong>Aunque no deslumbr\u00f3 est\u00e9ticamente, Young Boys (YB) fue el m\u00e1s regular durante toda la temporada y se coron\u00f3 campe\u00f3n de f\u00fatbol helv\u00e9tico. Fue la sexta victoria en los \u00faltimos siete a\u00f1os del equipo capitalino que ratific\u00f3 nuevamente, sus valores solidarios, antirracistas y contra la homofobia.<br><br><\/strong>Pitazo final en el Estadio bern\u00e9s de Wankdorf pasadas las diez de la noche del s\u00e1bado 25 de mayo y un festejo que arranc\u00f3 en la misma cancha, se prolong\u00f3 durante horas y culmin\u00f3 con la fiesta ciudadana del d\u00eda siguiente. La marcha multitudinaria de la tarde del domingo desde el estadio hasta la\u00a0<em>Bundesplatz\u00a0<\/em>(Plaza Federal), frente a la sede del Gobierno nacional \u2013lugar emblem\u00e1tico de las grandes manifestaciones sociales, sindicales y culturales del pa\u00eds&#8211;, se transform\u00f3 en un desbordante festejo popular, sin excesos y con un programa minutado al mejor estilo helv\u00e9tico.<br><br>Hab\u00eda motivos para la fiesta: quedaban atr\u00e1s casi 40 partidos jugados en 9 meses, sin contar los otros, de nivel continental, que le permitieron disputar a Young Boys la ronda clasificatoria y luego la fase de grupos de la prestigiosa Champions League, recibiendo en su casa bernesa al campe\u00f3n en t\u00edtulo Manchester City, al Leipzig alem\u00e1n y al Estrella Roja de Belgrado. Momentos deportivos fuertes para el f\u00fatbol suizo que se ubica actualmente en la 13ra plaza (avanzando hacia el puesto 12) de la clasificaci\u00f3n quinquenal por clubes de la UEFA (Asociaci\u00f3n Europea de F\u00fatbol) entre las 55 naciones del continente que la integran (<em><a href=\"https:\/\/www.sfl-org.ch\/fr\/news\/news\/article\/la-situation-des-clubs-suisses-pour-les-competitions-europeennes\/\" target=\"_blank\" rel=\"noreferrer noopener\">https:\/\/www.sfl-org.ch\/fr\/news\/news\/article\/la-situation-des-clubs-suisses-pour-les-competitions-europeennes\/<\/a><\/em>).<\/p>\n\n\n\n<figure class=\"wp-block-image size-full\"><img loading=\"lazy\" decoding=\"async\" width=\"1024\" height=\"646\" src=\"https:\/\/diariodominicano.com\/wp-content\/uploads\/2024\/05\/Marcha-multitudinaria-por-la-victoria-de-Young-Boys-el-domingo-26-de-mayo-del-Estadio-Wankdorf-hacia-la-Bundesplatz-en-Berna-Foto-Sergio-Ferrari.jpg\" alt=\"\" class=\"wp-image-533662\" srcset=\"https:\/\/diariodominicano.com\/wp-content\/uploads\/2024\/05\/Marcha-multitudinaria-por-la-victoria-de-Young-Boys-el-domingo-26-de-mayo-del-Estadio-Wankdorf-hacia-la-Bundesplatz-en-Berna-Foto-Sergio-Ferrari.jpg 1024w, https:\/\/diariodominicano.com\/wp-content\/uploads\/2024\/05\/Marcha-multitudinaria-por-la-victoria-de-Young-Boys-el-domingo-26-de-mayo-del-Estadio-Wankdorf-hacia-la-Bundesplatz-en-Berna-Foto-Sergio-Ferrari-300x189.jpg 300w, https:\/\/diariodominicano.com\/wp-content\/uploads\/2024\/05\/Marcha-multitudinaria-por-la-victoria-de-Young-Boys-el-domingo-26-de-mayo-del-Estadio-Wankdorf-hacia-la-Bundesplatz-en-Berna-Foto-Sergio-Ferrari-768x485.jpg 768w, https:\/\/diariodominicano.com\/wp-content\/uploads\/2024\/05\/Marcha-multitudinaria-por-la-victoria-de-Young-Boys-el-domingo-26-de-mayo-del-Estadio-Wankdorf-hacia-la-Bundesplatz-en-Berna-Foto-Sergio-Ferrari-816x515.jpg 816w\" sizes=\"auto, (max-width: 1024px) 100vw, 1024px\" \/><\/figure>\n\n\n\n<p><br><strong>Marcha multitudinaria por la victoria de Young Boys el domingo 26 de mayo del Estadio Wankdorf hacia la Bundesplatz en Berna Foto Sergio Ferrari<\/strong><\/p>\n\n\n\n<p><strong>Por un deporte realmente humano<\/strong><\/p>\n\n\n\n<p>Solo siete de los 25 jugadores que conforman el primer equipo de Young Boys son exclusivamente suizos. Nueve tienen una doble nacionalidad, incluyendo la helv\u00e9tica. Y los otros nueve, casi el 40% del plantel, son extranjeros. En los camarines conviven cotidianamente 19 nacionalidades, con una fuerte presencia del idioma franc\u00e9s a pesar de que Young Boys es un club suizo alem\u00e1n.<\/p>\n\n\n\n<figure class=\"wp-block-image size-full\"><img loading=\"lazy\" decoding=\"async\" width=\"512\" height=\"384\" src=\"https:\/\/diariodominicano.com\/wp-content\/uploads\/2024\/05\/Gran-baderola-en-el-Estadio-Wankdorf-de-Berna-contra-la-homofobia.jpg\" alt=\"\" class=\"wp-image-533664\" srcset=\"https:\/\/diariodominicano.com\/wp-content\/uploads\/2024\/05\/Gran-baderola-en-el-Estadio-Wankdorf-de-Berna-contra-la-homofobia.jpg 512w, https:\/\/diariodominicano.com\/wp-content\/uploads\/2024\/05\/Gran-baderola-en-el-Estadio-Wankdorf-de-Berna-contra-la-homofobia-300x225.jpg 300w\" sizes=\"auto, (max-width: 512px) 100vw, 512px\" \/><\/figure>\n\n\n\n<p>As\u00ed mismo, en el cuerpo t\u00e9cnico la presencia del franc\u00e9s tambi\u00e9n es destacada. Joel Magnin, director t\u00e9cnico interino hasta el fin del campeonato y su asistente, el experimentado G\u00e9rard Castella, son ambos suizos franceses. Young Boys, juega as\u00ed, a nivel futbol\u00edstico, el rol de bisagra que Berna en tanto cant\u00f3n biling\u00fce intenta protagonizar a nivel nacional. Elemento distintivo que ha ampliado el ingrediente multicultural de un club y un equipo que reclutan sistem\u00e1ticamente jugadores de gran calidad no solo de la Suiza francesa, sino tambi\u00e9n del \u00c1frica franc\u00f3fona. YB es el equipo m\u00e1s franc\u00e9s hablante de todos los clubes suizos alemanes que constituyen la \u00e9lite futbol\u00edstica del pa\u00eds.<\/p>\n\n\n\n<p>Los jugadores de campo de YB (tanto los once titulares como los cambios reglamentarios) en el \u00faltimo partido del a\u00f1o del 25 de mayo &#8211;con la victoria de local por 3 a 0 contra Winterthur &#8211;representaban 14 nacionalidades diferentes, siete de las cuales son africanas. Realidad que imprime una clara apertura del club bern\u00e9s hacia la multiculturalidad que, si bien nace del seno mismo del plantel, se prolonga casi autom\u00e1ticamente entre sus socios e hinchas. Coherente con las permanentes campa\u00f1as y jornadas anuales contra el racismo que promueve Young Boys como parte de un esfuerzo pedag\u00f3gico sistem\u00e1tico que tiene ya una larga tradici\u00f3n de a\u00f1os.&nbsp;El club participa anualmente desde 2004 en las semanas de acci\u00f3n FARE (F\u00fatbol contra el Racismo en Europa). Seg\u00fan el sitio Web oficial del club, \u201cYB se considera una familia abierta a todos, independientemente de su origen, apariencia, g\u00e9nero u orientaci\u00f3n sexual\u201d.<\/p>\n\n\n\n<figure class=\"wp-block-image size-full\"><img loading=\"lazy\" decoding=\"async\" width=\"512\" height=\"286\" src=\"https:\/\/diariodominicano.com\/wp-content\/uploads\/2024\/05\/Gran-banderola-que-dice-Young-Boys-contra-la-homofobia-foto-YB.jpg\" alt=\"\" class=\"wp-image-533666\" srcset=\"https:\/\/diariodominicano.com\/wp-content\/uploads\/2024\/05\/Gran-banderola-que-dice-Young-Boys-contra-la-homofobia-foto-YB.jpg 512w, https:\/\/diariodominicano.com\/wp-content\/uploads\/2024\/05\/Gran-banderola-que-dice-Young-Boys-contra-la-homofobia-foto-YB-300x168.jpg 300w\" sizes=\"auto, (max-width: 512px) 100vw, 512px\" \/><\/figure>\n\n\n\n<p><strong>Gran banderola que dice Young Boys contra la homofobia foto YB<\/strong><\/p>\n\n\n\n<p>Los mensajes antirracistas de los carteles luminosos que rodean el per\u00edmetro de la cancha de juego constituyen una especie de sem\u00e1foro civilizatorio permanentemente encendido, que adquiere un valor particular en un mundo deportivo conde la xenofobia ocupa, en otros estadios de diversos pa\u00edses, un preocupante y cada vez mayor protagonismo.<br><br><strong>Estadio entero contra el racismo y por la diversidad<\/strong><\/p>\n\n\n\n<p>El pasado 4 de abril, bajo el lema \u201cJuntos contra el racismo\u201d, Young Boys realiz\u00f3 en colaboraci\u00f3n con Amnist\u00eda Internacional su \u201cjornada de acci\u00f3n contra el racismo, el antisemitismo, la homofobia, el sexismo y la discriminaci\u00f3n de todo tipo y por una sociedad diversa y abierta\u201d (<em><a href=\"https:\/\/www.bscyb.ch\/news?nID=14054\" rel=\"noreferrer noopener\" target=\"_blank\">https:\/\/www.bscyb.ch\/news?nID=14054<\/a><\/em>).<br><br>Fue durante el partido contra el Grasshopper Club de Z\u00farich, con el estadio lleno, (m\u00e1s de 31 mil espectadores) en el cual los jugadores locales vistieron camisetas especialmente dise\u00f1adas para esta jornada y que luego fueron subastadas a beneficio de Amnist\u00eda Internacional. Como explic\u00f3 Young Boys, esta iniciativa tuvo como marco la ya habitual semana contra el racismo que promueve la Ciudad de Berna.<\/p>\n\n\n\n<p>Es un momento del a\u00f1o importante dado que a trav\u00e9s de varios eventos se aborda el tema del \u201cracismo en diferentes \u00e1mbitos de la vida\u201d. Como parte de esa acci\u00f3n anual, YB y Amnist\u00eda Internacional organizaron conjuntamente&nbsp;<em>Sport4Refugees<\/em>, actividad en la cual clubes, centros de asesoramiento, aficionados y refugiados debatieron proyectos y estrategias para que el deporte favorezca a la integraci\u00f3n.&nbsp;&nbsp;<\/p>\n\n\n\n<p>La misma iniciativa promovi\u00f3 tambi\u00e9n en abril un \u201ctorneo de f\u00fatbol para la integraci\u00f3n\u201d, que permiti\u00f3 servirse del efecto unificador del f\u00fatbol para unir a personas de diferentes or\u00edgenes, culturas y clases sociales. \u201cEl torneo tiene que ver con la solidaridad y el entendimiento mutuo\u201d, se\u00f1alaba el comunicado emitido por la entidad bernesa. Quien subrayaba, tambi\u00e9n, que: \u201cFrente a los conflictos globales, las divisiones sociales y la creciente desconfianza, junto con Amnist\u00eda Internacional estamos dando ejemplo de diversidad, cohesi\u00f3n y solidaridad\u201d. Se busca fortalecer a las personas y sus derechos y defender, conjuntamente, la paz, la justicia y la libertad para todos en Suiza y en zonas de crisis en todo el mundo.<\/p>\n\n\n\n<p><strong>Inversi\u00f3n social y deportiva de futuro&nbsp;<\/strong><\/p>\n\n\n\n<p>El club y su capitalino Estadio Wankdorf inaugurado en 2005, con salas de conferencias y un amplio centro comercial, constituyen una empresa comercial, en la cual, la familia del multimillonario suizo&nbsp;Hans-Ueli Rihs&nbsp;es la accionista principal. Desde a\u00f1os, la l\u00f3gica de gesti\u00f3n del club-empresa est\u00e1 regida por gastos controlados e inversiones ordenadas (sin contrataciones espectaculares) bajo la consigna, \u201cnadie puede estar por sobre el club\u201d.&nbsp;&nbsp;<br><br>La concepci\u00f3n de base es de ser un equipo competitivo en el plano nacional y un puente para j\u00f3venes talentos que se formaron o que llegaron de otros equipos nacionales para pulirse en Young Boys. Muchos de los cuales luego son transferidos a clubes de mayor prestigio europeo, en particular de Alemania, Francia e Italia. En los \u00faltimos meses, estas ventas le reportaron a Young Boys beneficios de m\u00e1s de 31 millones de francos (unos 33 millones de d\u00f3lares). En paralelo, otros 30 millones le ingresaron por su participaci\u00f3n en la siempre rentable Champions League.<br><br>En abril pasado, directivos de Young Boys junto con autoridades del Cant\u00f3n (Provincia, Estado) de Berna y de los municipios de Bolligen y Ostermundigen, cercanos al Estadio de Wankdorf, hicieron p\u00fablico un proyecto que podr\u00eda implementarse en los pr\u00f3ximos tres a cinco a\u00f1os. El mismo contempla la construcci\u00f3n de un nuevo campus regional de formaci\u00f3n, con ocho terrenos de juego destinados al entrenamiento, un estadio con capacidad para 2 mil espectadores y un polideportivo triple.&nbsp;&nbsp;El cant\u00f3n aportar\u00eda el terreno y YB financiar\u00e1 el proyecto con un monto cercano a 40 millones de francos &#8212; todo el beneficio obtenido por su participaci\u00f3n en la Champions League&#8211; y gestionar\u00e1 el estadio y los campos de entrenamiento. Sin embargo, esta nueva \u00e1rea no ser\u00e1 de uso exclusivo de YB, sino que en buena parte estar\u00e1 a disposici\u00f3n del deporte p\u00fablico y entidades municipales.<br><br>La extensi\u00f3n de la hoy reducida infraestructura de entrenamiento tanto para el primer equipo de Young Boys, como para sus divisiones menores y femeninas, constituye una preocupaci\u00f3n central para el club capitalino. Aunque hoy est\u00e1 en el top 100 de las entidades futbol\u00edsticas europeas es la \u00fanica de ese nivel cuyo estadio no cuenta con c\u00e9sped natural, lo que conspira contra la proyecci\u00f3n de la oferta deportiva del club. Para que el pr\u00f3ximo a\u00f1o el Wankdorf pueda ser una de las sedes del Campeonato Europeo de F\u00fatbol Femenino, Young Boys decidi\u00f3 instalar grama natural para ese evento. La dirigencia del club viene haciendo esfuerzos significativos para fortalecer la pr\u00e1ctica del f\u00fatbol femenino lo que representa un giro de 180 grados de la pol\u00edtica de diez a\u00f1os atr\u00e1s, cuando la entidad estuvo a punto de cerrar esa \u00e1rea de la actividad deportiva que en la actualidad es fuertemente promovida.<\/p>\n\n\n\n<p>Se cierra una nueva temporada intensa y exitosa para Young Boys que obtuvo el 17mo campeonato de su historia en un continente que es testigo del crecimiento acelerado de corrientes de pensamiento anti extranjeras, conservadoras y racistas. Por eso, esta victoria deportiva del campe\u00f3n suizo tiene hoy el valor adicional del compromiso de sociedad a favor de la diversidad, la apertura y la tolerancia hacia \u201cel otro\u201d. Con partidos semanales sin violencia ni durante ni despu\u00e9s de los partidos y con masiva presencia de espectadores que asisten en familia. Con el \u00faltimo grito de gol del Wankdorf bern\u00e9s el \u00faltimo s\u00e1bado de mayo pareci\u00f3 tambi\u00e9n reforzarse la realidad casi ut\u00f3pica de otro f\u00fatbol posible.<strong><br><\/strong><strong><br><\/strong><br><strong>Sergio Ferrari<\/strong><strong><em>Journaliste RP\/periodista RP<\/em><\/strong><strong>Tel: (00 41) 078 859 02 44<br><a href=\"mailto:sergioechanger@yahoo.fr\" target=\"_blank\" rel=\"noreferrer noopener\">sergioechanger@yahoo.fr<\/a><\/strong><\/p>\n","protected":false},"excerpt":{"rendered":"<p>Young Boys campe\u00f3n suizo de f\u00fatbol. La victoria el s\u00e1bado 25 de mayo contra Winterthur Foto Sergio Ferrari Jornada en abril pasado contra el racismo. Sergio Ferrari, desde Berna, Suiza Aunque no deslumbr\u00f3 est\u00e9ticamente, Young Boys (YB) fue el m\u00e1s regular durante toda la temporada y se coron\u00f3 campe\u00f3n de f\u00fatbol helv\u00e9tico. Fue la sexta [&hellip;]<\/p>\n","protected":false},"author":28,"featured_media":533660,"comment_status":"closed","ping_status":"closed","sticky":false,"template":"","format":"standard","meta":{"footnotes":""},"categories":[17,25,23],"tags":[],"class_list":["post-533659","post","type-post","status-publish","format-standard","has-post-thumbnail","hentry","category-deportes","category-gente","category-internacional"],"_links":{"self":[{"href":"https:\/\/diariodominicano.com\/index.php?rest_route=\/wp\/v2\/posts\/533659","targetHints":{"allow":["GET"]}}],"collection":[{"href":"https:\/\/diariodominicano.com\/index.php?rest_route=\/wp\/v2\/posts"}],"about":[{"href":"https:\/\/diariodominicano.com\/index.php?rest_route=\/wp\/v2\/types\/post"}],"author":[{"embeddable":true,"href":"https:\/\/diariodominicano.com\/index.php?rest_route=\/wp\/v2\/users\/28"}],"replies":[{"embeddable":true,"href":"https:\/\/diariodominicano.com\/index.php?rest_route=%2Fwp%2Fv2%2Fcomments&post=533659"}],"version-history":[{"count":2,"href":"https:\/\/diariodominicano.com\/index.php?rest_route=\/wp\/v2\/posts\/533659\/revisions"}],"predecessor-version":[{"id":533667,"href":"https:\/\/diariodominicano.com\/index.php?rest_route=\/wp\/v2\/posts\/533659\/revisions\/533667"}],"wp:featuredmedia":[{"embeddable":true,"href":"https:\/\/diariodominicano.com\/index.php?rest_route=\/wp\/v2\/media\/533660"}],"wp:attachment":[{"href":"https:\/\/diariodominicano.com\/index.php?rest_route=%2Fwp%2Fv2%2Fmedia&parent=533659"}],"wp:term":[{"taxonomy":"category","embeddable":true,"href":"https:\/\/diariodominicano.com\/index.php?rest_route=%2Fwp%2Fv2%2Fcategories&post=533659"},{"taxonomy":"post_tag","embeddable":true,"href":"https:\/\/diariodominicano.com\/index.php?rest_route=%2Fwp%2Fv2%2Ftags&post=533659"}],"curies":[{"name":"wp","href":"https:\/\/api.w.org\/{rel}","templated":true}]}}