{"id":53362,"date":"2020-05-31T18:42:55","date_gmt":"2020-05-31T18:42:55","guid":{"rendered":"http:\/\/diariodominicano.ddns.net\/?p=53362"},"modified":"2020-05-31T18:42:55","modified_gmt":"2020-05-31T18:42:55","slug":"reabre-explanada-de-catedral-de-notre-dame-a-13-meses-de-incendio","status":"publish","type":"post","link":"https:\/\/diariodominicano.com\/?p=53362","title":{"rendered":"Reabre explanada de catedral de Notre-Dame, a 13 meses de incendio"},"content":{"rendered":"<p><body><\/p>\n<p><img decoding=\"async\" src=\"img3\/notre-dame31-5.jpg\" \/>  <\/p>\n<p><span class=\"text1noticias\"> <\/span><\/p>\n<p><span class=\"text1noticias\">diariodominicano.com<\/span><\/p>\n<p><span class=\"text1noticias\"> <\/span><\/p>\n<p><span class=\"text1noticias\">Par\u00eds, 31 may (Prensa Latina) La explanada de la catedral de Notre-Dame reabri\u00f3 hoy al p\u00fablico en esta capital, 13 meses despu\u00e9s del devastador incendio en el ic\u00f3nico templo g\u00f3tico y en medio del desconfinamiento frente a la Covid-19.<\/span><\/p>\n<p><span class=\"text1noticias\"> <\/span><\/p>\n<p><span class=\"text1noticias\">La presencia de personas en las inmediaciones de la catedral declarada en 1991 por la Unesco Patrimonio de la Humanidad, donde la reconstrucci\u00f3n a\u00fan est\u00e1 en sus primeras etapas, tiene doble importancia, considerando el escenario particular de la zona y de Francia.<\/span><\/p>\n<p><span class=\"text1noticias\"> <\/span><\/p>\n<p><span class=\"text1noticias\">El cierre de los alrededores de la instalaci\u00f3n con ocho siglos de historia se justific\u00f3 en principio por las labores para asegurar la construcci\u00f3n que estuvo a minutos de sucumbir ante las llamas el 15 de abril de 2019, pero fue prolongado durante meses por la peligrosa contaminaci\u00f3n por toneladas de plomo liberadas durante el incendio.<\/span><\/p>\n<p><span class=\"text1noticias\"> <\/span><\/p>\n<p><span class=\"text1noticias\">Por otra parte, la llegada de la Covid-19 oblig\u00f3 a someter al pa\u00eds a una cuarentena del 17 de marzo al 11 de mayo, cuando comenz\u00f3 un proceso de desconfinamiento, que este fin de semana entr\u00f3 en la regi\u00f3n parisina en una fase de menos restricciones, con la reapertura de parques, jardines y otros espacios p\u00fablicos.<\/span><\/p>\n<p><span class=\"text1noticias\"> <\/span><\/p>\n<p><span class=\"text1noticias\">La prefectura local autoriz\u00f3 el retorno de los visitantes a la explanada de Notre-Dame, un sitio que recibi\u00f3 en 2018 a 12 millones de turistas franceses y extranjeros, una cifra inalcanzable este a\u00f1o, a partir del cierre de las fronteras para frenar la propagaci\u00f3n de la Covid-19.<\/span><\/p>\n<p><span class=\"text1noticias\"> <\/span><\/p>\n<p><span class=\"text1noticias\">Al respecto, la Agencia Regional de Salud asegur\u00f3 que las inmediaciones de la catedral re\u00fanen las condiciones sanitarias para la reapertura, tras fuertes trabajos de descontaminaci\u00f3n del plomo.<\/span><\/p>\n<p><span class=\"text1noticias\"> <\/span><\/p>\n<p>agp\/wmr<\/p>\n<h6> 2020-05-31 18:42:55 <\/h6>\n<p><!--\n<link rel=\"stylesheet\" href=\"css\/bootstrap.min.css\">\n\n\n<ul class=\"pagination\">\n\t    \n\t\n\n<li >\n\t<a href='?page_no=560'>Previous<\/a>\n\t<\/li>\n\n\n       \n    \n\n<li><a href='?page_no=1'>1<\/a><\/li>\n\n\n\n<li><a href='?page_no=2'>2<\/a><\/li>\n\n\n\n<li><a>...<\/a><\/li>\n\n\n\n<li><a href='?page_no=559'>559<\/a><\/li>\n\n\n\n<li><a href='?page_no=560'>560<\/a><\/li>\n\n\n\n<li class='active'><a>561<\/a><\/li>\n\n\n\n<li><a href='?page_no=562'>562<\/a><\/li>\n\n\n\n<li><a href='?page_no=563'>563<\/a><\/li>\n\n\n\n<li><a>...<\/a><\/li>\n\n\n\n<li><a href='?page_no=22911'>22911<\/a><\/li>\n\n\n\n<li><a href='?page_no=22912'>22912<\/a><\/li>\n\n    \n\t\n\n<li >\n\t<a href='?page_no=562'>Next<\/a>\n\t<\/li>\n\n\n    \n\n<li><a href='?page_no=22912'>Last &rsaquo;&rsaquo;<\/a><\/li>\n\n<\/ul>\n\n\n--><br \/>\n<\/body><\/p>\n","protected":false},"excerpt":{"rendered":"<p>diariodominicano.com Par\u00eds, 31 may (Prensa Latina) La explanada de la catedral de Notre-Dame reabri\u00f3 hoy al p\u00fablico en esta capital, 13 meses despu\u00e9s del devastador incendio en el ic\u00f3nico templo g\u00f3tico y en medio del desconfinamiento frente a la Covid-19. La presencia de personas en las inmediaciones de la catedral declarada en 1991 por la [&hellip;]<\/p>\n","protected":false},"author":3,"featured_media":0,"comment_status":"open","ping_status":"open","sticky":false,"template":"","format":"standard","meta":{"footnotes":""},"categories":[21],"tags":[],"class_list":["post-53362","post","type-post","status-publish","format-standard","hentry","category-cultura"],"_links":{"self":[{"href":"https:\/\/diariodominicano.com\/index.php?rest_route=\/wp\/v2\/posts\/53362","targetHints":{"allow":["GET"]}}],"collection":[{"href":"https:\/\/diariodominicano.com\/index.php?rest_route=\/wp\/v2\/posts"}],"about":[{"href":"https:\/\/diariodominicano.com\/index.php?rest_route=\/wp\/v2\/types\/post"}],"author":[{"embeddable":true,"href":"https:\/\/diariodominicano.com\/index.php?rest_route=\/wp\/v2\/users\/3"}],"replies":[{"embeddable":true,"href":"https:\/\/diariodominicano.com\/index.php?rest_route=%2Fwp%2Fv2%2Fcomments&post=53362"}],"version-history":[{"count":0,"href":"https:\/\/diariodominicano.com\/index.php?rest_route=\/wp\/v2\/posts\/53362\/revisions"}],"wp:attachment":[{"href":"https:\/\/diariodominicano.com\/index.php?rest_route=%2Fwp%2Fv2%2Fmedia&parent=53362"}],"wp:term":[{"taxonomy":"category","embeddable":true,"href":"https:\/\/diariodominicano.com\/index.php?rest_route=%2Fwp%2Fv2%2Fcategories&post=53362"},{"taxonomy":"post_tag","embeddable":true,"href":"https:\/\/diariodominicano.com\/index.php?rest_route=%2Fwp%2Fv2%2Ftags&post=53362"}],"curies":[{"name":"wp","href":"https:\/\/api.w.org\/{rel}","templated":true}]}}