{"id":53351,"date":"2020-06-01T01:17:06","date_gmt":"2020-06-01T01:17:06","guid":{"rendered":"http:\/\/diariodominicano.ddns.net\/?p=53351"},"modified":"2020-06-01T01:17:06","modified_gmt":"2020-06-01T01:17:06","slug":"virgilio-martinez-reyna-y-su-esposa-asesinados-en-san-jose-de-las-matas","status":"publish","type":"post","link":"https:\/\/diariodominicano.com\/?p=53351","title":{"rendered":"Virgilio Mart\u00ednez Reyna y  su esposa asesinados en San Jos\u00e9 de las Matas"},"content":{"rendered":"<p><body><\/p>\n<p><img decoding=\"async\" src=\"img3\/virgilioM1930.jpg\" \/>  <\/p>\n<p><strong>Diariodominicano.com<\/strong><\/p>\n<p><strong>Virgilio Mart\u00ednez Reyna y  su esposa asesinados en San Jos\u00e9 de las Matas <\/strong><\/p>\n<p><strong>Diariodominicano.com<\/strong><\/p>\n<p><strong>El ex presidente Joaqu\u00edn Balaguer, en su obra  Memorias de un Cortesano de la \u00abEra de Trujillo\u00bb,  dice  que en el momento del crimen Mart\u00ednez Reyna, sufr\u00eda una  grave enfermedad porque sus pulmones  estaban deshechos  y se hab\u00eda trasladado a San Jos\u00e9 de Las Matas con su esposa para aprovechar el  clima.<\/strong><\/p>\n<\/p>\n<p><strong>Por H\u00e9ctor Tineo Nolasco<\/strong><\/p>\n<p><strong>Diariodominicano.com<\/strong><\/p>\n<\/p>\n<p><strong> SAN JOSE DE LAS MATAS, SANTIAGO,  el  1 de  Junio del a\u00f1o 1930, <\/strong> desconocidos asesinaron  a balazos y con armas blancas al pol\u00edtico y periodista  Virgilio Mart\u00ednez Reyna y a  su esposa  Altagracia Alm\u00e1nzar, quien se encontraba embarazada. El hecho fue cometido en horas de la noche del 1 de junio de 1930, en la residencia del matrimonio, en San Jos\u00e9 de las Matas, provincia Santiago. <\/p>\n<\/p>\n<p>El ex presidente Joaqu\u00edn Balaguer, en su obra  Memorias de un Cortesano de la \u00abEra de Trujillo\u00bb,  dice  que en el momento del crimen Mart\u00ednez Reyna, sufr\u00eda una  grave enfermedad porque sus pulmones  estaban deshechos  y se hab\u00eda trasladado a San Jos\u00e9 de Las Matas con su esposa para aprovechar el  clima.<\/p>\n<\/p>\n<p>Balaguer resalta que desde el primer momento el rumor p\u00fablico y las primeras investigaciones  que orden\u00f3 el presidente de la Rep\u00fablica, Rafael Estrella Ure\u00f1a, se\u00f1alaron  al general Jos\u00e9 Estrella como el  autor intelectual del hecho, pero el hecho qued\u00f3 en la impunidad porque la justicia fue paralizada.<\/p>\n<\/p>\n<p>En opini\u00f3n de Balaguer: \u00abCon ese acto inicuo se iniciaba el terrorismo pol\u00edtico en la Era de Trujillo\u00bb.<\/p>\n<\/p>\n<p><strong> <\/strong><\/p>\n<p><strong>Virgilio Mart\u00ednez  Reyna<\/strong><\/p>\n<\/p>\n<p>    Virgilio Mart\u00ednez Reyna hab\u00eda nacido en  Santiago en  1885. De  joven se destac\u00f3 por sus cualidades de orador. Fue un seguidor del Presidente Juan Isidro Jim\u00e9nez.<\/p>\n<\/p>\n<p>        No obstante, en el a\u00f1o 1924, fue la principal figura del equipo de campa\u00f1a de Horacio V\u00e1squez.<\/p>\n<\/p>\n<p>     Una vez ganada las elecciones por Horacio V\u00e1squez y su compa\u00f1ero de boleta Federico Vel\u00e1squez, los dirigentes del Partido Horacista, se dedicaron a crear situaciones para impedir que pudiera influir en el Gobierno y le sacaban en cara que Virgilio Mart\u00ednez Reyna fue un hombre que vino del Jimenismo.<\/p>\n<\/p>\n<p>    Una  noche intentaron asesinarlo, pero la bala disparada por un desconocido apenas le ocasion\u00f3 un rasgu\u00f1o en el rostro.<\/p>\n<\/p>\n<p>     Para evitar las presiones de sus colaboradores, el Presidente Horacio V\u00e1squez  tom\u00f3 la decisi\u00f3n de reducir el espacio de Virgilio Mart\u00ednez Reyna, quien se distingu\u00eda por su oratoria que atra\u00eda a las personas que ten\u00edan la oportunidad de escucharlo.<\/p>\n<\/p>\n<p><strong> <\/strong><\/p>\n<p><strong>De Rufino Mart\u00ednez<\/strong><\/p>\n<p><strong> <\/strong><\/p>\n<\/p>\n<p>    En efecto, nombr\u00f3 al principal rival que ten\u00eda Virgilio Mart\u00ednez Reyna, en el Partido horacista, el abogado  Rafael Estrella Ure\u00f1a, Secretario de la Presidencia.<\/p>\n<\/p>\n<p>    El historiador Rufino Mart\u00ednez dice que  el Presidente Horacio V\u00e1squez, cre\u00f3 el cargo de Secretario de la Presidencia para que lo ocupara  por primera Rafael Estrella Ure\u00f1a.<\/p>\n<\/p>\n<p>     Virgilio Mart\u00ednez Reyna, al quedar fuera del Gobierno que ayud\u00f3 a ganar, se traslad\u00f3 a su ciudad natal, Santiago. A pesar de que no ten\u00eda funciones, conservaba su prestigio.<\/p>\n<\/p>\n<p> En  1930 hizo oposici\u00f3n al binomio Rafael Le\u00f3nidas Trujillo Molina-Rafael  Estrella Ure\u00f1a, pero no pudo participar en los comicios por la campa\u00f1a  represiva  que desat\u00f3 el Ej\u00e9rcito a nivel nacional. Lo  permiti\u00f3 a Trujillo sin  la participaci\u00f3n de la oposici\u00f3n  a las elecciones del 16 de Mayo 1930.<\/p>\n<\/p>\n<p>    El historiador Rufino Mart\u00ednez public\u00f3 la versi\u00f3n, en su  Diccionario  Bibliogr\u00e1fico Dominicano 1821-1930, de que el crimen de Virgilio Mart\u00ednez Reyna, fue planificado en el Departamento Norte del Ej\u00e9rcito en el Cibao, con asiento en la Fortaleza San Luis, de Santiago, como una obra de los adversarios que lo trataron de eliminar en  el Gobierno de Horacio V\u00e1squez.<\/p>\n<\/p>\n<p>     Rufino Mart\u00ednez destaca que el Presidente de la Rep\u00fablica, cuando ocurri\u00f3 el crimen, era el licenciado Rafael Estrella  Ure\u00f1a, y que en el momento que se hablaba de que los asesinos transitaban en Santiago, se traslad\u00f3 all\u00ed  para poner en acci\u00f3n la justicia, \u00abpero se encontr\u00f3 con que el jefe de la pandilla  de asesinos era un pariente suyo, y el tambi\u00e9n se hizo la vista gorda con la impunidad\u00bb.<\/p>\n<\/p>\n<p>     Al dar su versi\u00f3n, el historiador de Puerto Plata, aclara que Rafael Estrella Ure\u00f1a no fue de los forjadores del crimen, pero pudo haber ocurrido por su debilidad de car\u00e1cter.<\/p>\n<\/p>\n<p>     El asesinato de los esposos Virgilio Mart\u00ednez Reyna y  Altagracia Alm\u00e1nzar caus\u00f3 consternaci\u00f3n en el pa\u00eds, pero fue una expresi\u00f3n clara de una pol\u00edtica de exterminio contra los opositores a Rafael Le\u00f3nidas Trujillo  y su aliado Rafael Estrella Ure\u00f1a.<\/p>\n<\/p>\n<h6> 2020-06-01 01:17:06 <\/h6>\n<p><!--\n<link rel=\"stylesheet\" href=\"css\/bootstrap.min.css\">\n\n\n<ul class=\"pagination\">\n\t    \n\t\n\n<li >\n\t<a href='?page_no=559'>Previous<\/a>\n\t<\/li>\n\n\n       \n    \n\n<li><a href='?page_no=1'>1<\/a><\/li>\n\n\n\n<li><a href='?page_no=2'>2<\/a><\/li>\n\n\n\n<li><a>...<\/a><\/li>\n\n\n\n<li><a href='?page_no=558'>558<\/a><\/li>\n\n\n\n<li><a href='?page_no=559'>559<\/a><\/li>\n\n\n\n<li class='active'><a>560<\/a><\/li>\n\n\n\n<li><a href='?page_no=561'>561<\/a><\/li>\n\n\n\n<li><a href='?page_no=562'>562<\/a><\/li>\n\n\n\n<li><a>...<\/a><\/li>\n\n\n\n<li><a href='?page_no=22911'>22911<\/a><\/li>\n\n\n\n<li><a href='?page_no=22912'>22912<\/a><\/li>\n\n    \n\t\n\n<li >\n\t<a href='?page_no=561'>Next<\/a>\n\t<\/li>\n\n\n    \n\n<li><a href='?page_no=22912'>Last &rsaquo;&rsaquo;<\/a><\/li>\n\n<\/ul>\n\n\n--><br \/>\n<\/body><\/p>\n","protected":false},"excerpt":{"rendered":"<p>Diariodominicano.com Virgilio Mart\u00ednez Reyna y su esposa asesinados en San Jos\u00e9 de las Matas Diariodominicano.com El ex presidente Joaqu\u00edn Balaguer, en su obra Memorias de un Cortesano de la \u00abEra de Trujillo\u00bb, dice que en el momento del crimen Mart\u00ednez Reyna, sufr\u00eda una grave enfermedad porque sus pulmones estaban deshechos y se hab\u00eda trasladado a [&hellip;]<\/p>\n","protected":false},"author":3,"featured_media":0,"comment_status":"open","ping_status":"open","sticky":false,"template":"","format":"standard","meta":{"footnotes":""},"categories":[21],"tags":[],"class_list":["post-53351","post","type-post","status-publish","format-standard","hentry","category-cultura"],"_links":{"self":[{"href":"https:\/\/diariodominicano.com\/index.php?rest_route=\/wp\/v2\/posts\/53351","targetHints":{"allow":["GET"]}}],"collection":[{"href":"https:\/\/diariodominicano.com\/index.php?rest_route=\/wp\/v2\/posts"}],"about":[{"href":"https:\/\/diariodominicano.com\/index.php?rest_route=\/wp\/v2\/types\/post"}],"author":[{"embeddable":true,"href":"https:\/\/diariodominicano.com\/index.php?rest_route=\/wp\/v2\/users\/3"}],"replies":[{"embeddable":true,"href":"https:\/\/diariodominicano.com\/index.php?rest_route=%2Fwp%2Fv2%2Fcomments&post=53351"}],"version-history":[{"count":0,"href":"https:\/\/diariodominicano.com\/index.php?rest_route=\/wp\/v2\/posts\/53351\/revisions"}],"wp:attachment":[{"href":"https:\/\/diariodominicano.com\/index.php?rest_route=%2Fwp%2Fv2%2Fmedia&parent=53351"}],"wp:term":[{"taxonomy":"category","embeddable":true,"href":"https:\/\/diariodominicano.com\/index.php?rest_route=%2Fwp%2Fv2%2Fcategories&post=53351"},{"taxonomy":"post_tag","embeddable":true,"href":"https:\/\/diariodominicano.com\/index.php?rest_route=%2Fwp%2Fv2%2Ftags&post=53351"}],"curies":[{"name":"wp","href":"https:\/\/api.w.org\/{rel}","templated":true}]}}