{"id":533448,"date":"2024-05-27T09:13:51","date_gmt":"2024-05-27T13:13:51","guid":{"rendered":"https:\/\/diariodominicano.com\/?p=533448"},"modified":"2024-05-27T09:17:32","modified_gmt":"2024-05-27T13:17:32","slug":"dia-de-la-independencia-de-guyana","status":"publish","type":"post","link":"https:\/\/diariodominicano.com\/?p=533448","title":{"rendered":"EE. UU. felicita al pueblo de Guyana en el D\u00eda de la Independencia de Guyana"},"content":{"rendered":"\n<p>Antony J. Blinken, Secretario de Estado de los Estados Unidos de Am\u00e9rica<\/p>\n\n\n\n<p>En nombre del Gobierno de los Estados Unidos, extiendo calurosas felicitaciones al pueblo de la Rep\u00fablica Cooperativa de Guyana por su 58\u00ba aniversario de independencia.<\/p>\n\n\n\n<p>Estados Unidos reafirma su compromiso inquebrantable como socio confiable de Guyana. Con el tiempo, nuestra aceptaci\u00f3n mutua de la democracia y la resiliencia persistir\u00e1 como pilares fundamentales de nuestra s\u00f3lida relaci\u00f3n bilateral. Nuestros pa\u00edses est\u00e1n estrechamente vinculados a trav\u00e9s de conexiones profundas que incluyen la educaci\u00f3n, la historia, la econom\u00eda, la cultura y nuestros s\u00f3lidos v\u00ednculos entre pueblos. <\/p>\n\n\n\n<p>Anticipamos con entusiasmo la cooperaci\u00f3n y la asociaci\u00f3n continuas para fortalecer los v\u00ednculos comerciales, trabajar para lograr cero emisiones netas de carbono, fomentar una gobernanza transparente, aumentar la cooperaci\u00f3n en atenci\u00f3n m\u00e9dica, defender los derechos humanos, preservar la estabilidad regional y combatir las actividades il\u00edcitas en la regi\u00f3n. <\/p>\n\n\n\n<p>Nuestro compromiso de promover la Asociaci\u00f3n entre Estados Unidos y el Caribe para abordar la crisis clim\u00e1tica 2030 (PACC 2030) sigue siendo firme mientras enfrentamos el cambio clim\u00e1tico, la inseguridad alimentaria y otros desaf\u00edos en el pr\u00f3ximo a\u00f1o.<\/p>\n\n\n\n<p>Con motivo del D\u00eda de la Independencia de Guyana, Estados Unidos env\u00eda sus m\u00e1s sinceros deseos por un a\u00f1o lleno de paz, prosperidad y felicidad para todos.<\/p>\n\n\n\n<p>U.S. Department of State<\/p>\n\n\n\n<p><a target=\"_blank\" href=\"mailto:usstatebpa@public.govdelivery.com\" rel=\"noreferrer noopener\">usstatebpa@public.govdelivery.com<\/a><\/p>\n\n\n\n<p>27\/05\/2024 12:01 a.m.EDT<\/p>\n","protected":false},"excerpt":{"rendered":"<p>Antony J. Blinken, Secretario de Estado de los Estados Unidos de Am\u00e9rica En nombre del Gobierno de los Estados Unidos, extiendo calurosas felicitaciones al pueblo de la Rep\u00fablica Cooperativa de Guyana por su 58\u00ba aniversario de independencia. Estados Unidos reafirma su compromiso inquebrantable como socio confiable de Guyana. Con el tiempo, nuestra aceptaci\u00f3n mutua de [&hellip;]<\/p>\n","protected":false},"author":28,"featured_media":482266,"comment_status":"closed","ping_status":"closed","sticky":false,"template":"","format":"standard","meta":{"footnotes":""},"categories":[36,26,23,27],"tags":[],"class_list":["post-533448","post","type-post","status-publish","format-standard","has-post-thumbnail","hentry","category-hombresmujeresycosas","category-efemerides","category-internacional","category-portada"],"_links":{"self":[{"href":"https:\/\/diariodominicano.com\/index.php?rest_route=\/wp\/v2\/posts\/533448","targetHints":{"allow":["GET"]}}],"collection":[{"href":"https:\/\/diariodominicano.com\/index.php?rest_route=\/wp\/v2\/posts"}],"about":[{"href":"https:\/\/diariodominicano.com\/index.php?rest_route=\/wp\/v2\/types\/post"}],"author":[{"embeddable":true,"href":"https:\/\/diariodominicano.com\/index.php?rest_route=\/wp\/v2\/users\/28"}],"replies":[{"embeddable":true,"href":"https:\/\/diariodominicano.com\/index.php?rest_route=%2Fwp%2Fv2%2Fcomments&post=533448"}],"version-history":[{"count":4,"href":"https:\/\/diariodominicano.com\/index.php?rest_route=\/wp\/v2\/posts\/533448\/revisions"}],"predecessor-version":[{"id":533454,"href":"https:\/\/diariodominicano.com\/index.php?rest_route=\/wp\/v2\/posts\/533448\/revisions\/533454"}],"wp:featuredmedia":[{"embeddable":true,"href":"https:\/\/diariodominicano.com\/index.php?rest_route=\/wp\/v2\/media\/482266"}],"wp:attachment":[{"href":"https:\/\/diariodominicano.com\/index.php?rest_route=%2Fwp%2Fv2%2Fmedia&parent=533448"}],"wp:term":[{"taxonomy":"category","embeddable":true,"href":"https:\/\/diariodominicano.com\/index.php?rest_route=%2Fwp%2Fv2%2Fcategories&post=533448"},{"taxonomy":"post_tag","embeddable":true,"href":"https:\/\/diariodominicano.com\/index.php?rest_route=%2Fwp%2Fv2%2Ftags&post=533448"}],"curies":[{"name":"wp","href":"https:\/\/api.w.org\/{rel}","templated":true}]}}