{"id":533410,"date":"2024-05-26T21:02:03","date_gmt":"2024-05-27T01:02:03","guid":{"rendered":"https:\/\/diariodominicano.com\/?p=533410"},"modified":"2024-05-26T21:03:13","modified_gmt":"2024-05-27T01:03:13","slug":"bicentenario-de-las-relaciones-bilaterales-estados-unidos-brasil","status":"publish","type":"post","link":"https:\/\/diariodominicano.com\/?p=533410","title":{"rendered":"Bicentenario de las Relaciones Bilaterales Estados Unidos-Brasil"},"content":{"rendered":"\n<p>ARCHIVO: Antony J. Blinken, Secretario de Estado de los Estados Unidos de Am\u00e9rica<\/p>\n\n\n\n<p>Hoy, Estados Unidos y Brasil celebran 200 a\u00f1os de relaciones diplom\u00e1ticas entre nuestros pa\u00edses. El 26 de mayo de 1824, el presidente estadounidense James Monroe recibi\u00f3 al encargado de negocios brasile\u00f1o, Jos\u00e9 Silvestre Rebello, en Washington, DC. Con esta bienvenida, Estados Unidos reconoci\u00f3 la independencia de Brasil y estableci\u00f3 nuestra asociaci\u00f3n que ya dura 200 a\u00f1os. <\/p>\n\n\n\n<p>Nos unimos como aliados en la Segunda Guerra Mundial, cuando las fuerzas estadounidenses y brasile\u00f1as lucharon lado a lado en la Campa\u00f1a Italiana, demostrando coraje y sacrificio que contribuyeron a nuestra victoria compartida.<\/p>\n\n\n\n<p>Nuestra cooperaci\u00f3n sigue siendo vital para la prosperidad de nuestros pueblos y genera beneficios mucho m\u00e1s all\u00e1 de las fronteras de nuestros pa\u00edses. <\/p>\n\n\n\n<p>Estados Unidos y Brasil est\u00e1n trazando nuevos caminos para la cooperaci\u00f3n econ\u00f3mica que respeten la importancia del medio ambiente, la energ\u00eda limpia y el desarrollo sostenible para nuestro futuro colectivo. Juntos, promovemos el bienestar de nuestros pueblos garantizando el trato justo a los trabajadores y fortaleciendo los v\u00ednculos econ\u00f3micos que crean empleos. <\/p>\n\n\n\n<p>A medida que avanzamos hacia el pr\u00f3ximo siglo de asociaci\u00f3n, Estados Unidos se compromete a seguir trabajando con Brasil para promover la paz y la prosperidad continuas de las que dependen nuestras democracias.<\/p>\n\n\n\n<p>U.S. Department of State<\/p>\n\n\n\n<p><a target=\"_blank\" href=\"mailto:usstatebpa@public.govdelivery.com\" rel=\"noreferrer noopener\">usstatebpa@public.govdelivery<\/a><\/p>\n\n\n\n<p>26\/05\/2024 20:28 hora del Este<\/p>\n","protected":false},"excerpt":{"rendered":"<p>ARCHIVO: Antony J. Blinken, Secretario de Estado de los Estados Unidos de Am\u00e9rica Hoy, Estados Unidos y Brasil celebran 200 a\u00f1os de relaciones diplom\u00e1ticas entre nuestros pa\u00edses. El 26 de mayo de 1824, el presidente estadounidense James Monroe recibi\u00f3 al encargado de negocios brasile\u00f1o, Jos\u00e9 Silvestre Rebello, en Washington, DC. Con esta bienvenida, Estados Unidos [&hellip;]<\/p>\n","protected":false},"author":28,"featured_media":460579,"comment_status":"closed","ping_status":"closed","sticky":false,"template":"","format":"standard","meta":{"footnotes":""},"categories":[26,23],"tags":[],"class_list":["post-533410","post","type-post","status-publish","format-standard","has-post-thumbnail","hentry","category-efemerides","category-internacional"],"_links":{"self":[{"href":"https:\/\/diariodominicano.com\/index.php?rest_route=\/wp\/v2\/posts\/533410","targetHints":{"allow":["GET"]}}],"collection":[{"href":"https:\/\/diariodominicano.com\/index.php?rest_route=\/wp\/v2\/posts"}],"about":[{"href":"https:\/\/diariodominicano.com\/index.php?rest_route=\/wp\/v2\/types\/post"}],"author":[{"embeddable":true,"href":"https:\/\/diariodominicano.com\/index.php?rest_route=\/wp\/v2\/users\/28"}],"replies":[{"embeddable":true,"href":"https:\/\/diariodominicano.com\/index.php?rest_route=%2Fwp%2Fv2%2Fcomments&post=533410"}],"version-history":[{"count":2,"href":"https:\/\/diariodominicano.com\/index.php?rest_route=\/wp\/v2\/posts\/533410\/revisions"}],"predecessor-version":[{"id":533412,"href":"https:\/\/diariodominicano.com\/index.php?rest_route=\/wp\/v2\/posts\/533410\/revisions\/533412"}],"wp:featuredmedia":[{"embeddable":true,"href":"https:\/\/diariodominicano.com\/index.php?rest_route=\/wp\/v2\/media\/460579"}],"wp:attachment":[{"href":"https:\/\/diariodominicano.com\/index.php?rest_route=%2Fwp%2Fv2%2Fmedia&parent=533410"}],"wp:term":[{"taxonomy":"category","embeddable":true,"href":"https:\/\/diariodominicano.com\/index.php?rest_route=%2Fwp%2Fv2%2Fcategories&post=533410"},{"taxonomy":"post_tag","embeddable":true,"href":"https:\/\/diariodominicano.com\/index.php?rest_route=%2Fwp%2Fv2%2Ftags&post=533410"}],"curies":[{"name":"wp","href":"https:\/\/api.w.org\/{rel}","templated":true}]}}