{"id":533360,"date":"2024-05-26T12:17:56","date_gmt":"2024-05-26T16:17:56","guid":{"rendered":"https:\/\/diariodominicano.com\/?p=533360"},"modified":"2024-05-26T12:18:01","modified_gmt":"2024-05-26T16:18:01","slug":"el-museo-smithsonian-rinde-homenaje-a-miembros-indigenas-del-servicio-militar-estadounidense-en-el-dia-de-los-caidos","status":"publish","type":"post","link":"https:\/\/diariodominicano.com\/?p=533360","title":{"rendered":"El museo Smithsonian rinde homenaje a miembros ind\u00edgenas del servicio militar estadounidense en el D\u00eda de los Ca\u00eddos"},"content":{"rendered":"\n<p>mayo 26, 2024<\/p>\n\n\n\n<ul class=\"wp-block-list\">\n<li><a href=\"https:\/\/www.vozdeamerica.com\/author\/voz-de-america-redaccion\/p_kym\">Voz de Am\u00e9rica &#8211; Redacci\u00f3n<\/a><\/li>\n<\/ul>\n\n\n\n<hr class=\"wp-block-separator has-alpha-channel-opacity\"\/>\n\n\n\n<figure class=\"wp-block-image\"><img decoding=\"async\" src=\"https:\/\/gdb.voanews.com\/01000000-0aff-0242-d678-08dc7d7f9a10_w1023_r1_s.jpg\" alt=\"Visitors are seen at the USAA Poppy Wall of Honor at the National Mall in Washington, May 24, 2024. \"\/><figcaption class=\"wp-element-caption\">Visitors are seen at the USAA Poppy Wall of Honor at the National Mall in Washington, May 24, 2024.<\/figcaption><\/figure>\n\n\n\n<p>Compartir<\/p>\n\n\n\n<ul class=\"wp-block-list\">\n<li><a href=\"https:\/\/facebook.com\/sharer.php?u=https%3a%2f%2fwww.vozdeamerica.com%2fa%2fel-museo-smithsonian-rinde-homenaje-a-miembros-indigenas-del-servicio-militar-estadounidense-en-el-d%25c3%25ada-de-los-caidos%2f7627454.html\" target=\"_blank\" rel=\"noreferrer noopener\"><\/a><\/li>\n\n\n\n<li><a href=\"https:\/\/twitter.com\/share?url=https%3a%2f%2fwww.vozdeamerica.com%2fa%2fel-museo-smithsonian-rinde-homenaje-a-miembros-indigenas-del-servicio-militar-estadounidense-en-el-d%25c3%25ada-de-los-caidos%2f7627454.html&amp;text=Smithsonian+rinde+homenaje+a+veteranos+ind%c3%adgenas+en+el+D%c3%ada+de+los+Ca%c3%addos+en+EEUU\" target=\"_blank\" rel=\"noreferrer noopener\"><\/a><\/li>\n\n\n\n<li><\/li>\n\n\n\n<li><a href=\"mailto:?body=https%3a%2f%2fwww.vozdeamerica.com%2fa%2fel-museo-smithsonian-rinde-homenaje-a-miembros-indigenas-del-servicio-militar-estadounidense-en-el-d%25c3%25ada-de-los-caidos%2f7627454.html&amp;subject=Smithsonian%20rinde%20homenaje%20a%20veteranos%20ind%C3%ADgenas%20en%20el%20D%C3%ADa%20de%20los%20Ca%C3%ADdos%20en%20EEUU\"><\/a><\/li>\n<\/ul>\n\n\n\n<p><a href=\"https:\/\/www.vozdeamerica.com\/a\/el-museo-smithsonian-rinde-homenaje-a-miembros-indigenas-del-servicio-militar-estadounidense-en-el-d%C3%ADa-de-los-caidos\/7627454.html#comments\">&nbsp;Vea comentarios<\/a><\/p>\n\n\n\n<p>&nbsp;Print<\/p>\n\n\n\n<p>En el pasado, los nativos americanos que han servido en las distintas ramas militares en EEUU fueron pasados por alto en la conmemoraci\u00f3n.<\/p>\n\n\n\n<p>Cada D\u00eda de los Ca\u00eddos, Washington, al igual que ciudades de todo Estados Unidos, ofrece eventos para honrar a los miembros del ej\u00e9rcito que murieron mientras serv\u00edan a sus pa\u00edses: un desfile por las calles, una ceremonia en el Cementerio Nacional de Arlington y motocicletas recorriendo la ciudad.<\/p>\n\n\n\n<p>Adem\u00e1s de estos eventos ampliamente conocidos, hay otros servicios para el D\u00eda de los Ca\u00eddos, que se celebra los \u00faltimos lunes de mayo. Uno de estos eventos honrar\u00e1 a los miembros ind\u00edgenas del servicio militar.<\/p>\n\n\n\n<p>Seg\u00fan el Departamento de Defensa, el primer homenaje nacional fue el 30 de mayo de 1868 en la Ceremonia Nacional de Arlington. Entonces conocido como D\u00eda de la Decoraci\u00f3n, se a\u00f1ad\u00edan flores a las tumbas de los soldados. M\u00e1s tarde, el feriado se convirti\u00f3 en el D\u00eda de los Ca\u00eddos. Ahora, las celebraciones se llevan a cabo en todo el pa\u00eds, desde desfiles en ciudades o condados, hasta eventos de mayor escala como los que tienen lugar en Washington.<\/p>\n\n\n\n<p>Sin embargo, algunos miembros del servicio, particularmente los nativos americanos, en el pasado han sido pasados por alto en la conmemoraci\u00f3n.<\/p>\n\n\n\n<figure class=\"wp-block-image\"><img decoding=\"async\" src=\"https:\/\/gdb.voanews.com\/01000000-0aff-0242-415a-08dc7d7f9e3b_w650_r1_s.jpg\" alt=\"Un soldado de la Vieja Guardia del Ej\u00e9rcito de EE. UU. coloca una bandera en una l\u00e1pida durante el evento anual 'Flags In', antes del D\u00eda de los Ca\u00eddos en el Cementerio Nacional de Arlington en Arlington, Virginia, el 23 de mayo de 2024.\"\/><figcaption class=\"wp-element-caption\">Un soldado de la Vieja Guardia del Ej\u00e9rcito de EE. UU. coloca una bandera en una l\u00e1pida durante el evento anual &#8216;Flags In&#8217;, antes del D\u00eda de los Ca\u00eddos en el Cementerio Nacional de Arlington en Arlington, Virginia, el 23 de mayo de 2024.<\/figcaption><\/figure>\n\n\n\n<p>Los pueblos ind\u00edgenas han participado en todos los conflictos importantes en los que ha luchado Estados Unidos durante los \u00faltimos 200 a\u00f1os, seg\u00fan el Departamento de Estado estadounidense.<\/p>\n\n\n\n<p>Un evento este D\u00eda de los Ca\u00eddos, organizado por el Museo Nacional del Ind\u00edgena Americano del Smithsonian, busca honrar espec\u00edficamente a los miembros del servicio ind\u00edgena que han muerto. Cada a\u00f1o, el museo conmemora el D\u00eda de los Ca\u00eddos con un servicio, como encender la llama de su Monumento Nacional a los Veteranos Nativos Americanos.<\/p>\n\n\n\n<p>\u201cD\u00eda de los Ca\u00eddos: Honrando a los miembros nativos del servicio\u201d incluir\u00e1 una proyecci\u00f3n de pel\u00edcula, una charla sobre un libro y una firma de libros. Tambi\u00e9n se anima a los visitantes a explorar los terrenos del museo y el Monumento Nacional a los Veteranos Nativos Americanos, donde pueden conmemorar a los miembros del servicio y honrar a sus seres queridos.<\/p>\n\n\n\n<p>El evento comienza con \u201cThe Warrior Tradition\u201d, una pel\u00edcula de 56 minutos de 2019 dirigida por Lawrence R. Hott. Investiga la historia, a menudo no contada, de los pueblos ind\u00edgenas en el ej\u00e9rcito y examina la tumultuosa relaci\u00f3n de estos miembros del servicio con el gobierno de Estados Unidos. La proyecci\u00f3n ser\u00e1 en el Teatro Rasmuson del museo.<\/p>\n\n\n\n<figure class=\"wp-block-image\"><img decoding=\"async\" src=\"https:\/\/gdb.voanews.com\/01000000-0aff-0242-9093-08dc7b48cdf4_w650_r1_s.jpg\" alt=\"ARCHIVO - El sol brilla a trav\u00e9s de las banderas en el Memorial Day Flag Garden en Boston Common, en Boston, el 27 de mayo de 2023.\"\/><figcaption class=\"wp-element-caption\">ARCHIVO &#8211; El sol brilla a trav\u00e9s de las banderas en el Memorial Day Flag Garden en Boston Common, en Boston, el 27 de mayo de 2023.<\/figcaption><\/figure>\n\n\n\n<p>Luego, los visitantes del museo pueden conocer a la autora Alexandra N. Harris para el debate \u201cPor qu\u00e9 servimos: los nativos americanos en las Fuerzas Armadas de los Estados Unidos\u201d, un libro coescrito con Mark G. Hirsch. El libro, que complementa el Monumento Nacional a los Veteranos Nativos Americanos, es una exploraci\u00f3n multimedia que incluye fotograf\u00edas, bocetos e im\u00e1genes de objetos de las colecciones del museo.<\/p>\n\n\n\n<p>El libro cuenta la \u201chistoria innovadora [que] honra la diversidad de los pueblos ind\u00edgenas y la complejidad de sus experiencias. Al hacerlo, desaf\u00eda los estereotipos com\u00fanmente aplicados a los miembros nativos del servicio y rinde homenaje a los hombres y mujeres cuyas contribuciones han dado forma a las guerras de Estados Unidos y a la historia del pa\u00eds\u201d, seg\u00fan el sitio web del Museo Nacional del Ind\u00edgena Americano.<\/p>\n\n\n\n<p>\u201cTodav\u00eda existe un sentimiento poderoso en el pa\u00eds indio, y en la mayor\u00eda de los veteranos con los que habl\u00e9, de declarar que \u2018todav\u00eda estamos aqu\u00ed&#8217;\u201d, dijo Harrison en un simposio en 2019 sobre el libro y los proyectos del Museo.<\/p>\n\n\n\n<p>Las conmemoraciones del D\u00eda de los Ca\u00eddos son un microcosmos de la exposici\u00f3n m\u00e1s amplia en curso, \u00abPor qu\u00e9 servimos\u00bb, un proyecto creado por el Museo Nacional del Ind\u00edgena Americano. El proyecto, que analiza la historia de los pueblos ind\u00edgenas en servicio desde la Revoluci\u00f3n Americana, aborda la tensi\u00f3n de las personas que sirven a un gobierno que ha tomado las tierras de su pueblo y suprimido su cultura. El proyecto interactivo en l\u00ednea explora el legado de estos miembros del servicio y sus razones para unirse al ej\u00e9rcito.<\/p>\n\n\n\n<p>\u201cDescubr\u00ed que no solo estoy luchando por el pedacito de tierra del que hablo, [o] mi familia inmediata. Descubr\u00ed que estaba luchando por todo el pueblo indio, todo el pueblo de Estados Unidos\u201d, dijo el locutor de c\u00f3digos navajo Samuel Tso, quien sirvi\u00f3 en el Cuerpo de Marines de Estados Unidos.<\/p>\n\n\n\n<p>Este D\u00eda de los Ca\u00eddos, en medio de una tarde de eventos informativos, el plan es continuar la misi\u00f3n del proyecto \u00abPor qu\u00e9 servimos\u00bb para honrar a los ind\u00edgenas que sirvieron y murieron durante su tiempo en el ej\u00e9rcito.<\/p>\n","protected":false},"excerpt":{"rendered":"<p>mayo 26, 2024 Compartir &nbsp;Vea comentarios &nbsp;Print En el pasado, los nativos americanos que han servido en las distintas ramas militares en EEUU fueron pasados por alto en la conmemoraci\u00f3n. Cada D\u00eda de los Ca\u00eddos, Washington, al igual que ciudades de todo Estados Unidos, ofrece eventos para honrar a los miembros del ej\u00e9rcito que murieron [&hellip;]<\/p>\n","protected":false},"author":28,"featured_media":0,"comment_status":"closed","ping_status":"closed","sticky":false,"template":"","format":"standard","meta":{"footnotes":""},"categories":[21,26,23],"tags":[],"class_list":["post-533360","post","type-post","status-publish","format-standard","hentry","category-cultura","category-efemerides","category-internacional"],"_links":{"self":[{"href":"https:\/\/diariodominicano.com\/index.php?rest_route=\/wp\/v2\/posts\/533360","targetHints":{"allow":["GET"]}}],"collection":[{"href":"https:\/\/diariodominicano.com\/index.php?rest_route=\/wp\/v2\/posts"}],"about":[{"href":"https:\/\/diariodominicano.com\/index.php?rest_route=\/wp\/v2\/types\/post"}],"author":[{"embeddable":true,"href":"https:\/\/diariodominicano.com\/index.php?rest_route=\/wp\/v2\/users\/28"}],"replies":[{"embeddable":true,"href":"https:\/\/diariodominicano.com\/index.php?rest_route=%2Fwp%2Fv2%2Fcomments&post=533360"}],"version-history":[{"count":1,"href":"https:\/\/diariodominicano.com\/index.php?rest_route=\/wp\/v2\/posts\/533360\/revisions"}],"predecessor-version":[{"id":533361,"href":"https:\/\/diariodominicano.com\/index.php?rest_route=\/wp\/v2\/posts\/533360\/revisions\/533361"}],"wp:attachment":[{"href":"https:\/\/diariodominicano.com\/index.php?rest_route=%2Fwp%2Fv2%2Fmedia&parent=533360"}],"wp:term":[{"taxonomy":"category","embeddable":true,"href":"https:\/\/diariodominicano.com\/index.php?rest_route=%2Fwp%2Fv2%2Fcategories&post=533360"},{"taxonomy":"post_tag","embeddable":true,"href":"https:\/\/diariodominicano.com\/index.php?rest_route=%2Fwp%2Fv2%2Ftags&post=533360"}],"curies":[{"name":"wp","href":"https:\/\/api.w.org\/{rel}","templated":true}]}}