{"id":533326,"date":"2024-05-26T00:26:29","date_gmt":"2024-05-26T04:26:29","guid":{"rendered":"https:\/\/diariodominicano.com\/?p=533326"},"modified":"2024-05-26T00:26:31","modified_gmt":"2024-05-26T04:26:31","slug":"nicki-minaj-cancela-presentacion-en-manchester-tras-arresto","status":"publish","type":"post","link":"https:\/\/diariodominicano.com\/?p=533326","title":{"rendered":"Nicki Minaj cancela presentaci\u00f3n en Manchester tras arresto"},"content":{"rendered":"\n<p>Washington, 25 may (Prensa Latina) La conocida rapera estadounidense Nicki Minaj se vio obligada a cancelar hoy su presentaci\u00f3n en la ciudad inglesa de Manchester tras ser arrestada en el Aeropuerto Internacional de Amsterdam, Pa\u00edses Bajos, por presunta posesi\u00f3n de drogas.<\/p>\n\n\n\n<ul class=\"wp-block-list\">\n<li><a href=\"https:\/\/www.prensa-latina.cu\/2024\/05\/25\/\"><time>mayo 25, 2024 | 23:05<\/time><\/a><\/li>\n<\/ul>\n\n\n\n<ul class=\"wp-block-list\">\n<li><a href=\"https:\/\/www.prensa-latina.cu\/2024\/05\/25\/nicki-minaj-cancela-presentacion-en-manchester-tras-arresto\/#\"><\/a><\/li>\n\n\n\n<li><a href=\"https:\/\/www.prensa-latina.cu\/2024\/05\/25\/nicki-minaj-cancela-presentacion-en-manchester-tras-arresto\/#\"><\/a><\/li>\n\n\n\n<li><a href=\"https:\/\/www.prensa-latina.cu\/2024\/05\/25\/nicki-minaj-cancela-presentacion-en-manchester-tras-arresto\/#\"><\/a><\/li>\n\n\n\n<li><a href=\"https:\/\/www.prensa-latina.cu\/2024\/05\/25\/nicki-minaj-cancela-presentacion-en-manchester-tras-arresto\/#\"><\/a><\/li>\n<\/ul>\n\n\n\n<p>La cantante, de 41 a\u00f1os, fue detenida por la polic\u00eda en el aeropuerto Schiphol por acusaciones de llevar drogas blandas, calificadas as\u00ed porque tienen un menor potencial adictivo, seg\u00fan los especialistas.<\/p>\n\n\n\n<p>Minaj fue liberada poco despu\u00e9s y se le orden\u00f3 pagar una multa, de acuerdo con las publicaciones en medios locales.<\/p>\n\n\n\n<p>La artista hab\u00eda publicado antes un v\u00eddeo en X en el que aparentemente un empleado de Schiphol le ped\u00eda registrar se equipaje, mientras en otro aparec\u00eda un polic\u00eda dici\u00e9ndole que llevaba estupefacientes, lo cual neg\u00f3.<\/p>\n\n\n\n<p>\u201cGracias a todos los que oraron por m\u00ed hoy\u201d, expres\u00f3 en un comunicado publicado en su cuenta en X al explicar que estuvo en una celda de la c\u00e1rcel durante cinco a seis horas.<\/p>\n\n\n\n<p>No obstante, dijo que \u201cTODAV\u00cdA estar\u00e9 actuando en el segundo show de #Manchester el d\u00eda 30. Faltan 5 d\u00edas\u201d y que tendr\u00e1 un espect\u00e1culo ma\u00f1ana en Birmingham.<\/p>\n\n\n\n<p>car\/dfm<\/p>\n","protected":false},"excerpt":{"rendered":"<p>Washington, 25 may (Prensa Latina) La conocida rapera estadounidense Nicki Minaj se vio obligada a cancelar hoy su presentaci\u00f3n en la ciudad inglesa de Manchester tras ser arrestada en el Aeropuerto Internacional de Amsterdam, Pa\u00edses Bajos, por presunta posesi\u00f3n de drogas. La cantante, de 41 a\u00f1os, fue detenida por la polic\u00eda en el aeropuerto Schiphol [&hellip;]<\/p>\n","protected":false},"author":28,"featured_media":533327,"comment_status":"closed","ping_status":"closed","sticky":false,"template":"","format":"standard","meta":{"footnotes":""},"categories":[36,25],"tags":[],"class_list":["post-533326","post","type-post","status-publish","format-standard","has-post-thumbnail","hentry","category-hombresmujeresycosas","category-gente"],"_links":{"self":[{"href":"https:\/\/diariodominicano.com\/index.php?rest_route=\/wp\/v2\/posts\/533326","targetHints":{"allow":["GET"]}}],"collection":[{"href":"https:\/\/diariodominicano.com\/index.php?rest_route=\/wp\/v2\/posts"}],"about":[{"href":"https:\/\/diariodominicano.com\/index.php?rest_route=\/wp\/v2\/types\/post"}],"author":[{"embeddable":true,"href":"https:\/\/diariodominicano.com\/index.php?rest_route=\/wp\/v2\/users\/28"}],"replies":[{"embeddable":true,"href":"https:\/\/diariodominicano.com\/index.php?rest_route=%2Fwp%2Fv2%2Fcomments&post=533326"}],"version-history":[{"count":1,"href":"https:\/\/diariodominicano.com\/index.php?rest_route=\/wp\/v2\/posts\/533326\/revisions"}],"predecessor-version":[{"id":533328,"href":"https:\/\/diariodominicano.com\/index.php?rest_route=\/wp\/v2\/posts\/533326\/revisions\/533328"}],"wp:featuredmedia":[{"embeddable":true,"href":"https:\/\/diariodominicano.com\/index.php?rest_route=\/wp\/v2\/media\/533327"}],"wp:attachment":[{"href":"https:\/\/diariodominicano.com\/index.php?rest_route=%2Fwp%2Fv2%2Fmedia&parent=533326"}],"wp:term":[{"taxonomy":"category","embeddable":true,"href":"https:\/\/diariodominicano.com\/index.php?rest_route=%2Fwp%2Fv2%2Fcategories&post=533326"},{"taxonomy":"post_tag","embeddable":true,"href":"https:\/\/diariodominicano.com\/index.php?rest_route=%2Fwp%2Fv2%2Ftags&post=533326"}],"curies":[{"name":"wp","href":"https:\/\/api.w.org\/{rel}","templated":true}]}}