{"id":53328,"date":"2020-06-01T01:32:17","date_gmt":"2020-06-01T01:32:17","guid":{"rendered":"http:\/\/diariodominicano.ddns.net\/?p=53328"},"modified":"2020-06-01T01:32:17","modified_gmt":"2020-06-01T01:32:17","slug":"muere-julio-genaro-campillo-perez-2","status":"publish","type":"post","link":"https:\/\/diariodominicano.com\/?p=53328","title":{"rendered":"Muere Julio Genaro Campillo P\u00e9rez"},"content":{"rendered":"<p><body><\/p>\n<p><strong>Muere Julio Genaro Campillo P\u00e9rez<\/strong><\/p>\n<p><strong>SANTO DOMINGO,  el 1 de junio de 2001<\/strong>, falleci\u00f3 en la ma\u00f1ana a los 79 a\u00f1os de edad el abogado, historiador y juez de la Suprema Corte de Justicia, doctor Julio Genera Campillo P\u00e9rez.<\/p>\n<\/p>\n<p>\t\tDesde hac\u00eda varios meses el magistrado Campillo P\u00e9rez sufr\u00eda trastornos de salud, situaci\u00f3n que origin\u00f3 una disminuci\u00f3n de sus funciones en el m\u00e1s alto tribunal de justicia.<\/p>\n<\/p>\n<p>\t\tEl doctor Julio Genaro Campillo P\u00e9rez hab\u00eda nacido el 9 de Julio de 1922 en la ciudad de Santiago de los Caballeros.<\/p>\n<\/p>\n<p>\t\tEl historiador santiaguense se gradu\u00f3 de doctor en Derecho en la Universidad de Santo Domingo en el a\u00f1o 1943.<\/p>\n<\/p>\n<p>\tFue  vicepresidente y secretario de la Asociaci\u00f3n de Abogados de Santiago; presidente del Tribunal Disciplinario de la Asociaci\u00f3n Dominicana de Abogados y Miembro del Consejo de Directores de la Fundaci\u00f3n Interamericana de Abogados, con asiento en Washington.<\/p>\n<\/p>\n<p>\t\tAsimismo, Campillo P\u00e9rez  fue vicepresidente de la Asociaci\u00f3n para el Desarrollo de Santo Domingo Oriental. Hab\u00eda sido Juez de Paz Interino del municipio de Santiago y Secretario de la Junta de Ornato y Embellecimiento de Santiago.<\/p>\n<\/p>\n<p>\t\tIgualmente el doctor Julio Genaro Campillo P\u00e9rez fue regidor del Ayuntamiento de Santiago y diputado al Congreso Nacional.<\/p>\n<\/p>\n<p>\t\tCampillo P\u00e9rez desempe\u00f1\u00f3 el cargo de Secretario de Estado de Industria y Comercio; administrador general de la Corporaci\u00f3n Dominicana de Empresas Estatales (CORDE).<\/p>\n<\/p>\n<p>\t\tAsimismo,  fue miembro de la  Junta Central Electoral y Presidente de la Comisi\u00f3n T\u00e9cnica Forestal y presidente de la Academia Dominicana de la Historia.<\/p>\n<\/p>\n<p>         Campillo P\u00e9rez fue, igualmente, presidente del Instituto Dominicano de Genealog\u00eda y miembro de la Comisi\u00f3n de Ciencias Jur\u00eddicas de la Academia de Ciencias de la Rep\u00fablica Dominicana.<\/p>\n<\/p>\n<h6> 2020-06-01 01:32:17 <\/h6>\n<p><!--\n<link rel=\"stylesheet\" href=\"css\/bootstrap.min.css\">\n\n\n<ul class=\"pagination\">\n\t    \n\t\n\n<li >\n\t<a href='?page_no=557'>Previous<\/a>\n\t<\/li>\n\n\n       \n    \n\n<li><a href='?page_no=1'>1<\/a><\/li>\n\n\n\n<li><a href='?page_no=2'>2<\/a><\/li>\n\n\n\n<li><a>...<\/a><\/li>\n\n\n\n<li><a href='?page_no=556'>556<\/a><\/li>\n\n\n\n<li><a href='?page_no=557'>557<\/a><\/li>\n\n\n\n<li class='active'><a>558<\/a><\/li>\n\n\n\n<li><a href='?page_no=559'>559<\/a><\/li>\n\n\n\n<li><a href='?page_no=560'>560<\/a><\/li>\n\n\n\n<li><a>...<\/a><\/li>\n\n\n\n<li><a href='?page_no=22911'>22911<\/a><\/li>\n\n\n\n<li><a href='?page_no=22912'>22912<\/a><\/li>\n\n    \n\t\n\n<li >\n\t<a href='?page_no=559'>Next<\/a>\n\t<\/li>\n\n\n    \n\n<li><a href='?page_no=22912'>Last &rsaquo;&rsaquo;<\/a><\/li>\n\n<\/ul>\n\n\n--><br \/>\n<\/body><\/p>\n","protected":false},"excerpt":{"rendered":"<p>Muere Julio Genaro Campillo P\u00e9rez SANTO DOMINGO, el 1 de junio de 2001, falleci\u00f3 en la ma\u00f1ana a los 79 a\u00f1os de edad el abogado, historiador y juez de la Suprema Corte de Justicia, doctor Julio Genera Campillo P\u00e9rez. Desde hac\u00eda varios meses el magistrado Campillo P\u00e9rez sufr\u00eda trastornos de salud, situaci\u00f3n que origin\u00f3 una [&hellip;]<\/p>\n","protected":false},"author":3,"featured_media":0,"comment_status":"open","ping_status":"open","sticky":false,"template":"","format":"standard","meta":{"footnotes":""},"categories":[21],"tags":[],"class_list":["post-53328","post","type-post","status-publish","format-standard","hentry","category-cultura"],"_links":{"self":[{"href":"https:\/\/diariodominicano.com\/index.php?rest_route=\/wp\/v2\/posts\/53328","targetHints":{"allow":["GET"]}}],"collection":[{"href":"https:\/\/diariodominicano.com\/index.php?rest_route=\/wp\/v2\/posts"}],"about":[{"href":"https:\/\/diariodominicano.com\/index.php?rest_route=\/wp\/v2\/types\/post"}],"author":[{"embeddable":true,"href":"https:\/\/diariodominicano.com\/index.php?rest_route=\/wp\/v2\/users\/3"}],"replies":[{"embeddable":true,"href":"https:\/\/diariodominicano.com\/index.php?rest_route=%2Fwp%2Fv2%2Fcomments&post=53328"}],"version-history":[{"count":0,"href":"https:\/\/diariodominicano.com\/index.php?rest_route=\/wp\/v2\/posts\/53328\/revisions"}],"wp:attachment":[{"href":"https:\/\/diariodominicano.com\/index.php?rest_route=%2Fwp%2Fv2%2Fmedia&parent=53328"}],"wp:term":[{"taxonomy":"category","embeddable":true,"href":"https:\/\/diariodominicano.com\/index.php?rest_route=%2Fwp%2Fv2%2Fcategories&post=53328"},{"taxonomy":"post_tag","embeddable":true,"href":"https:\/\/diariodominicano.com\/index.php?rest_route=%2Fwp%2Fv2%2Ftags&post=53328"}],"curies":[{"name":"wp","href":"https:\/\/api.w.org\/{rel}","templated":true}]}}