{"id":53317,"date":"2020-06-01T01:35:40","date_gmt":"2020-06-01T01:35:40","guid":{"rendered":"http:\/\/diariodominicano.ddns.net\/?p=53317"},"modified":"2020-06-01T01:35:40","modified_gmt":"2020-06-01T01:35:40","slug":"contra-interventores-estadounidenses","status":"publish","type":"post","link":"https:\/\/diariodominicano.com\/?p=53317","title":{"rendered":"Contra interventores estadounidenses"},"content":{"rendered":"<p><body><\/p>\n<p><strong>Diariodominicano.com<\/strong><\/p>\n<p><strong>Contra interventores estadounidenses<\/strong><\/p>\n<p><strong>Por H\u00e9ctor Tineo Nolasco<\/strong><\/p>\n<p><strong>Diariodominicano.com<\/strong><\/p>\n<\/p>\n<p><strong>PUERTO PLATA,  el 1 de Junio de 1916,<\/strong>  Ciudadanos y ciudadanas enfrentaron   a las tropas interventoras de Estados Unidos que comenzaron a desembarcar en Puerto Plata.<\/p>\n<\/p>\n<p>    Los  puertoplate\u00f1os  se resist\u00edan a entregar esa plaza a los militares de Estados Unidos.<\/p>\n<\/p>\n<p>    Al frente de la resistencia se encontraba el Gobernador  de Puerto Plata, general Apolinar Rey, quien hab\u00eda recibido el apoyo del  comandante de Puerto Plata,  Silverio Pep\u00edn.<\/p>\n<\/p>\n<p>   En el enfrentamiento contra los invasores muri\u00f3 el dominicano  Fano Gonz\u00e1lez.<\/p>\n<\/p>\n<p>    Adem\u00e1s de Apolinar  Rey y Silverio Pep\u00edn, se distinguieron en la resistencia  Rafael Pichardo y Zuz\u00fa Gonz\u00e1lez.  Luego del combate, Apolinar Rey se retir\u00f3 a la ciudad de Santiago de los Caballeros.  <\/p>\n<\/p>\n<p>Al proclamarse el Gobierno de la ocupaci\u00f3n,  Rey, y otros  de sus compa\u00f1eros se mantuvieron fuera de las actividades p\u00fablicas, pero al comenzar el proceso electoral en 1924, apoy\u00f3 la candidatura de Francisco Peynado, no obstante, cuando estim\u00f3 que  Peynado  no ten\u00eda posibilidades de triunfo, apoy\u00f3 a Horacio V\u00e1squez.<\/p>\n<\/p>\n<p>De igual modo, el   23 de Febrero de 1930, el general Apolinar Rey apoy\u00f3 el Movimiento que culmin\u00f3 con el derrocamiento del Presidente Horacio V\u00e1squez.<\/p>\n<\/p>\n<p>     Al asumir el poder el General Rafael Le\u00f3nidas Trujillo,  el 16 de Agosto de 1930, Apolinar Rey fue nombrado  Gobernador de San Pedro de Macor\u00eds.<\/p>\n<\/p>\n<p>     Apolinar Rey, al momento de morir en  1936, era diputado.    Hab\u00eda nacido en San Jos\u00e9 de Ocoa, en  1879.<\/p>\n<\/p>\n<h6> 2020-06-01 01:35:40 <\/h6>\n<p><!--\n<link rel=\"stylesheet\" href=\"css\/bootstrap.min.css\">\n\n\n<ul class=\"pagination\">\n\t    \n\t\n\n<li >\n\t<a href='?page_no=556'>Previous<\/a>\n\t<\/li>\n\n\n       \n    \n\n<li><a href='?page_no=1'>1<\/a><\/li>\n\n\n\n<li><a href='?page_no=2'>2<\/a><\/li>\n\n\n\n<li><a>...<\/a><\/li>\n\n\n\n<li><a href='?page_no=555'>555<\/a><\/li>\n\n\n\n<li><a href='?page_no=556'>556<\/a><\/li>\n\n\n\n<li class='active'><a>557<\/a><\/li>\n\n\n\n<li><a href='?page_no=558'>558<\/a><\/li>\n\n\n\n<li><a href='?page_no=559'>559<\/a><\/li>\n\n\n\n<li><a>...<\/a><\/li>\n\n\n\n<li><a href='?page_no=22911'>22911<\/a><\/li>\n\n\n\n<li><a href='?page_no=22912'>22912<\/a><\/li>\n\n    \n\t\n\n<li >\n\t<a href='?page_no=558'>Next<\/a>\n\t<\/li>\n\n\n    \n\n<li><a href='?page_no=22912'>Last &rsaquo;&rsaquo;<\/a><\/li>\n\n<\/ul>\n\n\n--><br \/>\n<\/body><\/p>\n","protected":false},"excerpt":{"rendered":"<p>Diariodominicano.com Contra interventores estadounidenses Por H\u00e9ctor Tineo Nolasco Diariodominicano.com PUERTO PLATA, el 1 de Junio de 1916, Ciudadanos y ciudadanas enfrentaron a las tropas interventoras de Estados Unidos que comenzaron a desembarcar en Puerto Plata. Los puertoplate\u00f1os se resist\u00edan a entregar esa plaza a los militares de Estados Unidos. Al frente de la resistencia se [&hellip;]<\/p>\n","protected":false},"author":3,"featured_media":0,"comment_status":"open","ping_status":"open","sticky":false,"template":"","format":"standard","meta":{"footnotes":""},"categories":[21],"tags":[],"class_list":["post-53317","post","type-post","status-publish","format-standard","hentry","category-cultura"],"_links":{"self":[{"href":"https:\/\/diariodominicano.com\/index.php?rest_route=\/wp\/v2\/posts\/53317","targetHints":{"allow":["GET"]}}],"collection":[{"href":"https:\/\/diariodominicano.com\/index.php?rest_route=\/wp\/v2\/posts"}],"about":[{"href":"https:\/\/diariodominicano.com\/index.php?rest_route=\/wp\/v2\/types\/post"}],"author":[{"embeddable":true,"href":"https:\/\/diariodominicano.com\/index.php?rest_route=\/wp\/v2\/users\/3"}],"replies":[{"embeddable":true,"href":"https:\/\/diariodominicano.com\/index.php?rest_route=%2Fwp%2Fv2%2Fcomments&post=53317"}],"version-history":[{"count":0,"href":"https:\/\/diariodominicano.com\/index.php?rest_route=\/wp\/v2\/posts\/53317\/revisions"}],"wp:attachment":[{"href":"https:\/\/diariodominicano.com\/index.php?rest_route=%2Fwp%2Fv2%2Fmedia&parent=53317"}],"wp:term":[{"taxonomy":"category","embeddable":true,"href":"https:\/\/diariodominicano.com\/index.php?rest_route=%2Fwp%2Fv2%2Fcategories&post=53317"},{"taxonomy":"post_tag","embeddable":true,"href":"https:\/\/diariodominicano.com\/index.php?rest_route=%2Fwp%2Fv2%2Ftags&post=53317"}],"curies":[{"name":"wp","href":"https:\/\/api.w.org\/{rel}","templated":true}]}}