{"id":533160,"date":"2024-05-25T13:37:27","date_gmt":"2024-05-25T17:37:27","guid":{"rendered":"https:\/\/diariodominicano.com\/?p=533160"},"modified":"2024-05-25T18:16:46","modified_gmt":"2024-05-25T22:16:46","slug":"procuradora-miriam-german-llama-a-formar-hijos-con-valores-en-acto-por-el-dia-de-las-madres","status":"publish","type":"post","link":"https:\/\/diariodominicano.com\/?p=533160","title":{"rendered":"Procuradora Miriam Germ\u00e1n llama a formar hijos con valores en acto por el \u201cD\u00eda de las Madres\u201d"},"content":{"rendered":"\n<p><strong>Procuradora Miriam Germ\u00e1n llama a formar hijos con valores en acto por el \u201cD\u00eda de las Madres\u201d<\/strong><\/p>\n\n\n\n<p><em><u>El homenaje a las madres que laboran en la sede del Ministerio P\u00fablico incluy\u00f3 una conferencia y la presentaci\u00f3n de flamenco<\/u><\/em><\/p>\n\n\n\n<p>SANTO DOMINGO (Rep\u00fablica Dominicana).- Al encabezar un acto especial dedicado a las madres que laboran en la sede del Ministerio P\u00fablico, con ocasi\u00f3n de la celebraci\u00f3n del D\u00eda de las Madres, este domingo 26 de mayo, la procuradora general de la Rep\u00fablica, magistrada Miriam Germ\u00e1n Brito, les exhort\u00f3 formar a sus hijos con valores y normas de comportamiento ejemplar y buena convivencia.<\/p>\n\n\n\n<p>\u201cYo quiero que ustedes, todas, valoren esa condici\u00f3n especial que la naturaleza les ha regalado, de formar a otra persona, formarlas con valores, donde no quepa el abuso, donde respeten a las compa\u00f1eras y que no tengan un signo de ego\u00edsmo ni de arrogancia en todos los actos de la vida\u201d, expres\u00f3 la magistrada Germ\u00e1n Brito al destacar la importancia de la educaci\u00f3n en valores.<\/p>\n\n\n\n<p>Afirm\u00f3 que, por lo general en un porcentaje alt\u00edsimo, los mejores valores en la formaci\u00f3n de una persona vienen de la madre. En ese sentido, agradeci\u00f3 la formaci\u00f3n que recibi\u00f3 de su madre, destacando su fortaleza, su trabajo y sus esfuerzos para inculcar en sus hijos los mejores valores, especialmente, el respeto hacia los dem\u00e1s.<\/p>\n\n\n\n<p>\u201cYo quisiera que todas las madres que tenemos hoy aqu\u00ed les inculquen a sus hijos que el valor m\u00e1ximo no es el tener, sino, el ser, el de vivir con dignidad, con decoro, respetar a los dem\u00e1s, no atropellar a nadie, no humillar; y, en producir a un ser as\u00ed, el papel estelar, es el de la madre\u201d, enfatiz\u00f3.<\/p>\n\n\n\n<p>En ese mismo orden, manifest\u00f3: \u201cyo s\u00e9 que las madres de aqu\u00ed viven pendientes de sus hijos, sean estos sin ninguna condici\u00f3n especial, y, m\u00e1s, con una condici\u00f3n diferente. Ese tipo de madre, con hijos con condiciones especiales, tiene el gran m\u00e9rito de mantenerse sin desfallecer\u201d, manifest\u00f3, tras valorar el rol de las madres en la crianza de sus hijos.&nbsp;<\/p>\n\n\n\n<p>En su discurso, la procuradora general Germ\u00e1n Brito felicit\u00f3 a todas las madres presentes en la actividad, que se llev\u00f3 a cabo en el auditorio de la Suprema Corte de Justicia y en el atrio central, en el edificio del Palacio de Justicia del Centro de los H\u00e9roes, en el Distrito Nacional.<\/p>\n\n\n\n<p>\u201cFelicidades a todas. Yo espero que ustedes formen seres humanos de verdad, que en la formaci\u00f3n de ellos pongan el acento del ser humano, en producir otro tipo de persona, de personas que no midan el \u00e9xito solo por lo que se tiene en el banco\u201d, reiter\u00f3 a las mujeres que participaron en el emotivo evento de homenaje a las madres, donde prim\u00f3 la alegr\u00eda y confraternidad.&nbsp;&nbsp;<\/p>\n\n\n\n<p>Como parte de la actividad fue impartida la conferencia \u201cMadre, Mujer y Fabulosa\u201d, por Haydd\u00e9 Dom\u00ednguez, quien es psic\u00f3loga cl\u00ednica y terapeuta sexual y de parejas, experta en Inteligencia Emocional.<\/p>\n\n\n\n<p>Dom\u00ednguez posee una maestr\u00eda en Psicolog\u00eda Cl\u00ednica, de la Universidad Tecnol\u00f3gica de Santiago (Utesa, Santiago), es especialista en terapia sexual y de parejas (ISEP, Barcelona), experta en inteligencia emocional, certificada facilitadora profesional por el Instituto de Formaci\u00f3n T\u00e9cnico Profesional (Infotep) y verificada experta en din\u00e1micas grupales por Gerza M\u00e9xico.<\/p>\n\n\n\n<p>Tambi\u00e9n, est\u00e1 certificada como Chief Happiness Officer (CHO) por la firma Big Bienestar Argentina, con enfoque en bienestar y felicidad empresarial. Tiene experiencia de trabajo formativo en universidades como expositora en congresos, eventos profesionales y como charlista en colegios, escuelas, juntas de vecinos y empresas p\u00fablicas y privadas. Adem\u00e1s, participa cada semana en diversos medios televisivos, radiales y escritos del pa\u00eds y el extranjero.<\/p>\n\n\n\n<p>Asimismo, fue realizada la presentaci\u00f3n de Flamenco: El Tablao de Paquita, de Paquita Acosta.<\/p>\n\n\n\n<p>Sobre la presentaci\u00f3n de Flamenco, se destaca que la escuela de danza espa\u00f1ola El Tablao de Paquita, naci\u00f3 en el 2008. Es dirigida por la reconocida maestra espa\u00f1ola Paquita Acosta, titulada del real conservatorio de Madrid. Tambi\u00e9n, ha sido formada por los mejores maestros de la danza espa\u00f1ola en todas sus ramas, adem\u00e1s de poseer un largo recorrido como maestra en Madrid, Espa\u00f1a, y en Zurich, Suiza, antes de asentarse en nuestro pa\u00eds.<\/p>\n\n\n\n<p>El homenaje fue organizado por la Direcci\u00f3n de Recursos Humanos del Ministerio P\u00fablico con el objetivo de reconocer el importante rol de madre y la labor que realizan desde el Ministerio P\u00fablico al servicio del pa\u00eds.<\/p>\n\n\n\n<p>La celebraci\u00f3n del D\u00eda de las Madres en la Rep\u00fablica Dominicana se realiza cada a\u00f1o el \u00faltimo domingo de mayo para honrar a todas las madres del pa\u00eds.<\/p>\n\n\n\n<p><strong>Direcci\u00f3n General de Comunicaci\u00f3n, Prensa, y RRPP<\/strong><\/p>\n\n\n\n<p>Ministerio P\u00fablico. R.D.<\/p>\n\n\n\n<p><em><u>El homenaje a las madres que laboran en la sede del Ministerio P\u00fablico incluy\u00f3 una conferencia y la presentaci\u00f3n de flamenco<\/u><\/em><\/p>\n\n\n\n<p>SANTO DOMINGO (Rep\u00fablica Dominicana).- Al encabezar un acto especial dedicado a las madres que laboran en la sede del Ministerio P\u00fablico, con ocasi\u00f3n de la celebraci\u00f3n del D\u00eda de las Madres, este domingo 26 de mayo, la procuradora general de la Rep\u00fablica, magistrada Miriam Germ\u00e1n Brito, les exhort\u00f3 formar a sus hijos con valores y normas de comportamiento ejemplar y buena convivencia.<\/p>\n\n\n\n<p>\u201cYo quiero que ustedes, todas, valoren esa condici\u00f3n especial que la naturaleza les ha regalado, de formar a otra persona, formarlas con valores, donde no quepa el abuso, donde respeten a las compa\u00f1eras y que no tengan un signo de ego\u00edsmo ni de arrogancia en todos los actos de la vida\u201d, expres\u00f3 la magistrada Germ\u00e1n Brito al destacar la importancia de la educaci\u00f3n en valores.<\/p>\n\n\n\n<p>Afirm\u00f3 que, por lo general en un porcentaje alt\u00edsimo, los mejores valores en la formaci\u00f3n de una persona vienen de la madre. En ese sentido, agradeci\u00f3 la formaci\u00f3n que recibi\u00f3 de su madre, destacando su fortaleza, su trabajo y sus esfuerzos para inculcar en sus hijos los mejores valores, especialmente, el respeto hacia los dem\u00e1s.<\/p>\n\n\n\n<p>\u201cYo quisiera que todas las madres que tenemos hoy aqu\u00ed les inculquen a sus hijos que el valor m\u00e1ximo no es el tener, sino, el ser, el de vivir con dignidad, con decoro, respetar a los dem\u00e1s, no atropellar a nadie, no humillar; y, en producir a un ser as\u00ed, el papel estelar, es el de la madre\u201d, enfatiz\u00f3.<\/p>\n\n\n\n<p>En ese mismo orden, manifest\u00f3: \u201cyo s\u00e9 que las madres de aqu\u00ed viven pendientes de sus hijos, sean estos sin ninguna condici\u00f3n especial, y, m\u00e1s, con una condici\u00f3n diferente. Ese tipo de madre, con hijos con condiciones especiales, tiene el gran m\u00e9rito de mantenerse sin desfallecer\u201d, manifest\u00f3, tras valorar el rol de las madres en la crianza de sus hijos.&nbsp;<\/p>\n\n\n\n<p>En su discurso, la procuradora general Germ\u00e1n Brito felicit\u00f3 a todas las madres presentes en la actividad, que se llev\u00f3 a cabo en el auditorio de la Suprema Corte de Justicia y en el atrio central, en el edificio del Palacio de Justicia del Centro de los H\u00e9roes, en el Distrito Nacional.<\/p>\n\n\n\n<p>\u201cFelicidades a todas. Yo espero que ustedes formen seres humanos de verdad, que en la formaci\u00f3n de ellos pongan el acento del ser humano, en producir otro tipo de persona, de personas que no midan el \u00e9xito solo por lo que se tiene en el banco\u201d, reiter\u00f3 a las mujeres que participaron en el emotivo evento de homenaje a las madres, donde prim\u00f3 la alegr\u00eda y confraternidad.&nbsp;&nbsp;<\/p>\n\n\n\n<p>Como parte de la actividad fue impartida la conferencia \u201cMadre, Mujer y Fabulosa\u201d, por Haydd\u00e9 Dom\u00ednguez, quien es psic\u00f3loga cl\u00ednica y terapeuta sexual y de parejas, experta en Inteligencia Emocional.<\/p>\n\n\n\n<p>Dom\u00ednguez posee una maestr\u00eda en Psicolog\u00eda Cl\u00ednica, de la Universidad Tecnol\u00f3gica de Santiago (Utesa, Santiago), es especialista en terapia sexual y de parejas (ISEP, Barcelona), experta en inteligencia emocional, certificada facilitadora profesional por el Instituto de Formaci\u00f3n T\u00e9cnico Profesional (Infotep) y verificada experta en din\u00e1micas grupales por Gerza M\u00e9xico.<\/p>\n\n\n\n<p>Tambi\u00e9n, est\u00e1 certificada como Chief Happiness Officer (CHO) por la firma Big Bienestar Argentina, con enfoque en bienestar y felicidad empresarial. Tiene experiencia de trabajo formativo en universidades como expositora en congresos, eventos profesionales y como charlista en colegios, escuelas, juntas de vecinos y empresas p\u00fablicas y privadas. Adem\u00e1s, participa cada semana en diversos medios televisivos, radiales y escritos del pa\u00eds y el extranjero.<\/p>\n\n\n\n<p>Asimismo, fue realizada la presentaci\u00f3n de Flamenco: El Tablao de Paquita, de Paquita Acosta.<\/p>\n\n\n\n<p>Sobre la presentaci\u00f3n de Flamenco, se destaca que la escuela de danza espa\u00f1ola El Tablao de Paquita, naci\u00f3 en el 2008. Es dirigida por la reconocida maestra espa\u00f1ola Paquita Acosta, titulada del real conservatorio de Madrid. Tambi\u00e9n, ha sido formada por los mejores maestros de la danza espa\u00f1ola en todas sus ramas, adem\u00e1s de poseer un largo recorrido como maestra en Madrid, Espa\u00f1a, y en Zurich, Suiza, antes de asentarse en nuestro pa\u00eds.<\/p>\n\n\n\n<p>El homenaje fue organizado por la Direcci\u00f3n de Recursos Humanos del Ministerio P\u00fablico con el objetivo de reconocer el importante rol de madre y la labor que realizan desde el Ministerio P\u00fablico al servicio del pa\u00eds.<\/p>\n\n\n\n<p>La celebraci\u00f3n del D\u00eda de las Madres en la Rep\u00fablica Dominicana se realiza cada a\u00f1o el \u00faltimo domingo de mayo para honrar a todas las madres del pa\u00eds.<\/p>\n\n\n\n<p><strong>Direcci\u00f3n General de Comunicaci\u00f3n, Prensa, y RRPP<\/strong><\/p>\n\n\n\n<p>Ministerio P\u00fablico. R.D.<\/p>\n","protected":false},"excerpt":{"rendered":"<p>Procuradora Miriam Germ\u00e1n llama a formar hijos con valores en acto por el \u201cD\u00eda de las Madres\u201d El homenaje a las madres que laboran en la sede del Ministerio P\u00fablico incluy\u00f3 una conferencia y la presentaci\u00f3n de flamenco SANTO DOMINGO (Rep\u00fablica Dominicana).- Al encabezar un acto especial dedicado a las madres que laboran en la [&hellip;]<\/p>\n","protected":false},"author":7,"featured_media":533196,"comment_status":"closed","ping_status":"closed","sticky":true,"template":"","format":"standard","meta":{"footnotes":""},"categories":[24,27],"tags":[],"class_list":["post-533160","post","type-post","status-publish","format-standard","has-post-thumbnail","hentry","category-justicia-y-derecho","category-portada"],"_links":{"self":[{"href":"https:\/\/diariodominicano.com\/index.php?rest_route=\/wp\/v2\/posts\/533160","targetHints":{"allow":["GET"]}}],"collection":[{"href":"https:\/\/diariodominicano.com\/index.php?rest_route=\/wp\/v2\/posts"}],"about":[{"href":"https:\/\/diariodominicano.com\/index.php?rest_route=\/wp\/v2\/types\/post"}],"author":[{"embeddable":true,"href":"https:\/\/diariodominicano.com\/index.php?rest_route=\/wp\/v2\/users\/7"}],"replies":[{"embeddable":true,"href":"https:\/\/diariodominicano.com\/index.php?rest_route=%2Fwp%2Fv2%2Fcomments&post=533160"}],"version-history":[{"count":1,"href":"https:\/\/diariodominicano.com\/index.php?rest_route=\/wp\/v2\/posts\/533160\/revisions"}],"predecessor-version":[{"id":533188,"href":"https:\/\/diariodominicano.com\/index.php?rest_route=\/wp\/v2\/posts\/533160\/revisions\/533188"}],"wp:featuredmedia":[{"embeddable":true,"href":"https:\/\/diariodominicano.com\/index.php?rest_route=\/wp\/v2\/media\/533196"}],"wp:attachment":[{"href":"https:\/\/diariodominicano.com\/index.php?rest_route=%2Fwp%2Fv2%2Fmedia&parent=533160"}],"wp:term":[{"taxonomy":"category","embeddable":true,"href":"https:\/\/diariodominicano.com\/index.php?rest_route=%2Fwp%2Fv2%2Fcategories&post=533160"},{"taxonomy":"post_tag","embeddable":true,"href":"https:\/\/diariodominicano.com\/index.php?rest_route=%2Fwp%2Fv2%2Ftags&post=533160"}],"curies":[{"name":"wp","href":"https:\/\/api.w.org\/{rel}","templated":true}]}}