{"id":533102,"date":"2024-05-25T00:45:23","date_gmt":"2024-05-25T04:45:23","guid":{"rendered":"https:\/\/diariodominicano.com\/?p=533102"},"modified":"2024-05-25T00:46:41","modified_gmt":"2024-05-25T04:46:41","slug":"ministerio-publico-de-monte-plata-logra-condena-contra-hombre-acusado-de-clonar-tarjetas-del-programa-de-proteccion-social-superate","status":"publish","type":"post","link":"https:\/\/diariodominicano.com\/?p=533102","title":{"rendered":"Condenan a 3 a\u00f1os de prisi\u00f3n un hombre acusado de clonar tarjetas del programa de protecci\u00f3n social Sup\u00e9rate"},"content":{"rendered":"\n<p>MONTE PLATA, Rep\u00fablica Dominicana.- El Ministerio P\u00fablico de este distrito judicial obtuvo una sentencia condenatoria de tres a\u00f1os de prisi\u00f3n en contra de un hombre acusado de asociarse a otros dos para clonar tarjetas del programa de protecci\u00f3n social Sup\u00e9rate.<\/p>\n\n\n\n<p>El Tribunal Colegiado de Monte Plata conden\u00f3 a Claudio Beltr\u00e1n Eleuterio (Raudi), de 23 a\u00f1os de edad, quien deber\u00e1 cumplir la pena privativa de libertad en el Centro de Correcci\u00f3n y Rehabilitaci\u00f3n (CCR) de esta provincia y pagar una multa por un monto de RD$500 mil al Estado dominicano y las costas penales.<\/p>\n\n\n\n<p>En este proceso el tribunal tambi\u00e9n emiti\u00f3 una sentencia absolutoria a favor de los procesados David Then Rusell y Jefry Jos\u00e9 F\u00e9lix Rodr\u00edguez, de 34 y 31 a\u00f1os de edad, respectivamente, ambos declarados no culpables de los hechos atribuidos.<\/p>\n\n\n\n<p>El expediente se\u00f1ala que los acusados fueron apresados el 21 de abril de 2022 en el municipio Sabana Grande de Boy\u00e1 mientras se desplazaban a bordo de un carro Kia Blanco, en el cual durante una requisa fue ocupada una mochila que conten\u00eda tres fundas pl\u00e1sticas con 558 pl\u00e1sticos de tarjetas de color blanco y negro, as\u00ed como varios chip de diferentes empresas telef\u00f3nicas y documentos personales, adem\u00e1s de una sevillana y cargadores de computadoras.&nbsp;<\/p>\n\n\n\n<p>La sentencia fue dictada con motivo de la acusaci\u00f3n p\u00fablica presentada por \u00c1ngela Contreras y Jos\u00e9 del Carmen Garc\u00eda Hern\u00e1ndez, procuradores fiscales de Monte Plata, quienes estuvieron presentes en la audiencia actuando en funci\u00f3n de Ministerio P\u00fablico en representaci\u00f3n del Estado dominicano.<\/p>\n\n\n\n<p>Beltr\u00e1n Eleuterio fue declarado culpable de violar las disposiciones del art\u00edculo 8, de la Ley 53-07, sobre Cr\u00edmenes y Delitos de Alta Tecnolog\u00eda, el cual establece sobre los dispositivos fraudulentos \u201cEl hecho de producir, usar, poseer, traficar o distribuir, sin autoridad o causa leg\u00edtima, programas inform\u00e1ticos, equipos, materiales o dispositivos cuyo \u00fanico uso o uso fundamental sea el de emplearse como herramienta para cometer cr\u00edmenes y delitos de alta tecnolog\u00eda, se sancionar\u00e1 con la pena de uno a tres a\u00f1os de prisi\u00f3n y multa de veinte a cien veces el salario m\u00ednimo\u201d.<\/p>\n\n\n\n<p>El pasado a\u00f1o 2023, la Adess realiz\u00f3 una jornada de reemplazo de tarjetas de banda a chip electr\u00f3nico con el prop\u00f3sito de ofrecer mayor seguridad en la utilizaci\u00f3n de este medio de pago.<\/p>\n\n\n\n<p><strong>Direcci\u00f3n General de Comunicaci\u00f3n, Prensa, y RRPP<\/strong><strong><\/strong><\/p>\n\n\n\n<p>Ministerio P\u00fablico. R.D.<\/p>\n\n\n\n<p>Viernes, 24 de mayo de 2024.<\/p>\n","protected":false},"excerpt":{"rendered":"<p>MONTE PLATA, Rep\u00fablica Dominicana.- El Ministerio P\u00fablico de este distrito judicial obtuvo una sentencia condenatoria de tres a\u00f1os de prisi\u00f3n en contra de un hombre acusado de asociarse a otros dos para clonar tarjetas del programa de protecci\u00f3n social Sup\u00e9rate. El Tribunal Colegiado de Monte Plata conden\u00f3 a Claudio Beltr\u00e1n Eleuterio (Raudi), de 23 a\u00f1os [&hellip;]<\/p>\n","protected":false},"author":28,"featured_media":329468,"comment_status":"closed","ping_status":"closed","sticky":false,"template":"","format":"standard","meta":{"footnotes":""},"categories":[24,29],"tags":[],"class_list":["post-533102","post","type-post","status-publish","format-standard","has-post-thumbnail","hentry","category-justicia-y-derecho","category-policiasucesos"],"_links":{"self":[{"href":"https:\/\/diariodominicano.com\/index.php?rest_route=\/wp\/v2\/posts\/533102","targetHints":{"allow":["GET"]}}],"collection":[{"href":"https:\/\/diariodominicano.com\/index.php?rest_route=\/wp\/v2\/posts"}],"about":[{"href":"https:\/\/diariodominicano.com\/index.php?rest_route=\/wp\/v2\/types\/post"}],"author":[{"embeddable":true,"href":"https:\/\/diariodominicano.com\/index.php?rest_route=\/wp\/v2\/users\/28"}],"replies":[{"embeddable":true,"href":"https:\/\/diariodominicano.com\/index.php?rest_route=%2Fwp%2Fv2%2Fcomments&post=533102"}],"version-history":[{"count":2,"href":"https:\/\/diariodominicano.com\/index.php?rest_route=\/wp\/v2\/posts\/533102\/revisions"}],"predecessor-version":[{"id":533105,"href":"https:\/\/diariodominicano.com\/index.php?rest_route=\/wp\/v2\/posts\/533102\/revisions\/533105"}],"wp:featuredmedia":[{"embeddable":true,"href":"https:\/\/diariodominicano.com\/index.php?rest_route=\/wp\/v2\/media\/329468"}],"wp:attachment":[{"href":"https:\/\/diariodominicano.com\/index.php?rest_route=%2Fwp%2Fv2%2Fmedia&parent=533102"}],"wp:term":[{"taxonomy":"category","embeddable":true,"href":"https:\/\/diariodominicano.com\/index.php?rest_route=%2Fwp%2Fv2%2Fcategories&post=533102"},{"taxonomy":"post_tag","embeddable":true,"href":"https:\/\/diariodominicano.com\/index.php?rest_route=%2Fwp%2Fv2%2Ftags&post=533102"}],"curies":[{"name":"wp","href":"https:\/\/api.w.org\/{rel}","templated":true}]}}