{"id":533090,"date":"2024-05-25T00:02:55","date_gmt":"2024-05-25T04:02:55","guid":{"rendered":"https:\/\/diariodominicano.com\/?p=533090"},"modified":"2024-05-25T00:07:19","modified_gmt":"2024-05-25T04:07:19","slug":"especialista-advierte-que-el-humo-de-segunda-mano-se-asocia-a-problemas-respiratorios","status":"publish","type":"post","link":"https:\/\/diariodominicano.com\/?p=533090","title":{"rendered":"Especialista advierte que el humo de segunda mano se asocia a problemas respiratorios"},"content":{"rendered":"\n<p>El doctor Humberto Choi, neum\u00f3logo y especialista en cuidados intensivos de Cleveland Clinic.<\/p>\n\n\n\n<figure class=\"wp-block-image size-full\"><img loading=\"lazy\" decoding=\"async\" width=\"745\" height=\"490\" src=\"https:\/\/diariodominicano.com\/wp-content\/uploads\/2024\/05\/Los-efectos-daninos-del-uso-de-la-nicotina-son-acumulativos.jpg\" alt=\"\" class=\"wp-image-533092\" srcset=\"https:\/\/diariodominicano.com\/wp-content\/uploads\/2024\/05\/Los-efectos-daninos-del-uso-de-la-nicotina-son-acumulativos.jpg 745w, https:\/\/diariodominicano.com\/wp-content\/uploads\/2024\/05\/Los-efectos-daninos-del-uso-de-la-nicotina-son-acumulativos-300x197.jpg 300w\" sizes=\"auto, (max-width: 745px) 100vw, 745px\" \/><\/figure>\n\n\n\n<ul class=\"wp-block-list\">\n<li>Inhalar el humo de otras personas hace que se respiren sustancias qu\u00edmicas nocivas.<\/li>\n\n\n\n<li>La mejor manera de evitar la exposici\u00f3n es mantenerse alejado de las \u00e1reas donde las personas fuman.<\/li>\n<\/ul>\n\n\n\n<p><strong>Mayo 2024<\/strong>.- Cada 31 de mayo se celebra el D\u00eda Mundial sin Tabaco, este a\u00f1o, con el tema \u201cProteger a los ni\u00f1os de la interferencia de la industria tabacalera\u201d, se busca el cese de dirigir productos tabacaleros a este grupo de la poblaci\u00f3n por distintas v\u00edas, incluidas las redes sociales donde la gran mayor\u00eda tienen acceso.<\/p>\n\n\n\n<p>Sobre el consumo de tabaco en j\u00f3venes y los riesgos que representa para los ni\u00f1os, el doctor Humberto Choi, neum\u00f3logo y especialista en cuidados intensivos de Cleveland Clinic, dice que en la actualidad es m\u00e1s probable que este segmento de la poblaci\u00f3n se exponga al tabaco en distintas formas de consumo como el cigarrillo o los cigarrillos electr\u00f3nicos, y si alguien fuma en casa es m\u00e1s probable que los ellos tambi\u00e9n empiecen a fumar.<\/p>\n\n\n\n<p>Esta fecha, declarada por la Organizaci\u00f3n Mundial de la Salud (OMS), para llamar la atenci\u00f3n hacia la epidemia del tabaquismo y sus efectos letales, es tambi\u00e9n un llamado a cuidarse no solo de fumar, sino tambi\u00e9n de recibir el humo de los fumadores que est\u00e1n en nuestro entorno.<\/p>\n\n\n\n<p>El humo de segunda mano se inhala cuando se est\u00e1 cerca de fuentes de humo de tabaco, llamado tambi\u00e9n tabaquismo pasivo. Por ejemplo, en fiestas o reuniones p\u00fablicas.<\/p>\n\n\n\n<figure class=\"wp-block-image size-full\"><img loading=\"lazy\" decoding=\"async\" width=\"745\" height=\"490\" src=\"https:\/\/diariodominicano.com\/wp-content\/uploads\/2024\/05\/Todas-las-formas-de-uso-de-nicotina-tienen-riesgos-para-la-salud.jpg\" alt=\"\" class=\"wp-image-533095\" srcset=\"https:\/\/diariodominicano.com\/wp-content\/uploads\/2024\/05\/Todas-las-formas-de-uso-de-nicotina-tienen-riesgos-para-la-salud.jpg 745w, https:\/\/diariodominicano.com\/wp-content\/uploads\/2024\/05\/Todas-las-formas-de-uso-de-nicotina-tienen-riesgos-para-la-salud-300x197.jpg 300w\" sizes=\"auto, (max-width: 745px) 100vw, 745px\" \/><\/figure>\n\n\n\n<p><strong>Todas las formas de uso de nicotina tienen riesgos para la salud<\/strong><\/p>\n\n\n\n<p>\u201cCuando alguien est\u00e1 expuesto al humo de segunda mano tambi\u00e9n puede resultar afectado por las sustancias qu\u00edmicas nocivas en el humo del tabaco; los impactos en la salud se asocian con desarrollo de c\u00e1ncer de pulm\u00f3n y enfermedades cardiovasculares\u201d, afirma el doctor Choi.<\/p>\n\n\n\n<p>De acuerdo con datos de la OMS en todo el mundo hay 1,300 millones de consumidores de tabaco. Alrededor de 8 millones de personas mueren anualmente, (fumadores activos y fumadores expuestos al humo de segunda mano), incluido 1 mill\u00f3n en las Am\u00e9ricas.<\/p>\n\n\n\n<p>Choi a\u00f1ade que, \u201clos ni\u00f1os corren especial riesgo porque tocan o se acercan a productos qu\u00edmicos del tabaco, resultando esto en exposici\u00f3n de tercera mano, que ocurre al entrar en contacto con productos del tabaco que quedan en superficies y objetos como m\u00f3viles o paredes\u201d.<\/p>\n\n\n\n<p>Con relaci\u00f3n al enfoque de este a\u00f1o, datos de la OMS indican que los ni\u00f1os y adolescentes que usan cigarrillos electr\u00f3nicos tienen al menos el doble de posibilidades de fumar cigarrillos m\u00e1s tarde en su vida.<\/p>\n\n\n\n<p>\u201cLos riesgos asociados a los cigarrillos electr\u00f3nicos son diferentes. No dir\u00eda que sean necesariamente m\u00e1s bajos. Sin embargo, hemos visto que se asocian con una fuerte dependencia o adicci\u00f3n a la nicotina, pueden causar desde inflamaci\u00f3n pulmonar aguda hasta problemas dentales y otras complicaciones de salud\u201d, indica el especialista de Cleveland Clinic.<\/p>\n\n\n\n<p>El doctor Choi explica que es necesario buscar ayuda m\u00e9dica para tratar la dependencia a la nicotina. <\/p>\n\n\n\n<p>A veces los j\u00f3venes consumen tabaco para tratar los s\u00edntomas de un problema de salud mental, como la ansiedad o la depresi\u00f3n, esto puede ser dif\u00edcil de reconocer y obviamente es muy importante intentar investigar lo que est\u00e1 pasando.<\/p>\n\n\n\n<p>Vanessa Dur\u00e1n<\/p>\n\n\n\n<p><a target=\"_blank\" href=\"mailto:vduran@afcomunicacion.com\" rel=\"noreferrer noopener\">vduran@afcomunicacion.com<\/a><\/p>\n","protected":false},"excerpt":{"rendered":"<p>El doctor Humberto Choi, neum\u00f3logo y especialista en cuidados intensivos de Cleveland Clinic. Mayo 2024.- Cada 31 de mayo se celebra el D\u00eda Mundial sin Tabaco, este a\u00f1o, con el tema \u201cProteger a los ni\u00f1os de la interferencia de la industria tabacalera\u201d, se busca el cese de dirigir productos tabacaleros a este grupo de la [&hellip;]<\/p>\n","protected":false},"author":28,"featured_media":533091,"comment_status":"closed","ping_status":"closed","sticky":false,"template":"","format":"standard","meta":{"footnotes":""},"categories":[36,25,27],"tags":[],"class_list":["post-533090","post","type-post","status-publish","format-standard","has-post-thumbnail","hentry","category-hombresmujeresycosas","category-gente","category-portada"],"_links":{"self":[{"href":"https:\/\/diariodominicano.com\/index.php?rest_route=\/wp\/v2\/posts\/533090","targetHints":{"allow":["GET"]}}],"collection":[{"href":"https:\/\/diariodominicano.com\/index.php?rest_route=\/wp\/v2\/posts"}],"about":[{"href":"https:\/\/diariodominicano.com\/index.php?rest_route=\/wp\/v2\/types\/post"}],"author":[{"embeddable":true,"href":"https:\/\/diariodominicano.com\/index.php?rest_route=\/wp\/v2\/users\/28"}],"replies":[{"embeddable":true,"href":"https:\/\/diariodominicano.com\/index.php?rest_route=%2Fwp%2Fv2%2Fcomments&post=533090"}],"version-history":[{"count":2,"href":"https:\/\/diariodominicano.com\/index.php?rest_route=\/wp\/v2\/posts\/533090\/revisions"}],"predecessor-version":[{"id":533096,"href":"https:\/\/diariodominicano.com\/index.php?rest_route=\/wp\/v2\/posts\/533090\/revisions\/533096"}],"wp:featuredmedia":[{"embeddable":true,"href":"https:\/\/diariodominicano.com\/index.php?rest_route=\/wp\/v2\/media\/533091"}],"wp:attachment":[{"href":"https:\/\/diariodominicano.com\/index.php?rest_route=%2Fwp%2Fv2%2Fmedia&parent=533090"}],"wp:term":[{"taxonomy":"category","embeddable":true,"href":"https:\/\/diariodominicano.com\/index.php?rest_route=%2Fwp%2Fv2%2Fcategories&post=533090"},{"taxonomy":"post_tag","embeddable":true,"href":"https:\/\/diariodominicano.com\/index.php?rest_route=%2Fwp%2Fv2%2Ftags&post=533090"}],"curies":[{"name":"wp","href":"https:\/\/api.w.org\/{rel}","templated":true}]}}