{"id":53306,"date":"2020-06-01T10:36:08","date_gmt":"2020-06-01T10:36:08","guid":{"rendered":"http:\/\/diariodominicano.ddns.net\/?p=53306"},"modified":"2020-06-01T10:36:08","modified_gmt":"2020-06-01T10:36:08","slug":"reabre-al-publico-el-coliseo-romano-tras-84-dias-cerrado","status":"publish","type":"post","link":"https:\/\/diariodominicano.com\/?p=53306","title":{"rendered":"Reabre al p\u00fablico el Coliseo romano, tras 84 d\u00edas cerrado"},"content":{"rendered":"<p><body><\/p>\n<p><img decoding=\"async\" src=\"img3\/Italiacoliseo1-6-20.jpg\" \/>  <\/p>\n<p><span class=\"text1noticias\"> <\/span><\/p>\n<p><span class=\"text1noticias\">diariodominicano.com<\/span><\/p>\n<p><span class=\"text1noticias\"> <\/span><\/p>\n<p><span class=\"text1noticias\"> <\/span><\/p>\n<p><span class=\"text1noticias\">Roma, 1 jun (Prensa Latina) Luego de 84 d\u00edas cerrado al p\u00fablico por la emergencia sanitaria de la Covid-19, reabre hoy el Coliseo romano, emblem\u00e1tico monumento m\u00e1s visitado de Italia por algo m\u00e1s de 7,5 millones de turistas.<\/span><\/p>\n<p><span class=\"text1noticias\"> <\/span><\/p>\n<p><span class=\"text1noticias\">Excepto el Domus Aurea, tambi\u00e9n desde este lunes se podr\u00e1n visitar El Monte Palatino y el Foro Romano, que conforman el Parque Arqueol\u00f3gico Coliseo, donde se exigir\u00e1 el uso obligatorio de la mascarilla durante todo el recorrido, seg\u00fan inform\u00f3 el principal canal de noticias italiano Rai News.<\/span><\/p>\n<p><span class=\"text1noticias\"> <\/span><\/p>\n<p><span class=\"text1noticias\">Un termo esc\u00e1ner inteligente medir\u00e1 la temperatura a todas las personas en la entrada y en la Plaza Coliseo estar\u00e1 disponible un servicio de asistencia m\u00e9dica para los visitantes que presenten fiebre en el momento del chequeo, precis\u00f3 el informativo.<\/span><\/p>\n<p><span class=\"text1noticias\"> <\/span><\/p>\n<p><span class=\"text1noticias\">Alfonsina Russo, directora del Parque Arqueol\u00f3gico, inform\u00f3 que &#8216;el s\u00edmbolo de Roma e Italia se reabre, una se\u00f1al de esperanza para comenzar de nuevo con un turismo m\u00e1s sostenible y compatible con la ciudad&#8217;.<\/span><\/p>\n<p><span class=\"text1noticias\"> <\/span><\/p>\n<p><span class=\"text1noticias\">Accesibilidad, hospitalidad y seguridad caracterizar\u00e1n la reapertura, la cual hacemos hoy con &#8216;con gran entusiasmo y optimismo&#8217;, apunt\u00f3 Russo.<\/span><\/p>\n<p><span class=\"text1noticias\"> <\/span><\/p>\n<p><span class=\"text1noticias\">El a\u00f1o pasado el Coliseo, con 7,5 millones de visitantes; la Galer\u00eda Uffizi, uno de los atractivos m\u00e1s importantes de Florencia, con 4,4 millones, y el Parque Arqueol\u00f3gico de Pompeya, patrimonio de la humanidad, ubicado en N\u00e1poles, con algo m\u00e1s de 4.0 millones, fueron los sitios tur\u00edsticos de Italia m\u00e1s visitados.<\/span><\/p>\n<p><span class=\"text1noticias\"> <\/span><\/p>\n<p><span class=\"text1noticias\">La Galer\u00eda reabrir\u00e1 sus puertas el pr\u00f3ximo mi\u00e9rcoles 3 de junio, y antes lo hizo, el 26 de mayo, las excavaciones Pompeya, luego de m\u00e1s de dos meses de confinamiento, y donde tambi\u00e9n para acceder, en peque\u00f1os grupos y guardando distancia, media el uso de la mascarilla y el scanner t\u00e9rmico, adem\u00e1s de desinfectarse las manos con gel.<\/span><\/p>\n<p><span class=\"text1noticias\"> <\/span><\/p>\n<p><span class=\"text1noticias\">Eike Schmidt, directora de la Galer\u00eda, anunci\u00f3 que personalmente recibir\u00e1 a los primeros visitantes, donde la entrada se reducir\u00e1 a la mitad de su capacidad y se adoptan medidas para gestionar mejor el movimiento de las personas dentro del museo.<\/span><\/p>\n<p><span class=\"text1noticias\"> <\/span><\/p>\n<p><span class=\"text1noticias\">En tanto Pompeya tendr\u00e1 una primera fase de reapertura, de unas dos semanas, que incluye un solo recorrido para garantizar el necesario distanciamiento entre las personas por las calles principales y algunas villas de la ciudad, sepultada en el a\u00f1o 79 por la erupci\u00f3n del volc\u00e1n Vesubio<\/span>.<\/p>\n<\/p>\n<p>to\/smp<\/p>\n<h6> 2020-06-01 10:36:08 <\/h6>\n<p><!--\n<link rel=\"stylesheet\" href=\"css\/bootstrap.min.css\">\n\n\n<ul class=\"pagination\">\n\t    \n\t\n\n<li >\n\t<a href='?page_no=555'>Previous<\/a>\n\t<\/li>\n\n\n       \n    \n\n<li><a href='?page_no=1'>1<\/a><\/li>\n\n\n\n<li><a href='?page_no=2'>2<\/a><\/li>\n\n\n\n<li><a>...<\/a><\/li>\n\n\n\n<li><a href='?page_no=554'>554<\/a><\/li>\n\n\n\n<li><a href='?page_no=555'>555<\/a><\/li>\n\n\n\n<li class='active'><a>556<\/a><\/li>\n\n\n\n<li><a href='?page_no=557'>557<\/a><\/li>\n\n\n\n<li><a href='?page_no=558'>558<\/a><\/li>\n\n\n\n<li><a>...<\/a><\/li>\n\n\n\n<li><a href='?page_no=22911'>22911<\/a><\/li>\n\n\n\n<li><a href='?page_no=22912'>22912<\/a><\/li>\n\n    \n\t\n\n<li >\n\t<a href='?page_no=557'>Next<\/a>\n\t<\/li>\n\n\n    \n\n<li><a href='?page_no=22912'>Last &rsaquo;&rsaquo;<\/a><\/li>\n\n<\/ul>\n\n\n--><br \/>\n<\/body><\/p>\n","protected":false},"excerpt":{"rendered":"<p>diariodominicano.com Roma, 1 jun (Prensa Latina) Luego de 84 d\u00edas cerrado al p\u00fablico por la emergencia sanitaria de la Covid-19, reabre hoy el Coliseo romano, emblem\u00e1tico monumento m\u00e1s visitado de Italia por algo m\u00e1s de 7,5 millones de turistas. Excepto el Domus Aurea, tambi\u00e9n desde este lunes se podr\u00e1n visitar El Monte Palatino y el [&hellip;]<\/p>\n","protected":false},"author":3,"featured_media":0,"comment_status":"open","ping_status":"open","sticky":false,"template":"","format":"standard","meta":{"footnotes":""},"categories":[21],"tags":[],"class_list":["post-53306","post","type-post","status-publish","format-standard","hentry","category-cultura"],"_links":{"self":[{"href":"https:\/\/diariodominicano.com\/index.php?rest_route=\/wp\/v2\/posts\/53306","targetHints":{"allow":["GET"]}}],"collection":[{"href":"https:\/\/diariodominicano.com\/index.php?rest_route=\/wp\/v2\/posts"}],"about":[{"href":"https:\/\/diariodominicano.com\/index.php?rest_route=\/wp\/v2\/types\/post"}],"author":[{"embeddable":true,"href":"https:\/\/diariodominicano.com\/index.php?rest_route=\/wp\/v2\/users\/3"}],"replies":[{"embeddable":true,"href":"https:\/\/diariodominicano.com\/index.php?rest_route=%2Fwp%2Fv2%2Fcomments&post=53306"}],"version-history":[{"count":0,"href":"https:\/\/diariodominicano.com\/index.php?rest_route=\/wp\/v2\/posts\/53306\/revisions"}],"wp:attachment":[{"href":"https:\/\/diariodominicano.com\/index.php?rest_route=%2Fwp%2Fv2%2Fmedia&parent=53306"}],"wp:term":[{"taxonomy":"category","embeddable":true,"href":"https:\/\/diariodominicano.com\/index.php?rest_route=%2Fwp%2Fv2%2Fcategories&post=53306"},{"taxonomy":"post_tag","embeddable":true,"href":"https:\/\/diariodominicano.com\/index.php?rest_route=%2Fwp%2Fv2%2Ftags&post=53306"}],"curies":[{"name":"wp","href":"https:\/\/api.w.org\/{rel}","templated":true}]}}