{"id":53295,"date":"2020-06-01T10:46:12","date_gmt":"2020-06-01T10:46:12","guid":{"rendered":"http:\/\/diariodominicano.ddns.net\/?p=53295"},"modified":"2020-06-01T10:46:12","modified_gmt":"2020-06-01T10:46:12","slug":"intelectuales-analizan-el-feminismo-de-camila-henriquez-urena-en-la-feria-virtual-del-libro-y-la-cultura-2020","status":"publish","type":"post","link":"https:\/\/diariodominicano.com\/?p=53295","title":{"rendered":"Intelectuales analizan el feminismo de Camila Henr\u00edquez Ure\u00f1a en la Feria Virtual del Libro y la Cultura 2020"},"content":{"rendered":"<p><body><\/p>\n<p><img decoding=\"async\" src=\"img3\/Camila Henriquez1-6-20.jpg\" \/>  <\/p>\n<p><span class=\"text1noticias\">diariodominicano.com<\/span><\/p>\n<p><span class=\"text1noticias\">  <\/span><\/p>\n<p><span class=\"text1noticias\">Santo Domingo, R. D., 1 de junio, 2020.- Como una mujer con una educaci\u00f3n de condiciones universales y con fuertes ideales feministas, as\u00ed fue definida la intelectual Camila Henr\u00edquez Ure\u00f1a por los literatos dominicanos  Elena Ramos, Winston Franklin Vargas y Valent\u00edn Amaro, durante su participaci\u00f3n en el conversatorio \u00abCamila Henr\u00edquez Ure\u00f1a: vida y obra de una humanista excepcional\u00bb.<\/span><\/p>\n<p><span class=\"text1noticias\"> <\/span><\/p>\n<p><span class=\"text1noticias\"> <\/span><\/p>\n<p><span class=\"text1noticias\">El conversatorio fue realizado como parte de la programaci\u00f3n de la 23\u00aa Feria Internacional Virtual del Libro y la Cultura Santo Domingo 2020, el domingo 30 de mayo, el cual fue transmitido por las plataformas de redes sociales facebook.com\/MiCulturaRD\/ y youtube.com\/miculturard.<\/span><\/p>\n<p><span class=\"text1noticias\"> <\/span><\/p>\n<p><span class=\"text1noticias\"> <\/span><\/p>\n<p><span class=\"text1noticias\">La intelectual Elena Ramos, al referirse al pensamiento de Henr\u00edquez Ure\u00f1a, en referencia al rol de la mujer en la sociedad, manifest\u00f3 que sus ideales giraban en torno a que la mujer ten\u00eda que comportarse como un ente social independiente y que representara a su g\u00e9nero.<\/span><\/p>\n<p><span class=\"text1noticias\"> <\/span><\/p>\n<p><span class=\"text1noticias\">\u00abCamila entend\u00eda que la mujer deb\u00eda sumarle progreso a la Naci\u00f3n\u00bb, indic\u00f3 Ramos.<\/span><\/p>\n<p><span class=\"text1noticias\"> <\/span><\/p>\n<p><span class=\"text1noticias\">La estudiosa de la obra de Henr\u00edquez Ure\u00f1a sostuvo que \u00e9sta planteaba que todo ser humano tiene la capacidad crear y de reinventarse. Que la imaginaci\u00f3n del ser humano tiene la capacidad de hacer un mundo mejor.<\/span><\/p>\n<p><span class=\"text1noticias\"> <\/span><\/p>\n<p><span class=\"text1noticias\">Ramos defini\u00f3 a Camila Henr\u00edquez Ure\u00f1a como \u00abuna mujer que no solo era de palabras, sino tambi\u00e9n de acci\u00f3n\u00bb. Asegur\u00f3 que su humanismo se centraba en los libros, ya que era una abanderada de la difusi\u00f3n del conocimiento.<\/span><\/p>\n<p><span class=\"text1noticias\"> <\/span><\/p>\n<p><span class=\"text1noticias\">Durante su intervenci\u00f3n, destac\u00f3 que Camila fue pupila de Eugenio Mar\u00eda de Hostos, adoptando sus ideas pedag\u00f3gicas que consist\u00edan no solo en hablar bien, sino tambi\u00e9n en hacer el bien.<\/span><\/p>\n<p><span class=\"text1noticias\"> <\/span><\/p>\n<p><span class=\"text1noticias\">Por su parte, Winston Franklin Vargas asegur\u00f3 que una de las facetas literarias de Camila Henr\u00edquez Ure\u00f1a era el ensayo, el cual era definido por la intelectual como \u00abel campo de la psiquis humana\u00bb.<\/span><\/p>\n<p><span class=\"text1noticias\"> <\/span><\/p>\n<p><span class=\"text1noticias\">\u00abCamila era pol\u00edglota; hablaba franc\u00e9s, espa\u00f1ol, el ingl\u00e9s,  y conoc\u00eda desde muy joven el lat\u00edn\u00bb, asegur\u00f3.<\/span><\/p>\n<p><span class=\"text1noticias\"> <\/span><\/p>\n<p><span class=\"text1noticias\">Destac\u00f3 como cualidades que contribuyeron a la trascendencia de sus escritos, su evidente referencialidad en idiomas distintos, su capacidad de redacci\u00f3n y exposici\u00f3n con concisi\u00f3n; y su educaci\u00f3n de condiciones universales, entre otros aspectos.<\/span><\/p>\n<p><span class=\"text1noticias\"> <\/span><\/p>\n<p><span class=\"text1noticias\">Al referirse a su legado en el \u00e1mbito de la ense\u00f1anza, resalt\u00f3 que el hecho de que Camila Henr\u00edquez Ure\u00f1a fue nombrada Profesora Em\u00e9rita de la Universidad de la Habana es la primera manifestaci\u00f3n de que su ejercicio de la docencia en Cuba impact\u00f3 al estudiantado de ese pa\u00eds.<\/span><\/p>\n<p><span class=\"text1noticias\"> <\/span><\/p>\n<p><span class=\"text1noticias\">\u00abCamila es una autoridad en Cuba en materia de educaci\u00f3n. Era una mujer muy responsable. Camila fue criada entre profesoras. Su madre, hermanos, t\u00edas eran maestros. Desde peque\u00f1a manifest\u00f3 su inter\u00e9s por la ense\u00f1anza\u00bb, dijo.<\/span><\/p>\n<p><span class=\"text1noticias\"> <\/span><\/p>\n<p><span class=\"text1noticias\">El escritor Valent\u00edn Amaro particip\u00f3 como moderador y concluy\u00f3 las intervenciones exhortando al p\u00fablico a continuar estudiando y valorando la obra de Camila Henr\u00edquez Ure\u00f1a.<\/span><\/p>\n<p><span class=\"text1noticias\"> <\/span><\/p>\n<p><span class=\"text1noticias\">Del mismo modo, salud\u00f3 la participaci\u00f3n, como parte de la audiencia, de los intelectuales Juan May\u00ed, Federico Henr\u00edquez Gratereaux, Arg\u00e9nida Romero y Natacha Feliz Franco, entre otros.<\/span><\/p>\n<p><span class=\"text1noticias\"> <\/span><\/p>\n<p><span class=\"text1noticias\"> <\/span><\/p>\n<p><span class=\"text1noticias\"> <\/span><\/p>\n<p><span class=\"text1noticias\">Para participar en el evento, la Direcci\u00f3n General de la Feria del Libro invita  descargar en cualquier dispositivo m\u00f3vil, gratuitamente la aplicaci\u00f3n del Ministerio, MiCulturapp, y en el men\u00fa buscar \u00abeventos en vivo\u00bb para seguir la transmisi\u00f3n de estas actividades. <\/span><\/p>\n<p><span class=\"text1noticias\"> <\/span><\/p>\n<p><span class=\"text1noticias\">Video:<\/span><\/p>\n<p><span class=\"text1noticias\"> <\/span><\/p>\n<p><span class=\"text1noticias\">Conversaci\u00f3n: Camila Henr\u00edquez Ure\u00f1a: vida y obra de una humanista excepcional<\/span><\/p>\n<p><span class=\"text1noticias\"> <\/span><\/p>\n<p><span class=\"text1noticias\">Direcci\u00f3n de Comunicaciones<\/span><\/p>\n<p><span class=\"text1noticias\">Ministerio de Cultura de la Rep\u00fablica Dominicana<\/span><\/p>\n<p><span class=\"text1noticias\"> <\/span><\/p>\n<p><span class=\"text1noticias\"> <\/span><\/p>\n<p><span class=\"text1noticias\">Ministerio de Cu<\/span>ltura Rep\u00fablica Dominicana<\/p>\n<h6> 2020-06-01 10:46:12 <\/h6>\n<p><!--\n<link rel=\"stylesheet\" href=\"css\/bootstrap.min.css\">\n\n\n<ul class=\"pagination\">\n\t    \n\t\n\n<li >\n\t<a href='?page_no=554'>Previous<\/a>\n\t<\/li>\n\n\n       \n    \n\n<li><a href='?page_no=1'>1<\/a><\/li>\n\n\n\n<li><a href='?page_no=2'>2<\/a><\/li>\n\n\n\n<li><a>...<\/a><\/li>\n\n\n\n<li><a href='?page_no=553'>553<\/a><\/li>\n\n\n\n<li><a href='?page_no=554'>554<\/a><\/li>\n\n\n\n<li class='active'><a>555<\/a><\/li>\n\n\n\n<li><a href='?page_no=556'>556<\/a><\/li>\n\n\n\n<li><a href='?page_no=557'>557<\/a><\/li>\n\n\n\n<li><a>...<\/a><\/li>\n\n\n\n<li><a href='?page_no=22911'>22911<\/a><\/li>\n\n\n\n<li><a href='?page_no=22912'>22912<\/a><\/li>\n\n    \n\t\n\n<li >\n\t<a href='?page_no=556'>Next<\/a>\n\t<\/li>\n\n\n    \n\n<li><a href='?page_no=22912'>Last &rsaquo;&rsaquo;<\/a><\/li>\n\n<\/ul>\n\n\n--><br \/>\n<\/body><\/p>\n","protected":false},"excerpt":{"rendered":"<p>diariodominicano.com Santo Domingo, R. D., 1 de junio, 2020.- Como una mujer con una educaci\u00f3n de condiciones universales y con fuertes ideales feministas, as\u00ed fue definida la intelectual Camila Henr\u00edquez Ure\u00f1a por los literatos dominicanos Elena Ramos, Winston Franklin Vargas y Valent\u00edn Amaro, durante su participaci\u00f3n en el conversatorio \u00abCamila Henr\u00edquez Ure\u00f1a: vida y obra [&hellip;]<\/p>\n","protected":false},"author":3,"featured_media":0,"comment_status":"open","ping_status":"open","sticky":false,"template":"","format":"standard","meta":{"footnotes":""},"categories":[21],"tags":[],"class_list":["post-53295","post","type-post","status-publish","format-standard","hentry","category-cultura"],"_links":{"self":[{"href":"https:\/\/diariodominicano.com\/index.php?rest_route=\/wp\/v2\/posts\/53295","targetHints":{"allow":["GET"]}}],"collection":[{"href":"https:\/\/diariodominicano.com\/index.php?rest_route=\/wp\/v2\/posts"}],"about":[{"href":"https:\/\/diariodominicano.com\/index.php?rest_route=\/wp\/v2\/types\/post"}],"author":[{"embeddable":true,"href":"https:\/\/diariodominicano.com\/index.php?rest_route=\/wp\/v2\/users\/3"}],"replies":[{"embeddable":true,"href":"https:\/\/diariodominicano.com\/index.php?rest_route=%2Fwp%2Fv2%2Fcomments&post=53295"}],"version-history":[{"count":0,"href":"https:\/\/diariodominicano.com\/index.php?rest_route=\/wp\/v2\/posts\/53295\/revisions"}],"wp:attachment":[{"href":"https:\/\/diariodominicano.com\/index.php?rest_route=%2Fwp%2Fv2%2Fmedia&parent=53295"}],"wp:term":[{"taxonomy":"category","embeddable":true,"href":"https:\/\/diariodominicano.com\/index.php?rest_route=%2Fwp%2Fv2%2Fcategories&post=53295"},{"taxonomy":"post_tag","embeddable":true,"href":"https:\/\/diariodominicano.com\/index.php?rest_route=%2Fwp%2Fv2%2Ftags&post=53295"}],"curies":[{"name":"wp","href":"https:\/\/api.w.org\/{rel}","templated":true}]}}