{"id":532924,"date":"2024-05-25T10:36:31","date_gmt":"2024-05-25T14:36:31","guid":{"rendered":"https:\/\/diariodominicano.com\/?p=532924"},"modified":"2024-05-25T10:37:03","modified_gmt":"2024-05-25T14:37:03","slug":"la-gran-manzana-lanza-merenvolution-un-album-de-colaboraciones-y-sonido-vanguardista","status":"publish","type":"post","link":"https:\/\/diariodominicano.com\/?p=532924","title":{"rendered":"La Gran Manzana lanza \u201cMerenvolution\u201d,\u00a0un \u00e1lbum de colaboraciones y sonido vanguardista"},"content":{"rendered":"\n<p>La emblem\u00e1tica orquesta&nbsp;<strong>La Gran Manzana&nbsp;<\/strong>se enorgullece en presentar&nbsp;<strong><em>MerenVolution<\/em><\/strong>, un revolucionario \u00e1lbum colaborativo que marca un hito en la evoluci\u00f3n del merengue al mezclar elementos vanguardistas con la rica tradici\u00f3n r\u00edtmica del g\u00e9nero.&nbsp; El primer tema que se desprende de este \u00e1lbum es \u201c<strong>Me<\/strong>&nbsp;<strong>Cas\u00e9<\/strong>\u201d, interpretado por&nbsp;<strong>Vakero Y La Tribu de Abrante<\/strong>.<\/p>\n\n\n\n<p>El sencillo anterior de este \u00e1lbum fue \u201c<strong>Vamo<\/strong>&nbsp;<strong>Amanecer<\/strong>\u201d, de la leyenda viviente&nbsp;<strong>Fernando<\/strong>&nbsp;<strong>Villalona<\/strong>. Reconocido por su profundo impacto en el merengue y la m\u00fasica tropical, la ilustre carrera de Villalona abarca varias d\u00e9cadas y se destaca por su voz atemporal y sus contribuciones pioneras al g\u00e9nero. Su participaci\u00f3n en este proyecto subraya la dedicaci\u00f3n del \u00e1lbum tanto a la innovaci\u00f3n como a la tradici\u00f3n.<\/p>\n\n\n\n<p>El concepto de&nbsp;<strong><em>MerenVolution<\/em><\/strong>&nbsp;nace de la iniciativa de la orquesta por empoderar y colaborar con nuevas generaciones de artistas urbanos y tropicales alternativos, buscando reinterpretar el merengue con frescura y modernidad. Esta experiencia musical une generaciones y da inicio a un nuevo enfoque dentro del g\u00e9nero, fusionando ritmos de Cumbia, Dembow, Salsa, Ch\u00e1mppeta, Kompa y merengue tradicional.<\/p>\n\n\n\n<p><strong><em>MerenVolution<\/em><\/strong>&nbsp;incluye \u00abremakes\u00bb modernos de tres temas originales de la orquesta y cuatro canciones nuevas. Adem\u00e1s, cuenta con diez colaboraciones de artistas establecidos, y la participaci\u00f3n de productores e ingenieros que han trabajado con megaestrellas como Marc Anthony, Ozuna, Don Omar y Eladio Carrion.<\/p>\n\n\n\n<p>Entre los destacados colaboradores se encuentran&nbsp;<strong>Fernando<\/strong>&nbsp;<strong>Villalona<\/strong>,&nbsp;<strong>Shadow Blow<\/strong>,&nbsp;<strong>Jowell<\/strong>,&nbsp;<strong>Tony<\/strong>&nbsp;<strong>Succar<\/strong>,&nbsp;<strong>Christian<\/strong>&nbsp;<strong>Alicea<\/strong>,&nbsp;<strong>Rafa<\/strong>&nbsp;<strong>Pab\u00f3n<\/strong>,&nbsp;<strong>Ricci Oriach<\/strong>,&nbsp;<strong>La Tribu de<\/strong>&nbsp;<strong>Abrante<\/strong>,&nbsp;<strong>C\u00e1ceres<\/strong>&nbsp;y&nbsp;<strong>Manny<\/strong>&nbsp;<strong>Cruz<\/strong>.<\/p>\n\n\n\n<p><strong>La Gran Manzana<\/strong>, fundada por&nbsp;<strong>V\u00edctor Roque<\/strong>&nbsp;y&nbsp;<strong>Henry Hierro<\/strong>&nbsp;en 1982, es considerada la orquesta de merengue m\u00e1s influyente de Nueva York en las d\u00e9cadas de los 80 y 90. Con una trayectoria que fusiona el merengue tradicional con Pop, Rock, Funk y Disco, han sido hogar de talentosos m\u00fasicos y han producido m\u00e1s de 40 \u00e9xitos.<\/p>\n\n\n\n<p>En el 2024,&nbsp;<strong>La Gran Manzana&nbsp;<\/strong>celebra m\u00e1s de 40 a\u00f1os de m\u00fasica, cultura y evoluci\u00f3n con&nbsp;<strong>MerenVolution<\/strong>, un proyecto que muestra su legado al mezclar g\u00e9neros y presentar incre\u00edbles colaboraciones con artistas urbanos y tropicales de la nueva generaci\u00f3n.<\/p>\n\n\n\n<p>\u201c<strong>Me Cas\u00e9<\/strong>\u201d, \u201c<strong>Vamo Amanecer<\/strong>\u201dy el disco completo de&nbsp;<strong><em>MerenVolution<\/em><\/strong>&nbsp;ya est\u00e1n disponibles en todas las plataformas de m\u00fasica digital.<\/p>\n\n\n\n<p>creandomundos@gmail.com <\/p>\n","protected":false},"excerpt":{"rendered":"<p>La emblem\u00e1tica orquesta&nbsp;La Gran Manzana&nbsp;se enorgullece en presentar&nbsp;MerenVolution, un revolucionario \u00e1lbum colaborativo que marca un hito en la evoluci\u00f3n del merengue al mezclar elementos vanguardistas con la rica tradici\u00f3n r\u00edtmica del g\u00e9nero.&nbsp; El primer tema que se desprende de este \u00e1lbum es \u201cMe&nbsp;Cas\u00e9\u201d, interpretado por&nbsp;Vakero Y La Tribu de Abrante. El sencillo anterior de este [&hellip;]<\/p>\n","protected":false},"author":7,"featured_media":533125,"comment_status":"closed","ping_status":"closed","sticky":true,"template":"","format":"standard","meta":{"footnotes":""},"categories":[25,27],"tags":[],"class_list":["post-532924","post","type-post","status-publish","format-standard","has-post-thumbnail","hentry","category-gente","category-portada"],"_links":{"self":[{"href":"https:\/\/diariodominicano.com\/index.php?rest_route=\/wp\/v2\/posts\/532924","targetHints":{"allow":["GET"]}}],"collection":[{"href":"https:\/\/diariodominicano.com\/index.php?rest_route=\/wp\/v2\/posts"}],"about":[{"href":"https:\/\/diariodominicano.com\/index.php?rest_route=\/wp\/v2\/types\/post"}],"author":[{"embeddable":true,"href":"https:\/\/diariodominicano.com\/index.php?rest_route=\/wp\/v2\/users\/7"}],"replies":[{"embeddable":true,"href":"https:\/\/diariodominicano.com\/index.php?rest_route=%2Fwp%2Fv2%2Fcomments&post=532924"}],"version-history":[{"count":2,"href":"https:\/\/diariodominicano.com\/index.php?rest_route=\/wp\/v2\/posts\/532924\/revisions"}],"predecessor-version":[{"id":533156,"href":"https:\/\/diariodominicano.com\/index.php?rest_route=\/wp\/v2\/posts\/532924\/revisions\/533156"}],"wp:featuredmedia":[{"embeddable":true,"href":"https:\/\/diariodominicano.com\/index.php?rest_route=\/wp\/v2\/media\/533125"}],"wp:attachment":[{"href":"https:\/\/diariodominicano.com\/index.php?rest_route=%2Fwp%2Fv2%2Fmedia&parent=532924"}],"wp:term":[{"taxonomy":"category","embeddable":true,"href":"https:\/\/diariodominicano.com\/index.php?rest_route=%2Fwp%2Fv2%2Fcategories&post=532924"},{"taxonomy":"post_tag","embeddable":true,"href":"https:\/\/diariodominicano.com\/index.php?rest_route=%2Fwp%2Fv2%2Ftags&post=532924"}],"curies":[{"name":"wp","href":"https:\/\/api.w.org\/{rel}","templated":true}]}}