{"id":532788,"date":"2024-05-24T01:36:38","date_gmt":"2024-05-24T05:36:38","guid":{"rendered":"https:\/\/diariodominicano.com\/?p=532788"},"modified":"2024-05-24T04:43:30","modified_gmt":"2024-05-24T08:43:30","slug":"uasd-conmemora-30-anos-desaparicion-de-narcisazo-con-una-ofrenda-floral","status":"publish","type":"post","link":"https:\/\/diariodominicano.com\/?p=532788","title":{"rendered":"UASD conmemora 30 a\u00f1os desaparici\u00f3n de Narcisazo con una ofrenda floral\u00a0"},"content":{"rendered":"\n<p>La Universidad Aut\u00f3noma de Santo Domingo (UASD) conmemor\u00f3 el 30 aniversario de la desaparici\u00f3n del profesor Narciso Gonz\u00e1lez \u2013Narcisazo-, con el dep\u00f3sito de una ofrenda floral en el busto erigido en su honor.<\/p>\n\n\n\n<p>La vicerrectora de Extensi\u00f3n, maestra Rosal\u00eda Sosa P\u00e9rez, encabez\u00f3 la actividad y se\u00f1al\u00f3 que la vida de Narcisazo estuvo marcada por su inquebrantable compromiso con la verdad, la justicia y la educaci\u00f3n.<\/p>\n\n\n\n<p>\u00abSu desaparici\u00f3n forzada no s\u00f3lo arrebata la vida de un uasdiano, sino que tambi\u00e9n priv\u00f3 a la sociedad de una voz valiente que luchaba incansablemente por los derechos humanos y la dignidad de todos\u00bb, dijo la funcionaria.<\/p>\n\n\n\n<p>Expres\u00f3 que adem\u00e1s de maestro, \u00bbnos deleit\u00f3 con su talento y en diferentes facetas en las que desarroll\u00f3 su creatividad y su activismo e inspir\u00f3 a innumerables personas\u00bb.<\/p>\n\n\n\n<figure class=\"wp-block-gallery has-nested-images columns-default is-cropped wp-block-gallery-1 is-layout-flex wp-block-gallery-is-layout-flex\">\n<figure class=\"wp-block-image size-large\"><img loading=\"lazy\" decoding=\"async\" width=\"1024\" height=\"768\" data-id=\"532851\" src=\"https:\/\/diariodominicano.com\/wp-content\/uploads\/2024\/05\/UASD-conmemora-30-anos-desaparicion-de-Narcisazo-con-una-ofrenda-floral-1024x768.jpg\" alt=\"\" class=\"wp-image-532851\" srcset=\"https:\/\/diariodominicano.com\/wp-content\/uploads\/2024\/05\/UASD-conmemora-30-anos-desaparicion-de-Narcisazo-con-una-ofrenda-floral-1024x768.jpg 1024w, https:\/\/diariodominicano.com\/wp-content\/uploads\/2024\/05\/UASD-conmemora-30-anos-desaparicion-de-Narcisazo-con-una-ofrenda-floral-300x225.jpg 300w, https:\/\/diariodominicano.com\/wp-content\/uploads\/2024\/05\/UASD-conmemora-30-anos-desaparicion-de-Narcisazo-con-una-ofrenda-floral-768x576.jpg 768w, https:\/\/diariodominicano.com\/wp-content\/uploads\/2024\/05\/UASD-conmemora-30-anos-desaparicion-de-Narcisazo-con-una-ofrenda-floral-1536x1152.jpg 1536w, https:\/\/diariodominicano.com\/wp-content\/uploads\/2024\/05\/UASD-conmemora-30-anos-desaparicion-de-Narcisazo-con-una-ofrenda-floral-2048x1536.jpg 2048w, https:\/\/diariodominicano.com\/wp-content\/uploads\/2024\/05\/UASD-conmemora-30-anos-desaparicion-de-Narcisazo-con-una-ofrenda-floral-816x612.jpg 816w\" sizes=\"auto, (max-width: 1024px) 100vw, 1024px\" \/><\/figure>\n\n\n\n<figure class=\"wp-block-image size-large\"><img loading=\"lazy\" decoding=\"async\" width=\"1024\" height=\"768\" data-id=\"532850\" src=\"https:\/\/diariodominicano.com\/wp-content\/uploads\/2024\/05\/En-el-acto-de-recordacion-de-Narcisazo-el-presidente-de-Frente-de-Trabajadores-Narciso-Gonzalez-Rohmer-Castano-y-la-viuda-de-Gonzalez-Altagracia-Ramirez-ponderaron-las-cualidades-del-profesor-1024x768.jpg\" alt=\"\" class=\"wp-image-532850\" srcset=\"https:\/\/diariodominicano.com\/wp-content\/uploads\/2024\/05\/En-el-acto-de-recordacion-de-Narcisazo-el-presidente-de-Frente-de-Trabajadores-Narciso-Gonzalez-Rohmer-Castano-y-la-viuda-de-Gonzalez-Altagracia-Ramirez-ponderaron-las-cualidades-del-profesor-1024x768.jpg 1024w, https:\/\/diariodominicano.com\/wp-content\/uploads\/2024\/05\/En-el-acto-de-recordacion-de-Narcisazo-el-presidente-de-Frente-de-Trabajadores-Narciso-Gonzalez-Rohmer-Castano-y-la-viuda-de-Gonzalez-Altagracia-Ramirez-ponderaron-las-cualidades-del-profesor-300x225.jpg 300w, https:\/\/diariodominicano.com\/wp-content\/uploads\/2024\/05\/En-el-acto-de-recordacion-de-Narcisazo-el-presidente-de-Frente-de-Trabajadores-Narciso-Gonzalez-Rohmer-Castano-y-la-viuda-de-Gonzalez-Altagracia-Ramirez-ponderaron-las-cualidades-del-profesor-768x576.jpg 768w, https:\/\/diariodominicano.com\/wp-content\/uploads\/2024\/05\/En-el-acto-de-recordacion-de-Narcisazo-el-presidente-de-Frente-de-Trabajadores-Narciso-Gonzalez-Rohmer-Castano-y-la-viuda-de-Gonzalez-Altagracia-Ramirez-ponderaron-las-cualidades-del-profesor-816x612.jpg 816w, https:\/\/diariodominicano.com\/wp-content\/uploads\/2024\/05\/En-el-acto-de-recordacion-de-Narcisazo-el-presidente-de-Frente-de-Trabajadores-Narciso-Gonzalez-Rohmer-Castano-y-la-viuda-de-Gonzalez-Altagracia-Ramirez-ponderaron-las-cualidades-del-profesor.jpg 1356w\" sizes=\"auto, (max-width: 1024px) 100vw, 1024px\" \/><\/figure>\n<\/figure>\n\n\n\n<p>\u00abLa desaparici\u00f3n forzada de Gonz\u00e1lez, es un&nbsp; doloroso recordatorio de nuestra historia, la Corte Interamericana de Derecho Humanos declar\u00f3 al Estado dominicano responsable, por violar los derechos humanos del maestro y de su familia \u00ab, se\u00f1al\u00f3 la vicerrectora Sosa P\u00e9rez.<\/p>\n\n\n\n<p>Sostuvo que a 30 a\u00f1os de la desaparici\u00f3n del profesor Narcisazo, hay que continuar exigiendo respuestas hasta que los responsables sean llevados ante la justicia y en este d\u00eda \u00abrenovamos nuestro compromiso de recordarlo no s\u00f3lo como una v\u00edctima, sino como un h\u00e9roe cuyo esp\u00edritu sigue vivo en nuestras acciones\u201d.<\/p>\n\n\n\n<p>En el acto de recordaci\u00f3n de Narcisazo, el presidente de Frente de Trabajadores \u00abNarciso Gonz\u00e1lez\u00bb, Rohmer Casta\u00f1o y la viuda de Gonz\u00e1lez, Altagracia Ram\u00edrez, ponderaron las cualidades del profesor y agradecieron a la Academia estatal, porque en cada mayo realiza un &nbsp;homenaje dedicado a&nbsp;<a><\/a>honrar la memoria del catedr\u00e1tico universitario.<\/p>\n\n\n\n<p>Relaciones P\u00fablicas<\/p>\n\n\n\n<p><a target=\"_blank\" href=\"mailto:relacionespublicas@uasd.edu.do\" rel=\"noreferrer noopener\">relacionespublicas@uasd.edu.d<\/a><\/p>\n","protected":false},"excerpt":{"rendered":"<p>La Universidad Aut\u00f3noma de Santo Domingo (UASD) conmemor\u00f3 el 30 aniversario de la desaparici\u00f3n del profesor Narciso Gonz\u00e1lez \u2013Narcisazo-, con el dep\u00f3sito de una ofrenda floral en el busto erigido en su honor. La vicerrectora de Extensi\u00f3n, maestra Rosal\u00eda Sosa P\u00e9rez, encabez\u00f3 la actividad y se\u00f1al\u00f3 que la vida de Narcisazo estuvo marcada por su [&hellip;]<\/p>\n","protected":false},"author":28,"featured_media":532852,"comment_status":"closed","ping_status":"closed","sticky":false,"template":"","format":"standard","meta":{"footnotes":""},"categories":[26,27],"tags":[],"class_list":["post-532788","post","type-post","status-publish","format-standard","has-post-thumbnail","hentry","category-efemerides","category-portada"],"_links":{"self":[{"href":"https:\/\/diariodominicano.com\/index.php?rest_route=\/wp\/v2\/posts\/532788","targetHints":{"allow":["GET"]}}],"collection":[{"href":"https:\/\/diariodominicano.com\/index.php?rest_route=\/wp\/v2\/posts"}],"about":[{"href":"https:\/\/diariodominicano.com\/index.php?rest_route=\/wp\/v2\/types\/post"}],"author":[{"embeddable":true,"href":"https:\/\/diariodominicano.com\/index.php?rest_route=\/wp\/v2\/users\/28"}],"replies":[{"embeddable":true,"href":"https:\/\/diariodominicano.com\/index.php?rest_route=%2Fwp%2Fv2%2Fcomments&post=532788"}],"version-history":[{"count":3,"href":"https:\/\/diariodominicano.com\/index.php?rest_route=\/wp\/v2\/posts\/532788\/revisions"}],"predecessor-version":[{"id":532866,"href":"https:\/\/diariodominicano.com\/index.php?rest_route=\/wp\/v2\/posts\/532788\/revisions\/532866"}],"wp:featuredmedia":[{"embeddable":true,"href":"https:\/\/diariodominicano.com\/index.php?rest_route=\/wp\/v2\/media\/532852"}],"wp:attachment":[{"href":"https:\/\/diariodominicano.com\/index.php?rest_route=%2Fwp%2Fv2%2Fmedia&parent=532788"}],"wp:term":[{"taxonomy":"category","embeddable":true,"href":"https:\/\/diariodominicano.com\/index.php?rest_route=%2Fwp%2Fv2%2Fcategories&post=532788"},{"taxonomy":"post_tag","embeddable":true,"href":"https:\/\/diariodominicano.com\/index.php?rest_route=%2Fwp%2Fv2%2Ftags&post=532788"}],"curies":[{"name":"wp","href":"https:\/\/api.w.org\/{rel}","templated":true}]}}