{"id":532742,"date":"2024-05-24T00:03:59","date_gmt":"2024-05-24T04:03:59","guid":{"rendered":"https:\/\/diariodominicano.com\/?p=532742"},"modified":"2024-05-24T00:04:03","modified_gmt":"2024-05-24T04:04:03","slug":"fundacion-rancheros-unidos-celebra-en-nyc-su-11va-cena-benefica-seguir-haciendo-obras-rd","status":"publish","type":"post","link":"https:\/\/diariodominicano.com\/?p=532742","title":{"rendered":"Fundaci\u00f3n Rancheros Unidos celebra en NYC\u00a0su 11va. cena ben\u00e9fica seguir haciendo obras RD"},"content":{"rendered":"\n<p><strong>Por Ram\u00f3n Mercedes<\/strong><\/p>\n\n\n\n<p><strong>LONG ISLAND-NY.-&nbsp;<\/strong>La Fundaci\u00f3n Rancheros Unidos de NY, cuyos miembros son dominicanos, celebr\u00f3 su \u201cund\u00e9cima cena de Gala Ben\u00e9fica\u201d, con el objetivo de ayudar la sostenibilidad de los proyectos de acci\u00f3n social que realiza en la comunidad de los Ranchos de Babosico, poblado enclavado en la zona monta\u00f1osa de Santiago de los Caballeros, RD.<\/p>\n\n\n\n<p>El vicepresidente Nelson Eusebio y los esposos H\u00e9ctor y Sixta Bueno se encargaron de conducir la velada y dar paso a las diferentes actividades, discursos programados y presentaron a las personas.<\/p>\n\n\n\n<p>El empresario Augusto Taveras, presidente de la fundaci\u00f3n, resalt\u00f3 el trabajado que viene realizando la entidad a favor de las secciones del lugar.<\/p>\n\n\n\n<p>Se\u00f1al\u00f3 que en los \u00faltimos 14 a\u00f1os \u201chan apoyado a familias necesitadas, a muchas personas en el sector sanitario y financiado intervenciones quir\u00fargicas\u201d.<\/p>\n\n\n\n<p>\u201cA trav\u00e9s de las donaciones y colaboraciones de ustedes y las empresas amigas, hemos construido alrededor de 490 viviendas. Este complejo habitacional incluye \u00e1reas deportivas y servicios de salud\u201d, dijo.<\/p>\n\n\n\n<p>Hablaron tambi\u00e9n Danny Suriel, director de operaciones de America&#8217;s Food Basket; Bob Hughes, socio y vicepresidente senior de Porky Products; George Knobloch, director de operaciones de Key Food Stores y Antonio Escalona, vicepresidente senior y gerente general de la Unidad de Negocios Hispanos de PepsiCo con sede en NY.<\/p>\n\n\n\n<p>El evento tuvo lugar en el lujoso y confortable sal\u00f3n Foutain de Leonard\u2019s of Great Neck, Long Island, d\u00e1ndose cita m\u00e1s de 1,000 invitados, entre ellos propietarios de supermercados, amigos, oficiales electos, presidentes y funcionarios de empresas relacionadas con la comercializaci\u00f3n de productos agroindustriales para supermercados.<\/p>\n\n\n\n<p>Fue amenizado por la orquesta de los Hermanos Rosario, se brind\u00f3 un variado bufete y diferentes bebidas.<\/p>\n","protected":false},"excerpt":{"rendered":"<p>Por Ram\u00f3n Mercedes LONG ISLAND-NY.-&nbsp;La Fundaci\u00f3n Rancheros Unidos de NY, cuyos miembros son dominicanos, celebr\u00f3 su \u201cund\u00e9cima cena de Gala Ben\u00e9fica\u201d, con el objetivo de ayudar la sostenibilidad de los proyectos de acci\u00f3n social que realiza en la comunidad de los Ranchos de Babosico, poblado enclavado en la zona monta\u00f1osa de Santiago de los Caballeros, [&hellip;]<\/p>\n","protected":false},"author":28,"featured_media":532743,"comment_status":"closed","ping_status":"closed","sticky":false,"template":"","format":"standard","meta":{"footnotes":""},"categories":[36,20,25],"tags":[],"class_list":["post-532742","post","type-post","status-publish","format-standard","has-post-thumbnail","hentry","category-hombresmujeresycosas","category-dominicana-hoy","category-gente"],"_links":{"self":[{"href":"https:\/\/diariodominicano.com\/index.php?rest_route=\/wp\/v2\/posts\/532742","targetHints":{"allow":["GET"]}}],"collection":[{"href":"https:\/\/diariodominicano.com\/index.php?rest_route=\/wp\/v2\/posts"}],"about":[{"href":"https:\/\/diariodominicano.com\/index.php?rest_route=\/wp\/v2\/types\/post"}],"author":[{"embeddable":true,"href":"https:\/\/diariodominicano.com\/index.php?rest_route=\/wp\/v2\/users\/28"}],"replies":[{"embeddable":true,"href":"https:\/\/diariodominicano.com\/index.php?rest_route=%2Fwp%2Fv2%2Fcomments&post=532742"}],"version-history":[{"count":1,"href":"https:\/\/diariodominicano.com\/index.php?rest_route=\/wp\/v2\/posts\/532742\/revisions"}],"predecessor-version":[{"id":532744,"href":"https:\/\/diariodominicano.com\/index.php?rest_route=\/wp\/v2\/posts\/532742\/revisions\/532744"}],"wp:featuredmedia":[{"embeddable":true,"href":"https:\/\/diariodominicano.com\/index.php?rest_route=\/wp\/v2\/media\/532743"}],"wp:attachment":[{"href":"https:\/\/diariodominicano.com\/index.php?rest_route=%2Fwp%2Fv2%2Fmedia&parent=532742"}],"wp:term":[{"taxonomy":"category","embeddable":true,"href":"https:\/\/diariodominicano.com\/index.php?rest_route=%2Fwp%2Fv2%2Fcategories&post=532742"},{"taxonomy":"post_tag","embeddable":true,"href":"https:\/\/diariodominicano.com\/index.php?rest_route=%2Fwp%2Fv2%2Ftags&post=532742"}],"curies":[{"name":"wp","href":"https:\/\/api.w.org\/{rel}","templated":true}]}}