{"id":532674,"date":"2024-05-23T02:32:13","date_gmt":"2024-05-23T06:32:13","guid":{"rendered":"https:\/\/diariodominicano.com\/?p=532674"},"modified":"2024-05-23T02:35:06","modified_gmt":"2024-05-23T06:35:06","slug":"gobierno-anuncia-medidas-significativas-en-el-ambito-diplomatico","status":"publish","type":"post","link":"https:\/\/diariodominicano.com\/?p=532674","title":{"rendered":"Presidente Abinader instruye  medidas significativas en el \u00e1mbito diplom\u00e1tico"},"content":{"rendered":"\n<p>22 DE MAYO 2024 | 21:35<\/p>\n\n\n\n<figure class=\"wp-block-image\"><img decoding=\"async\" src=\"https:\/\/platform-cdn.sharethis.com\/img\/facebook.svg\" alt=\"facebook sharing button\"\/><\/figure>\n\n\n\n<figure class=\"wp-block-image\"><img decoding=\"async\" src=\"https:\/\/platform-cdn.sharethis.com\/img\/twitter.svg\" alt=\"twitter sharing button\"\/><\/figure>\n\n\n\n<figure class=\"wp-block-image\"><img decoding=\"async\" src=\"https:\/\/platform-cdn.sharethis.com\/img\/sharethis.svg\" alt=\"sharethis sharing button\"\/><\/figure>\n\n\n\n<p>Santo Domingo.- Dando continuidad al proceso de&nbsp;<strong>reforma del Estado<\/strong>&nbsp;<strong>y fortalecimiento institucional<\/strong>, el&nbsp;<strong>presidente Luis Abinader<\/strong>, comunic\u00f3 a trav\u00e9s de su cuenta de X, que ha instruido al&nbsp;<strong>ministro de Relaciones Exteriores,<\/strong>&nbsp;implementar&nbsp;<strong>medidas significativas<\/strong>&nbsp;en el \u00e1mbito diplom\u00e1tico, marcando un hito en la historia del pa\u00eds.<\/p>\n\n\n\n<p>En primer lugar, se proceder\u00e1, por primera vez en la historia diplom\u00e1tica dominicana, con los&nbsp;<strong>ascensos colectivos<\/strong>&nbsp;del personal del Ministerio de Relaciones Exteriores&nbsp;<strong>(Mirex)<\/strong>, conforme lo establece la&nbsp;<strong>normativa vigente<\/strong>&nbsp;y la evaluaci\u00f3n del desempe\u00f1o de los funcionarios.&nbsp;<\/p>\n\n\n\n<p>Este avance hist\u00f3rico busca&nbsp;<strong>reconocer y valorar<\/strong>&nbsp;el esfuerzo y la dedicaci\u00f3n de los diplom\u00e1ticos que han mostrado un desempe\u00f1o sobresaliente en sus funciones.<\/p>\n\n\n\n<p>En segundo lugar, se ha instruido la tramitaci\u00f3n de la incorporaci\u00f3n a la&nbsp;<strong>carrera diplom\u00e1tica<\/strong>&nbsp;de aquellos funcionarios diplom\u00e1ticos a\u00fan activos que, pese a haber cumplido con los requisitos establecidos de&nbsp;<strong>tiempo, m\u00e9rito y profesionalizaci\u00f3n<\/strong>, no hab\u00edan sido reconocidos en sus derechos.&nbsp;<\/p>\n\n\n\n<p>Esta medida busca&nbsp;<strong>corregir injusticias pasadas<\/strong>&nbsp;y garantizar que todos los diplom\u00e1ticos que han demostrado su&nbsp;<strong>compromiso y capacidad<\/strong>&nbsp;sean debidamente integrados en la carrera diplom\u00e1tica.<\/p>\n\n\n\n<p>Finalmente, se ha ordenado la convocatoria inmediata de un&nbsp;<strong>concurso p\u00fablico de libre competici\u00f3n<\/strong>&nbsp;para el ingreso de una nueva promoci\u00f3n a la carrera diplom\u00e1tica, una&nbsp;<strong>carrera administrativa especial.&nbsp;<\/strong><\/p>\n\n\n\n<p>Esta convocatoria tiene como objetivo atraer a los mejores talentos y asegurar un&nbsp;<strong>servicio exterior de excelencia<\/strong>, capaz de representar de manera efectiva los intereses del pa\u00eds en el \u00e1mbito internacional.<\/p>\n\n\n\n<p>Estas medidas reflejan el compromiso del gobierno con la\u00a0<strong>modernizaci\u00f3n del Estado y el fortalecimiento institucional,<\/strong>\u00a0promoviendo una diplomacia\u00a0<strong>profesional, eficiente y equitativa.<\/strong><\/p>\n\n\n\n<p>Presidencia de la Rep\u00fablica Dominicana.<\/p>\n","protected":false},"excerpt":{"rendered":"<p>22 DE MAYO 2024 | 21:35 Santo Domingo.- Dando continuidad al proceso de&nbsp;reforma del Estado&nbsp;y fortalecimiento institucional, el&nbsp;presidente Luis Abinader, comunic\u00f3 a trav\u00e9s de su cuenta de X, que ha instruido al&nbsp;ministro de Relaciones Exteriores,&nbsp;implementar&nbsp;medidas significativas&nbsp;en el \u00e1mbito diplom\u00e1tico, marcando un hito en la historia del pa\u00eds. En primer lugar, se proceder\u00e1, por primera vez [&hellip;]<\/p>\n","protected":false},"author":28,"featured_media":532675,"comment_status":"closed","ping_status":"closed","sticky":false,"template":"","format":"standard","meta":{"footnotes":""},"categories":[20,23,27],"tags":[],"class_list":["post-532674","post","type-post","status-publish","format-standard","has-post-thumbnail","hentry","category-dominicana-hoy","category-internacional","category-portada"],"_links":{"self":[{"href":"https:\/\/diariodominicano.com\/index.php?rest_route=\/wp\/v2\/posts\/532674","targetHints":{"allow":["GET"]}}],"collection":[{"href":"https:\/\/diariodominicano.com\/index.php?rest_route=\/wp\/v2\/posts"}],"about":[{"href":"https:\/\/diariodominicano.com\/index.php?rest_route=\/wp\/v2\/types\/post"}],"author":[{"embeddable":true,"href":"https:\/\/diariodominicano.com\/index.php?rest_route=\/wp\/v2\/users\/28"}],"replies":[{"embeddable":true,"href":"https:\/\/diariodominicano.com\/index.php?rest_route=%2Fwp%2Fv2%2Fcomments&post=532674"}],"version-history":[{"count":2,"href":"https:\/\/diariodominicano.com\/index.php?rest_route=\/wp\/v2\/posts\/532674\/revisions"}],"predecessor-version":[{"id":532678,"href":"https:\/\/diariodominicano.com\/index.php?rest_route=\/wp\/v2\/posts\/532674\/revisions\/532678"}],"wp:featuredmedia":[{"embeddable":true,"href":"https:\/\/diariodominicano.com\/index.php?rest_route=\/wp\/v2\/media\/532675"}],"wp:attachment":[{"href":"https:\/\/diariodominicano.com\/index.php?rest_route=%2Fwp%2Fv2%2Fmedia&parent=532674"}],"wp:term":[{"taxonomy":"category","embeddable":true,"href":"https:\/\/diariodominicano.com\/index.php?rest_route=%2Fwp%2Fv2%2Fcategories&post=532674"},{"taxonomy":"post_tag","embeddable":true,"href":"https:\/\/diariodominicano.com\/index.php?rest_route=%2Fwp%2Fv2%2Ftags&post=532674"}],"curies":[{"name":"wp","href":"https:\/\/api.w.org\/{rel}","templated":true}]}}