{"id":53262,"date":"2020-06-01T23:12:56","date_gmt":"2020-06-01T23:12:56","guid":{"rendered":"http:\/\/diariodominicano.ddns.net\/?p=53262"},"modified":"2020-06-01T23:12:56","modified_gmt":"2020-06-01T23:12:56","slug":"aprueban-enterrar-la-familia-de-cristobal-colon-en-la-catedral-de-santo-domingo","status":"publish","type":"post","link":"https:\/\/diariodominicano.com\/?p=53262","title":{"rendered":"Aprueban enterrar la familia de Crist\u00f3bal Col\u00f3n en la Catedral de Santo Domingo"},"content":{"rendered":"<p><body><\/p>\n<p>Diariodominicano.com<\/p>\n<p>Aprueban enterrar la familia de Crist\u00f3bal Col\u00f3n en la Catedral de Santo Domingo<\/p>\n<p><strong>SANTO DOMINGO,  el 2 de junio de 1537,<\/strong> el Emperador Carlos V, en virtud de una Real Provisi\u00f3n, concedi\u00f3 a Luis Col\u00f3n la Capilla Mayor  de la Catedral de Santo Domingo, para enterrar los restos de Crist\u00f3bal Col\u00f3n y sus descendientes.<\/p>\n<\/p>\n<p>   Carlos V  aprob\u00f3 la Real Provisi\u00f3n para atender una petici\u00f3n que le hab\u00eda hecho Mar\u00eda de Toledo, residente en la colonia espa\u00f1ola de Santo Domingo.<\/p>\n<\/p>\n<p>    Mar\u00eda de Toledo fue la esposa de Diego Col\u00f3n. Muri\u00f3  en la ciudad de Santo Domingo, el d\u00eda 11 de Mayo del a\u00f1o  1549.<\/p>\n<\/p>\n<\/p>\n<h6> 2020-06-01 23:12:56 <\/h6>\n<p><!--\n<link rel=\"stylesheet\" href=\"css\/bootstrap.min.css\">\n\n\n<ul class=\"pagination\">\n\t    \n\t\n\n<li >\n\t<a href='?page_no=551'>Previous<\/a>\n\t<\/li>\n\n\n       \n    \n\n<li><a href='?page_no=1'>1<\/a><\/li>\n\n\n\n<li><a href='?page_no=2'>2<\/a><\/li>\n\n\n\n<li><a>...<\/a><\/li>\n\n\n\n<li><a href='?page_no=550'>550<\/a><\/li>\n\n\n\n<li><a href='?page_no=551'>551<\/a><\/li>\n\n\n\n<li class='active'><a>552<\/a><\/li>\n\n\n\n<li><a href='?page_no=553'>553<\/a><\/li>\n\n\n\n<li><a href='?page_no=554'>554<\/a><\/li>\n\n\n\n<li><a>...<\/a><\/li>\n\n\n\n<li><a href='?page_no=22911'>22911<\/a><\/li>\n\n\n\n<li><a href='?page_no=22912'>22912<\/a><\/li>\n\n    \n\t\n\n<li >\n\t<a href='?page_no=553'>Next<\/a>\n\t<\/li>\n\n\n    \n\n<li><a href='?page_no=22912'>Last &rsaquo;&rsaquo;<\/a><\/li>\n\n<\/ul>\n\n\n--><br \/>\n<\/body><\/p>\n","protected":false},"excerpt":{"rendered":"<p>Diariodominicano.com Aprueban enterrar la familia de Crist\u00f3bal Col\u00f3n en la Catedral de Santo Domingo SANTO DOMINGO, el 2 de junio de 1537, el Emperador Carlos V, en virtud de una Real Provisi\u00f3n, concedi\u00f3 a Luis Col\u00f3n la Capilla Mayor de la Catedral de Santo Domingo, para enterrar los restos de Crist\u00f3bal Col\u00f3n y sus descendientes. [&hellip;]<\/p>\n","protected":false},"author":3,"featured_media":0,"comment_status":"open","ping_status":"open","sticky":false,"template":"","format":"standard","meta":{"footnotes":""},"categories":[21],"tags":[],"class_list":["post-53262","post","type-post","status-publish","format-standard","hentry","category-cultura"],"_links":{"self":[{"href":"https:\/\/diariodominicano.com\/index.php?rest_route=\/wp\/v2\/posts\/53262","targetHints":{"allow":["GET"]}}],"collection":[{"href":"https:\/\/diariodominicano.com\/index.php?rest_route=\/wp\/v2\/posts"}],"about":[{"href":"https:\/\/diariodominicano.com\/index.php?rest_route=\/wp\/v2\/types\/post"}],"author":[{"embeddable":true,"href":"https:\/\/diariodominicano.com\/index.php?rest_route=\/wp\/v2\/users\/3"}],"replies":[{"embeddable":true,"href":"https:\/\/diariodominicano.com\/index.php?rest_route=%2Fwp%2Fv2%2Fcomments&post=53262"}],"version-history":[{"count":0,"href":"https:\/\/diariodominicano.com\/index.php?rest_route=\/wp\/v2\/posts\/53262\/revisions"}],"wp:attachment":[{"href":"https:\/\/diariodominicano.com\/index.php?rest_route=%2Fwp%2Fv2%2Fmedia&parent=53262"}],"wp:term":[{"taxonomy":"category","embeddable":true,"href":"https:\/\/diariodominicano.com\/index.php?rest_route=%2Fwp%2Fv2%2Fcategories&post=53262"},{"taxonomy":"post_tag","embeddable":true,"href":"https:\/\/diariodominicano.com\/index.php?rest_route=%2Fwp%2Fv2%2Ftags&post=53262"}],"curies":[{"name":"wp","href":"https:\/\/api.w.org\/{rel}","templated":true}]}}