{"id":532512,"date":"2024-05-22T18:02:09","date_gmt":"2024-05-22T22:02:09","guid":{"rendered":"https:\/\/diariodominicano.com\/?p=532512"},"modified":"2024-05-22T18:02:15","modified_gmt":"2024-05-22T22:02:15","slug":"tribunal-condena-a-30-anos-a-feminicida-en-santiago","status":"publish","type":"post","link":"https:\/\/diariodominicano.com\/?p=532512","title":{"rendered":"Tribunal condena a 30 a\u00f1os a feminicida en Santiago"},"content":{"rendered":"\n<p>diariodominicano.com<\/p>\n\n\n\n<p>Santiago, R. D.,\u200222 de mayo, 2024.-  La Fiscal\u00eda de Santiago logr\u00f3 una condena de 30 a\u00f1os de prisi\u00f3n contra un hombre que, con premeditaci\u00f3n y asechanza, mat\u00f3 a su expareja sentimental, en un hecho ocurrido en el distrito municipal Santiago Oeste, en el a\u00f1o 2022.\u00a0<\/p>\n\n\n\n<p>La sentencia eman\u00f3 del Cuarto Tribunal Colegiado contra el feminicida Dionicio Antonio Sosa Santos (Pill\u00edn), hallado culpable del asesinato de Yuledy Adelaida Jim\u00e9nez Gonz\u00e1lez, la mujer que hab\u00eda decidido ponerle fin a la relaci\u00f3n sentimental con su verdugo, por la violencia de g\u00e9nero a la que la somet\u00eda.&nbsp;<\/p>\n\n\n\n<p>El fiscal litigante del Ministerio P\u00fablico, Elvin Ventura, present\u00f3 en audiencia de fondo m\u00faltiples elementos de pruebas contra el homicida, incluyendo el arma blanca con la que atac\u00f3 a la mujer en medio de una discusi\u00f3n en su lugar de trabajo.&nbsp;<\/p>\n\n\n\n<p>La investigaci\u00f3n del caso estuvo dirigida por la fiscal Visolis Gonz\u00e1lez Mer\u00e1n, del Departamento de Homicidios.&nbsp;<\/p>\n\n\n\n<p>La condena lograda contra el feminicida la emiti\u00f3 el tribunal integrado por los jueces Rub\u00e9n Dar\u00edo Cruz Uceta, Yasm\u00edn de los Santos y Rub\u00e9n Rodr\u00edguez.&nbsp;<\/p>\n\n\n\n<p>Los hechos constituyen una violaci\u00f3n a los art\u00edculos 265, 266, 295, 296, 297 y 302 del C\u00f3digo Penal Dominicano, as\u00ed tambi\u00e9n 309-1, 309-2 y 309-3, letras C y E, que tipifican y sancionan el asesinato con premeditaci\u00f3n y asechanza, y violencia de g\u00e9nero agravada.<\/p>\n\n\n\n<p><strong>Direcci\u00f3n General de Comunicaci\u00f3n, Prensa, y RRPP<\/strong><strong><\/strong><\/p>\n\n\n\n<p>Ministerio P\u00fablico. R.D.<\/p>\n\n\n\n<p>Mi\u00e9rcoles, 22 de mayo de 2024<\/p>\n","protected":false},"excerpt":{"rendered":"<p>diariodominicano.com Santiago, R. D.,\u200222 de mayo, 2024.- La Fiscal\u00eda de Santiago logr\u00f3 una condena de 30 a\u00f1os de prisi\u00f3n contra un hombre que, con premeditaci\u00f3n y asechanza, mat\u00f3 a su expareja sentimental, en un hecho ocurrido en el distrito municipal Santiago Oeste, en el a\u00f1o 2022.\u00a0 La sentencia eman\u00f3 del Cuarto Tribunal Colegiado contra el [&hellip;]<\/p>\n","protected":false},"author":5,"featured_media":469415,"comment_status":"closed","ping_status":"closed","sticky":true,"template":"","format":"standard","meta":{"footnotes":""},"categories":[24,27],"tags":[],"class_list":["post-532512","post","type-post","status-publish","format-standard","has-post-thumbnail","hentry","category-justicia-y-derecho","category-portada"],"_links":{"self":[{"href":"https:\/\/diariodominicano.com\/index.php?rest_route=\/wp\/v2\/posts\/532512","targetHints":{"allow":["GET"]}}],"collection":[{"href":"https:\/\/diariodominicano.com\/index.php?rest_route=\/wp\/v2\/posts"}],"about":[{"href":"https:\/\/diariodominicano.com\/index.php?rest_route=\/wp\/v2\/types\/post"}],"author":[{"embeddable":true,"href":"https:\/\/diariodominicano.com\/index.php?rest_route=\/wp\/v2\/users\/5"}],"replies":[{"embeddable":true,"href":"https:\/\/diariodominicano.com\/index.php?rest_route=%2Fwp%2Fv2%2Fcomments&post=532512"}],"version-history":[{"count":1,"href":"https:\/\/diariodominicano.com\/index.php?rest_route=\/wp\/v2\/posts\/532512\/revisions"}],"predecessor-version":[{"id":532513,"href":"https:\/\/diariodominicano.com\/index.php?rest_route=\/wp\/v2\/posts\/532512\/revisions\/532513"}],"wp:featuredmedia":[{"embeddable":true,"href":"https:\/\/diariodominicano.com\/index.php?rest_route=\/wp\/v2\/media\/469415"}],"wp:attachment":[{"href":"https:\/\/diariodominicano.com\/index.php?rest_route=%2Fwp%2Fv2%2Fmedia&parent=532512"}],"wp:term":[{"taxonomy":"category","embeddable":true,"href":"https:\/\/diariodominicano.com\/index.php?rest_route=%2Fwp%2Fv2%2Fcategories&post=532512"},{"taxonomy":"post_tag","embeddable":true,"href":"https:\/\/diariodominicano.com\/index.php?rest_route=%2Fwp%2Fv2%2Ftags&post=532512"}],"curies":[{"name":"wp","href":"https:\/\/api.w.org\/{rel}","templated":true}]}}