{"id":53251,"date":"2020-06-02T12:41:47","date_gmt":"2020-06-02T12:41:47","guid":{"rendered":"http:\/\/diariodominicano.ddns.net\/?p=53251"},"modified":"2020-06-02T12:41:47","modified_gmt":"2020-06-02T12:41:47","slug":"monsenor-tomas-morel-resalta-labor-del-minerd-en-medio-del-coronavirus","status":"publish","type":"post","link":"https:\/\/diariodominicano.com\/?p=53251","title":{"rendered":"Monse\u00f1or Tom\u00e1s Morel resalta labor del MINERD en medio del coronavirus"},"content":{"rendered":"<p><body><\/p>\n<p><img decoding=\"async\" src=\"img3\/Tomas Morel2-6-20.jpeg\" \/>  <\/p>\n<p><span class=\"text1noticias\"> <\/span><\/p>\n<p><span class=\"text1noticias\">diariodominicano.com<\/span><\/p>\n<p><span class=\"text1noticias\"> <\/span><\/p>\n<p><span class=\"text1noticias\"> Santiago, R. D., 2 de junio, 2020.-  Monse\u00f1or Tom\u00e1s Morel, obispo auxiliar de la arquidi\u00f3cesis de Santiago, resalt\u00f3 la ardua labor que desempe\u00f1a el Ministerio de Educaci\u00f3n (MINERD) en medio de la pandemia del coronavirus y la continuidad a distancia del a\u00f1o escolar 2019-2020, as\u00ed como con la planificaci\u00f3n del pr\u00f3ximo. <\/span><\/p>\n<p><span class=\"text1noticias\"> <\/span><\/p>\n<p><span class=\"text1noticias\"> <\/span><\/p>\n<p><span class=\"text1noticias\">Monse\u00f1or Morel, dijo que ha sido un gran desaf\u00edo, no solo para las autoridades del MINERD, sino para los docentes quienes han redoblado sus esfuerzos para continuar las clases de manera virtual y atender sus familias y necesidades personales al mismo tiempo. \u00abPor m\u00faltiples razones aseguramos que salir adelante ante un problema mundial, ha sido un gran desaf\u00edo para la educaci\u00f3n de la Rep\u00fablica Dominicana\u00bb, agreg\u00f3.<\/span><\/p>\n<p><span class=\"text1noticias\"> <\/span><\/p>\n<p><span class=\"text1noticias\"> <\/span><\/p>\n<p><span class=\"text1noticias\">El prelado cat\u00f3lico enfatiz\u00f3 sobre el compromiso asumido por los profesores, el m\u00e1s importante y arduo a la vez: formar personas.\u00bb Los maestros deben poseer la vocaci\u00f3n de comunicar y transmitir sus conocimientos basados en un conjunto de valores que permita a los j\u00f3venes y ni\u00f1os descubrir sus talentos, sobre todo en una sociedad tan tecnol\u00f3gica y con informaciones por doquier\u00bb, subray\u00f3. <\/span><\/p>\n<p><span class=\"text1noticias\"> <\/span><\/p>\n<p><span class=\"text1noticias\">Las declaraciones fueron ofrecidas en una eucarist\u00eda realizada en la Catedral Santiago Ap\u00f3stol para dar inicio el Mes del Regocijo Magisterial 2020, pese a las limitaciones que provocan las medidas sanitarias adoptadas para evitar la propagaci\u00f3n del coronavirus.  <\/span><\/p>\n<p><span class=\"text1noticias\"> <\/span><\/p>\n<p><span class=\"text1noticias\"> A la eucarist\u00eda, que se celebra cada a\u00f1o en honor a los docentes, acudi\u00f3 una peque\u00f1a representaci\u00f3n de la Direcci\u00f3n Regional de Educaci\u00f3n 08, encabezada por el director Jos\u00e9 Manuel Fern\u00e1ndez y la t\u00e9cnica de Formaci\u00f3n Humana, Milagros G\u00f3mez, quienes asistieron a la Catedral respetando el distanciamiento social. La misma fue transmitida por diferentes medios de comunicaci\u00f3n y redes sociales. <\/span><\/p>\n<p><span class=\"text1noticias\"> <\/span><\/p>\n<p><span class=\"text1noticias\">Fuente:  Prensa MINERD<\/span><\/p>\n<p><span class=\"text1noticias\">Direcci\u00f3n de Comunicaci\u00f3n y Relaciones P\u00fablicas <\/span><\/p>\n<p><span class=\"text1noticias\"> Licda. Magdalena Nu\u00f1ez<\/span><\/p>\n<p><span class=\"text1noticias\">Enc. Relaciones Publicas <\/span><\/p>\n<p><span class=\"text1noticias\"> Ministerio Educaci\u00f3n Rep\u00fa<\/span>blica Dominicana<\/p>\n<h6> 2020-06-02 12:41:47 <\/h6>\n<p><!--\n<link rel=\"stylesheet\" href=\"css\/bootstrap.min.css\">\n\n\n<ul class=\"pagination\">\n\t    \n\t\n\n<li >\n\t<a href='?page_no=550'>Previous<\/a>\n\t<\/li>\n\n\n       \n    \n\n<li><a href='?page_no=1'>1<\/a><\/li>\n\n\n\n<li><a href='?page_no=2'>2<\/a><\/li>\n\n\n\n<li><a>...<\/a><\/li>\n\n\n\n<li><a href='?page_no=549'>549<\/a><\/li>\n\n\n\n<li><a href='?page_no=550'>550<\/a><\/li>\n\n\n\n<li class='active'><a>551<\/a><\/li>\n\n\n\n<li><a href='?page_no=552'>552<\/a><\/li>\n\n\n\n<li><a href='?page_no=553'>553<\/a><\/li>\n\n\n\n<li><a>...<\/a><\/li>\n\n\n\n<li><a href='?page_no=22911'>22911<\/a><\/li>\n\n\n\n<li><a href='?page_no=22912'>22912<\/a><\/li>\n\n    \n\t\n\n<li >\n\t<a href='?page_no=552'>Next<\/a>\n\t<\/li>\n\n\n    \n\n<li><a href='?page_no=22912'>Last &rsaquo;&rsaquo;<\/a><\/li>\n\n<\/ul>\n\n\n--><br \/>\n<\/body><\/p>\n","protected":false},"excerpt":{"rendered":"<p>diariodominicano.com Santiago, R. D., 2 de junio, 2020.- Monse\u00f1or Tom\u00e1s Morel, obispo auxiliar de la arquidi\u00f3cesis de Santiago, resalt\u00f3 la ardua labor que desempe\u00f1a el Ministerio de Educaci\u00f3n (MINERD) en medio de la pandemia del coronavirus y la continuidad a distancia del a\u00f1o escolar 2019-2020, as\u00ed como con la planificaci\u00f3n del pr\u00f3ximo. Monse\u00f1or Morel, dijo [&hellip;]<\/p>\n","protected":false},"author":3,"featured_media":0,"comment_status":"open","ping_status":"open","sticky":false,"template":"","format":"standard","meta":{"footnotes":""},"categories":[21],"tags":[],"class_list":["post-53251","post","type-post","status-publish","format-standard","hentry","category-cultura"],"_links":{"self":[{"href":"https:\/\/diariodominicano.com\/index.php?rest_route=\/wp\/v2\/posts\/53251","targetHints":{"allow":["GET"]}}],"collection":[{"href":"https:\/\/diariodominicano.com\/index.php?rest_route=\/wp\/v2\/posts"}],"about":[{"href":"https:\/\/diariodominicano.com\/index.php?rest_route=\/wp\/v2\/types\/post"}],"author":[{"embeddable":true,"href":"https:\/\/diariodominicano.com\/index.php?rest_route=\/wp\/v2\/users\/3"}],"replies":[{"embeddable":true,"href":"https:\/\/diariodominicano.com\/index.php?rest_route=%2Fwp%2Fv2%2Fcomments&post=53251"}],"version-history":[{"count":0,"href":"https:\/\/diariodominicano.com\/index.php?rest_route=\/wp\/v2\/posts\/53251\/revisions"}],"wp:attachment":[{"href":"https:\/\/diariodominicano.com\/index.php?rest_route=%2Fwp%2Fv2%2Fmedia&parent=53251"}],"wp:term":[{"taxonomy":"category","embeddable":true,"href":"https:\/\/diariodominicano.com\/index.php?rest_route=%2Fwp%2Fv2%2Fcategories&post=53251"},{"taxonomy":"post_tag","embeddable":true,"href":"https:\/\/diariodominicano.com\/index.php?rest_route=%2Fwp%2Fv2%2Ftags&post=53251"}],"curies":[{"name":"wp","href":"https:\/\/api.w.org\/{rel}","templated":true}]}}