{"id":532469,"date":"2024-05-22T16:36:24","date_gmt":"2024-05-22T20:36:24","guid":{"rendered":"https:\/\/diariodominicano.com\/?p=532469"},"modified":"2024-05-22T17:10:15","modified_gmt":"2024-05-22T21:10:15","slug":"senador-luis-sepulveda-invita-a-celebrar-premios-soberanos-2025-en-ny","status":"publish","type":"post","link":"https:\/\/diariodominicano.com\/?p=532469","title":{"rendered":"Senador Luis Sep\u00falveda invita a celebrar Premios Soberanos 2025 en NY"},"content":{"rendered":"\n<p><em>ACROARTE es reconocido por el Senado de Nueva York<\/em> <\/p>\n\n\n\n<p><strong>Albany, NY<\/strong>&nbsp;\u2013 Por primera vez, miembros de la legislatura del estado de Nueva York, liderados por el Senador Estatal Luis Sep\u00falveda, han extendido una invitaci\u00f3n formal a la Asociaci\u00f3n de Cronistas de Arte (ACROARTE) para celebrar los Premios Soberanos 2025 por primera vez en el estado de Nueva York. Este evento coincidir\u00e1 con el 40 aniversario de este prestigioso premio, que reconoce y celebra lo mejor del arte y la cultura dominicana, as\u00ed como la trayectoria de amigos del arte latino.<\/p>\n\n\n\n<figure class=\"wp-block-gallery has-nested-images columns-default is-cropped wp-block-gallery-1 is-layout-flex wp-block-gallery-is-layout-flex\">\n<figure class=\"wp-block-image size-large\"><img loading=\"lazy\" decoding=\"async\" width=\"1024\" height=\"682\" data-id=\"532482\" src=\"https:\/\/diariodominicano.com\/wp-content\/uploads\/2024\/05\/Senador-Luis-Sepulveda-invita-celebrar-Premios-Soberanos-2025-NY-1024x682.jpg\" alt=\"\" class=\"wp-image-532482\" srcset=\"https:\/\/diariodominicano.com\/wp-content\/uploads\/2024\/05\/Senador-Luis-Sepulveda-invita-celebrar-Premios-Soberanos-2025-NY-1024x682.jpg 1024w, https:\/\/diariodominicano.com\/wp-content\/uploads\/2024\/05\/Senador-Luis-Sepulveda-invita-celebrar-Premios-Soberanos-2025-NY-300x200.jpg 300w, https:\/\/diariodominicano.com\/wp-content\/uploads\/2024\/05\/Senador-Luis-Sepulveda-invita-celebrar-Premios-Soberanos-2025-NY-768x512.jpg 768w, https:\/\/diariodominicano.com\/wp-content\/uploads\/2024\/05\/Senador-Luis-Sepulveda-invita-celebrar-Premios-Soberanos-2025-NY-1536x1023.jpg 1536w, https:\/\/diariodominicano.com\/wp-content\/uploads\/2024\/05\/Senador-Luis-Sepulveda-invita-celebrar-Premios-Soberanos-2025-NY-816x544.jpg 816w, https:\/\/diariodominicano.com\/wp-content\/uploads\/2024\/05\/Senador-Luis-Sepulveda-invita-celebrar-Premios-Soberanos-2025-NY.jpg 1600w\" sizes=\"auto, (max-width: 1024px) 100vw, 1024px\" \/><\/figure>\n<\/figure>\n\n\n\n<p>La invitaci\u00f3n fue presentada por el Senador Sep\u00falveda en colaboraci\u00f3n con el senador dominicano, Alexis Victoria Yeb. La presentaci\u00f3n tuvo lugar durante un acto formal en el Capitolio en Albany, donde ACROARTE y su presidenta, Wanda S\u00e1nchez, fueron recibidos con los honores correspondientes.<\/p>\n\n\n\n<p>Acompa\u00f1aron a S\u00e1nchez desde RD, Marivell Contreras, expresidenta y actual secretaria general; Eugenio P\u00e9rez, tesorero; y M\u00e1ximo Jim\u00e9nez, expresidente. De la filial de NY, estuvieron presentes Roberto Ger\u00f3nimo, Raymond Abad y Lissette Montol\u00edo.<\/p>\n\n\n\n<figure class=\"wp-block-gallery has-nested-images columns-default is-cropped wp-block-gallery-2 is-layout-flex wp-block-gallery-is-layout-flex\">\n<figure class=\"wp-block-image size-large\"><img loading=\"lazy\" decoding=\"async\" width=\"1024\" height=\"682\" data-id=\"532480\" src=\"https:\/\/diariodominicano.com\/wp-content\/uploads\/2024\/05\/Senador-Luis-Sepulveda-invita-a-celebrar-Premios-Soberanos-2025-en-NY-1024x682.jpg\" alt=\"\" class=\"wp-image-532480\" srcset=\"https:\/\/diariodominicano.com\/wp-content\/uploads\/2024\/05\/Senador-Luis-Sepulveda-invita-a-celebrar-Premios-Soberanos-2025-en-NY-1024x682.jpg 1024w, https:\/\/diariodominicano.com\/wp-content\/uploads\/2024\/05\/Senador-Luis-Sepulveda-invita-a-celebrar-Premios-Soberanos-2025-en-NY-300x200.jpg 300w, https:\/\/diariodominicano.com\/wp-content\/uploads\/2024\/05\/Senador-Luis-Sepulveda-invita-a-celebrar-Premios-Soberanos-2025-en-NY-768x512.jpg 768w, https:\/\/diariodominicano.com\/wp-content\/uploads\/2024\/05\/Senador-Luis-Sepulveda-invita-a-celebrar-Premios-Soberanos-2025-en-NY-1536x1023.jpg 1536w, https:\/\/diariodominicano.com\/wp-content\/uploads\/2024\/05\/Senador-Luis-Sepulveda-invita-a-celebrar-Premios-Soberanos-2025-en-NY-816x544.jpg 816w, https:\/\/diariodominicano.com\/wp-content\/uploads\/2024\/05\/Senador-Luis-Sepulveda-invita-a-celebrar-Premios-Soberanos-2025-en-NY.jpg 1600w\" sizes=\"auto, (max-width: 1024px) 100vw, 1024px\" \/><\/figure>\n<\/figure>\n\n\n\n<p>Los honores fueron otorgados bajo la resoluci\u00f3n senatorial J1915, que destaca la importancia y la influencia de los Premios Soberanos en la promoci\u00f3n del arte y la cultura.<\/p>\n\n\n\n<figure class=\"wp-block-gallery has-nested-images columns-default is-cropped wp-block-gallery-3 is-layout-flex wp-block-gallery-is-layout-flex\">\n<figure class=\"wp-block-image size-large\"><img loading=\"lazy\" decoding=\"async\" width=\"1024\" height=\"682\" data-id=\"532481\" src=\"https:\/\/diariodominicano.com\/wp-content\/uploads\/2024\/05\/Senador-Luis-Sepulveda-invita-celebrar-Premios-Soberanos-2025-en-NY-1024x682.jpg\" alt=\"\" class=\"wp-image-532481\" srcset=\"https:\/\/diariodominicano.com\/wp-content\/uploads\/2024\/05\/Senador-Luis-Sepulveda-invita-celebrar-Premios-Soberanos-2025-en-NY-1024x682.jpg 1024w, https:\/\/diariodominicano.com\/wp-content\/uploads\/2024\/05\/Senador-Luis-Sepulveda-invita-celebrar-Premios-Soberanos-2025-en-NY-300x200.jpg 300w, https:\/\/diariodominicano.com\/wp-content\/uploads\/2024\/05\/Senador-Luis-Sepulveda-invita-celebrar-Premios-Soberanos-2025-en-NY-768x512.jpg 768w, https:\/\/diariodominicano.com\/wp-content\/uploads\/2024\/05\/Senador-Luis-Sepulveda-invita-celebrar-Premios-Soberanos-2025-en-NY-1536x1023.jpg 1536w, https:\/\/diariodominicano.com\/wp-content\/uploads\/2024\/05\/Senador-Luis-Sepulveda-invita-celebrar-Premios-Soberanos-2025-en-NY-816x544.jpg 816w, https:\/\/diariodominicano.com\/wp-content\/uploads\/2024\/05\/Senador-Luis-Sepulveda-invita-celebrar-Premios-Soberanos-2025-en-NY.jpg 1600w\" sizes=\"auto, (max-width: 1024px) 100vw, 1024px\" \/><\/figure>\n<\/figure>\n\n\n\n<p>El senador Sep\u00falveda expres\u00f3 su entusiasmo por esta colaboraci\u00f3n internacional, afirmando: \u00abEs un honor para nosotros en Nueva York recibir a ACROARTE y celebrar juntos el 40 aniversario de los Premios Soberanos. Este evento destacar\u00eda la riqueza cultural de la Rep\u00fablica Dominicana y fortalecer\u00eda los lazos entre nuestras comunidades.\u00bb<\/p>\n\n\n\n<figure class=\"wp-block-gallery has-nested-images columns-default is-cropped wp-block-gallery-4 is-layout-flex wp-block-gallery-is-layout-flex\">\n<figure class=\"wp-block-image size-large\"><img loading=\"lazy\" decoding=\"async\" width=\"1024\" height=\"682\" data-id=\"532483\" src=\"https:\/\/diariodominicano.com\/wp-content\/uploads\/2024\/05\/Senador-Luis-Sepulveda-invita-a-celebrar-Premios-Soberanos-2025-NY-1024x682.jpg\" alt=\"\" class=\"wp-image-532483\" srcset=\"https:\/\/diariodominicano.com\/wp-content\/uploads\/2024\/05\/Senador-Luis-Sepulveda-invita-a-celebrar-Premios-Soberanos-2025-NY-1024x682.jpg 1024w, https:\/\/diariodominicano.com\/wp-content\/uploads\/2024\/05\/Senador-Luis-Sepulveda-invita-a-celebrar-Premios-Soberanos-2025-NY-300x200.jpg 300w, https:\/\/diariodominicano.com\/wp-content\/uploads\/2024\/05\/Senador-Luis-Sepulveda-invita-a-celebrar-Premios-Soberanos-2025-NY-768x512.jpg 768w, https:\/\/diariodominicano.com\/wp-content\/uploads\/2024\/05\/Senador-Luis-Sepulveda-invita-a-celebrar-Premios-Soberanos-2025-NY-1536x1023.jpg 1536w, https:\/\/diariodominicano.com\/wp-content\/uploads\/2024\/05\/Senador-Luis-Sepulveda-invita-a-celebrar-Premios-Soberanos-2025-NY-816x544.jpg 816w, https:\/\/diariodominicano.com\/wp-content\/uploads\/2024\/05\/Senador-Luis-Sepulveda-invita-a-celebrar-Premios-Soberanos-2025-NY.jpg 1600w\" sizes=\"auto, (max-width: 1024px) 100vw, 1024px\" \/><\/figure>\n<\/figure>\n\n\n\n<p>Rusking Pimentel, Senior Advisor del Senado de NY, SD32, destac\u00f3: \u2018\u2019Este es un hecho hist\u00f3rico, pues es la primera vez en la historia que ACROARTE y su presidenta son honrados en este Senado, y la primera vez que se otorga una resoluci\u00f3n senatorial y de la asamblea a este gremio. Esto es parte del esfuerzo por traer los premios a Nueva York\u2019\u2019.<\/p>\n\n\n\n<p>Wanda S\u00e1nchez, expres\u00f3 su gratitud por la invitaci\u00f3n y el reconocimiento, se\u00f1alando que este gesto es un testimonio del respeto y la admiraci\u00f3n que los Premios Soberanos han ganado a lo largo de los a\u00f1os. Tambi\u00e9n inform\u00f3 que un grupo de trabajo comenzar\u00e1 a coordinar los detalles de log\u00edstica y producci\u00f3n para explorar la posibilidad de traer los premios a Nueva York en 2025.<\/p>\n\n\n\n<p><strong>CM Comunicate<\/strong>\u00a0&lt;cmcomunicaterd@gmail.com> <\/p>\n","protected":false},"excerpt":{"rendered":"<p>ACROARTE es reconocido por el Senado de Nueva York Albany, NY&nbsp;\u2013 Por primera vez, miembros de la legislatura del estado de Nueva York, liderados por el Senador Estatal Luis Sep\u00falveda, han extendido una invitaci\u00f3n formal a la Asociaci\u00f3n de Cronistas de Arte (ACROARTE) para celebrar los Premios Soberanos 2025 por primera vez en el estado [&hellip;]<\/p>\n","protected":false},"author":7,"featured_media":532484,"comment_status":"closed","ping_status":"closed","sticky":true,"template":"","format":"standard","meta":{"footnotes":""},"categories":[25,27],"tags":[],"class_list":["post-532469","post","type-post","status-publish","format-standard","has-post-thumbnail","hentry","category-gente","category-portada"],"_links":{"self":[{"href":"https:\/\/diariodominicano.com\/index.php?rest_route=\/wp\/v2\/posts\/532469","targetHints":{"allow":["GET"]}}],"collection":[{"href":"https:\/\/diariodominicano.com\/index.php?rest_route=\/wp\/v2\/posts"}],"about":[{"href":"https:\/\/diariodominicano.com\/index.php?rest_route=\/wp\/v2\/types\/post"}],"author":[{"embeddable":true,"href":"https:\/\/diariodominicano.com\/index.php?rest_route=\/wp\/v2\/users\/7"}],"replies":[{"embeddable":true,"href":"https:\/\/diariodominicano.com\/index.php?rest_route=%2Fwp%2Fv2%2Fcomments&post=532469"}],"version-history":[{"count":1,"href":"https:\/\/diariodominicano.com\/index.php?rest_route=\/wp\/v2\/posts\/532469\/revisions"}],"predecessor-version":[{"id":532486,"href":"https:\/\/diariodominicano.com\/index.php?rest_route=\/wp\/v2\/posts\/532469\/revisions\/532486"}],"wp:featuredmedia":[{"embeddable":true,"href":"https:\/\/diariodominicano.com\/index.php?rest_route=\/wp\/v2\/media\/532484"}],"wp:attachment":[{"href":"https:\/\/diariodominicano.com\/index.php?rest_route=%2Fwp%2Fv2%2Fmedia&parent=532469"}],"wp:term":[{"taxonomy":"category","embeddable":true,"href":"https:\/\/diariodominicano.com\/index.php?rest_route=%2Fwp%2Fv2%2Fcategories&post=532469"},{"taxonomy":"post_tag","embeddable":true,"href":"https:\/\/diariodominicano.com\/index.php?rest_route=%2Fwp%2Fv2%2Ftags&post=532469"}],"curies":[{"name":"wp","href":"https:\/\/api.w.org\/{rel}","templated":true}]}}