{"id":53240,"date":"2020-06-03T01:15:42","date_gmt":"2020-06-03T01:15:42","guid":{"rendered":"http:\/\/diariodominicano.ddns.net\/?p=53240"},"modified":"2020-06-03T01:15:42","modified_gmt":"2020-06-03T01:15:42","slug":"ramfis-trujillo-le-resta-merito-al-general-juan-tomas-diaz-3","status":"publish","type":"post","link":"https:\/\/diariodominicano.com\/?p=53240","title":{"rendered":"Ramfis Trujillo le resta m\u00e9rito al general  Juan Tom\u00e1s D\u00edaz&#13;"},"content":{"rendered":"<p><body><\/p>\n<p><img decoding=\"async\" src=\"img3\/Ramfis31.jpg\" \/>  <\/p>\n<p><strong>Diariodominicano.com<\/strong><\/p>\n<p><strong>Confirman  la muerte de Ismael Estrella N\u00fa\u00f1ez; Ramfis Trujillo le resta m\u00e9rito al general  Juan Tom\u00e1s D\u00edaz<\/strong><\/p>\n<p><strong>SANTO DOMINGO,  el 3 de junio de 1961<\/strong>, continu\u00f3 la represi\u00f3n en el pa\u00eds y el Servicio de Inteligencia Militar  (SIM) intensific\u00f3 la persecuci\u00f3n  contra  los  ciudadanos que participaron  en el asesinato del dictador Rafael Le\u00f3nidas  Trujillo Molina, la noche del 31 de Mayo de 1961.<\/p>\n<\/p>\n<p>       El 3 de Junio de 1961, se conoci\u00f3 la versi\u00f3n de la muerte de  Ismael Estrella N\u00fa\u00f1ez, hermano de Salvador Estrella Sahdal\u00e1. En la ocasi\u00f3n se indic\u00f3 que  Estrella se ahorc\u00f3 en su hogar, por las presiones sicol\u00f3gicas que sufri\u00f3 de parte de los organismos de represi\u00f3n.<\/p>\n<\/p>\n<p>     Entre las personas que segu\u00edan detenidas el 3 de Junio de 1961,  figuran  Pedro (Piro) Estrella, padre de Salvador Estrella Sahdal\u00e1, su hermano Guarionex  Estrella, que era el comandante de La Vega, y el comandante de Dajab\u00f3n, Garc\u00eda  Urb\u00e1ez.<\/p>\n<\/p>\n<p>     Entre los que permanec\u00edan ocultos para evitar ser detenidos, se encontraba C\u00e9sar Estrella Sahdal\u00e1, hermano de Salvador Estrella Sahdal\u00e1.<\/p>\n<\/p>\n<p>        C\u00e9sar Estrella Sahdal\u00e1,  el d\u00eda 30 de Mayo de 1961 cuando fue asesinado el dictador Rafael Le\u00f3nidas Trujillo, trabajaba como ayudante del fiscal del Distrito,  Teodoro Tejeda.<\/p>\n<\/p>\n<p>      El hijo del Dictador  Trujillo,  el Jefe del Estado Mayor  Conjunto, general  Rafael Le\u00f3nidas  (Ramfis )Trujillo Molina  revel\u00f3 que recibi\u00f3 la versi\u00f3n de los prisioneros  de que el general Juan Tom\u00e1s D\u00edaz, actu\u00f3  por inquina personal contra Trujillo, porque lo hab\u00eda  puesto en retiro prematuramente el a\u00f1o anterior.<\/p>\n<\/p>\n<p>      Al respecto, el Jefe del Estado Mayor Conjunto  aleg\u00f3  que la puesta en retiro del  general Juan Tom\u00e1s D\u00edaz, se bas\u00f3 en su antig\u00fcedad y h\u00e1bitos personales.<\/p>\n<\/p>\n<p>    \u00abSu conducta personal  carec\u00eda a veces de buen orden, y hab\u00eda bebido considerablemente durante toda su vida\u00bb.<\/p>\n<\/p>\n<p>       Al hablar en la rueda de prensa el d\u00eda 3 de junio de 1961, el general  Ramfis Trujillo sostuvo que el General  D\u00edaz  no ten\u00eda partidarios  en las Fuerzas Armadas capaces de  proporcionarle la m\u00e1s leve esperanza de ayudarlo a dar un golpe de Estado.  <\/p>\n<\/p>\n<p>Dijo  que Juan Tom\u00e1s D\u00edaz era un  \u00abtraidor\u00bb. En el momento que habl\u00f3 el hijo del tirano, los exponentes del trujillismo  apoyaban  la campa\u00f1a represiva  que se llevaba a cabo en la ciudad de Santo Domingo y  pueblos  de provincias<\/p>\n<p>.<\/p>\n<h6> 2020-06-03 01:15:42 <\/h6>\n<p><!--\n<link rel=\"stylesheet\" href=\"css\/bootstrap.min.css\">\n\n\n<ul class=\"pagination\">\n\t    \n\t\n\n<li >\n\t<a href='?page_no=549'>Previous<\/a>\n\t<\/li>\n\n\n       \n    \n\n<li><a href='?page_no=1'>1<\/a><\/li>\n\n\n\n<li><a href='?page_no=2'>2<\/a><\/li>\n\n\n\n<li><a>...<\/a><\/li>\n\n\n\n<li><a href='?page_no=548'>548<\/a><\/li>\n\n\n\n<li><a href='?page_no=549'>549<\/a><\/li>\n\n\n\n<li class='active'><a>550<\/a><\/li>\n\n\n\n<li><a href='?page_no=551'>551<\/a><\/li>\n\n\n\n<li><a href='?page_no=552'>552<\/a><\/li>\n\n\n\n<li><a>...<\/a><\/li>\n\n\n\n<li><a href='?page_no=22911'>22911<\/a><\/li>\n\n\n\n<li><a href='?page_no=22912'>22912<\/a><\/li>\n\n    \n\t\n\n<li >\n\t<a href='?page_no=551'>Next<\/a>\n\t<\/li>\n\n\n    \n\n<li><a href='?page_no=22912'>Last &rsaquo;&rsaquo;<\/a><\/li>\n\n<\/ul>\n\n\n--><br \/>\n<\/body><\/p>\n","protected":false},"excerpt":{"rendered":"<p>Diariodominicano.com Confirman la muerte de Ismael Estrella N\u00fa\u00f1ez; Ramfis Trujillo le resta m\u00e9rito al general Juan Tom\u00e1s D\u00edaz SANTO DOMINGO, el 3 de junio de 1961, continu\u00f3 la represi\u00f3n en el pa\u00eds y el Servicio de Inteligencia Militar (SIM) intensific\u00f3 la persecuci\u00f3n contra los ciudadanos que participaron en el asesinato del dictador Rafael Le\u00f3nidas Trujillo [&hellip;]<\/p>\n","protected":false},"author":3,"featured_media":0,"comment_status":"open","ping_status":"open","sticky":false,"template":"","format":"standard","meta":{"footnotes":""},"categories":[21],"tags":[],"class_list":["post-53240","post","type-post","status-publish","format-standard","hentry","category-cultura"],"_links":{"self":[{"href":"https:\/\/diariodominicano.com\/index.php?rest_route=\/wp\/v2\/posts\/53240","targetHints":{"allow":["GET"]}}],"collection":[{"href":"https:\/\/diariodominicano.com\/index.php?rest_route=\/wp\/v2\/posts"}],"about":[{"href":"https:\/\/diariodominicano.com\/index.php?rest_route=\/wp\/v2\/types\/post"}],"author":[{"embeddable":true,"href":"https:\/\/diariodominicano.com\/index.php?rest_route=\/wp\/v2\/users\/3"}],"replies":[{"embeddable":true,"href":"https:\/\/diariodominicano.com\/index.php?rest_route=%2Fwp%2Fv2%2Fcomments&post=53240"}],"version-history":[{"count":0,"href":"https:\/\/diariodominicano.com\/index.php?rest_route=\/wp\/v2\/posts\/53240\/revisions"}],"wp:attachment":[{"href":"https:\/\/diariodominicano.com\/index.php?rest_route=%2Fwp%2Fv2%2Fmedia&parent=53240"}],"wp:term":[{"taxonomy":"category","embeddable":true,"href":"https:\/\/diariodominicano.com\/index.php?rest_route=%2Fwp%2Fv2%2Fcategories&post=53240"},{"taxonomy":"post_tag","embeddable":true,"href":"https:\/\/diariodominicano.com\/index.php?rest_route=%2Fwp%2Fv2%2Ftags&post=53240"}],"curies":[{"name":"wp","href":"https:\/\/api.w.org\/{rel}","templated":true}]}}