{"id":53239,"date":"2020-11-13T23:22:50","date_gmt":"2020-11-13T23:22:50","guid":{"rendered":"http:\/\/diariodominicano.ddns.net\/?p=53239"},"modified":"2020-11-13T23:22:50","modified_gmt":"2020-11-13T23:22:50","slug":"el-dia-que-ramfis-trujillo-renuncio-al-estado-mayor-general-conjunto","status":"publish","type":"post","link":"https:\/\/diariodominicano.com\/?p=53239","title":{"rendered":"El d\u00eda que Ramfis Trujillo renunci\u00f3  al Estado Mayor General  Conjunto"},"content":{"rendered":"<p><body><\/p>\n<p><img decoding=\"async\" src=\"img3\/Ranfis.jpg\" \/><br \/><img decoding=\"async\" src=\"img3\/Ranfis.jpg\" \/>  <\/p>\n<p><strong>Diariodominicano.com<\/strong><\/p>\n<p><strong>El d\u00eda que Ramfis Trujillo renunci\u00f3  al Estado Mayor General  Conjunto    <\/strong><\/p>\n<p><strong> Los fusilados en la Hacienda Mar\u00eda al anochecer del d\u00eda 18 de noviembre de 1961, fueron Pedro Livio Cede\u00f1o, Hu\u00e1scar Tejeda, Salvador Estrella Sahdal\u00e1,  Roberto Pastoriza, Modesto D\u00edaz,  y  Luis Manuel ?Tunti- C\u00e1ceres.<\/strong><\/p>\n<p><strong>Por H\u00e9ctor Tineo Nolasco<\/strong><\/p>\n<p><strong>Diariodominicano.com<\/strong><\/p>\n<p><strong>SANTO DOMINGO,  el 14 de Noviembre de 1961<\/strong>, el general de cuatro estrellas Rafael Le\u00f3nidas (Ramfis)  Trujillo Mart\u00ednez, present\u00f3 renuncia al cargo de Jefe de Estado Mayor General  Conjunto de las Fuerzas Armadas.<\/p>\n<\/p>\n<p>     La carta renuncia del general Ramfis Trujillo fue dirigida al Presidente interino Joaqu\u00edn Balaguer.  Aunque  fue entregada el d\u00eda 14 de noviembre,  fue dada a conocer al pa\u00eds el 19 de noviembre de 1961, un d\u00eda despu\u00e9s de que el hijo del dictador Rafael Le\u00f3nidas Trujillo Molina fusil\u00f3 a un grupo de los ciudadanos que participaron en la eliminaci\u00f3n f\u00edsica del Dictador.<\/p>\n<\/p>\n<p>     Los fusilados en la Hacienda Mar\u00eda al anochecer del d\u00eda 18 de noviembre de 1961, fueron Pedro Livio Cede\u00f1o, Hu\u00e1scar Tejeda, Salvador Estrella Sahdal\u00e1,  Roberto Pastoriza, Modesto D\u00edaz,  y  Luis Manuel ?Tunti- C\u00e1ceres.<\/p>\n<\/p>\n<p>    El acontecimiento estremeci\u00f3 al pa\u00eds, porque  el grupo fue sacado de la Penitenciar\u00eda Nacional de La Victoria, violando las disposiciones legales. La misma noche del 18 de noviembre Ramfis Trujillo, sus amigos y colaboradores abandonaron la Rep\u00fablica Dominicana.<\/p>\n<\/p>\n<p>    En la carta renuncia al Presidente Joaqu\u00edn Balaguer, Ramfis Trujillo anot\u00f3  que tom\u00f3 la decisi\u00f3n  porque el pa\u00eds  \u00abse va encausando por las rutas de la normalidad\u00bb.<\/p>\n<\/p>\n<p>      Le  expres\u00f3 al Jefe del Estado que su decisi\u00f3n no debe ser nada sorpresiva pues desde que  \u00abasum\u00ed el cargo que ocupo fue siempre mi intenci\u00f3n el renunciar a \u00e9l, y m\u00e1s en los actuales momentos en que, al hacerlo, puedo ofrecer a Vuestra Excelencia mayor amplitud de acci\u00f3n para encontrar, m\u00e1s r\u00e1pidamente, las soluciones encaminadas al bien de la patria y, muy especialmente, al bienestar de las clases humildes del pa\u00eds\u00bb. (sic)<\/p>\n<\/p>\n<p>    Ramfis Trujillo anot\u00f3 que al morir su padre ten\u00eda que hacerse cargo de la direcci\u00f3n de los asuntos pertinentes a su madre, hermanos, y sus hijos.<\/p>\n<\/p>\n<h6> 2020-11-13 23:22:50 <\/h6>\n<p><!--\n<link rel=\"stylesheet\" href=\"css\/bootstrap.min.css\">\n\n\n<ul class=\"pagination\">\n\t    \n\t\n\n<li >\n\t<a href='?page_no=54'>Previous<\/a>\n\t<\/li>\n\n\n       \n    \n\n<li><a href='?page_no=1'>1<\/a><\/li>\n\n\n\n<li><a href='?page_no=2'>2<\/a><\/li>\n\n\n\n<li><a>...<\/a><\/li>\n\n\n\n<li><a href='?page_no=53'>53<\/a><\/li>\n\n\n\n<li><a href='?page_no=54'>54<\/a><\/li>\n\n\n\n<li class='active'><a>55<\/a><\/li>\n\n\n\n<li><a href='?page_no=56'>56<\/a><\/li>\n\n\n\n<li><a href='?page_no=57'>57<\/a><\/li>\n\n\n\n<li><a>...<\/a><\/li>\n\n\n\n<li><a href='?page_no=22911'>22911<\/a><\/li>\n\n\n\n<li><a href='?page_no=22912'>22912<\/a><\/li>\n\n    \n\t\n\n<li >\n\t<a href='?page_no=56'>Next<\/a>\n\t<\/li>\n\n\n    \n\n<li><a href='?page_no=22912'>Last &rsaquo;&rsaquo;<\/a><\/li>\n\n<\/ul>\n\n\n--><br \/>\n<\/body><\/p>\n","protected":false},"excerpt":{"rendered":"<p>Diariodominicano.com El d\u00eda que Ramfis Trujillo renunci\u00f3 al Estado Mayor General Conjunto Los fusilados en la Hacienda Mar\u00eda al anochecer del d\u00eda 18 de noviembre de 1961, fueron Pedro Livio Cede\u00f1o, Hu\u00e1scar Tejeda, Salvador Estrella Sahdal\u00e1, Roberto Pastoriza, Modesto D\u00edaz, y Luis Manuel ?Tunti- C\u00e1ceres. Por H\u00e9ctor Tineo Nolasco Diariodominicano.com SANTO DOMINGO, el 14 de [&hellip;]<\/p>\n","protected":false},"author":3,"featured_media":0,"comment_status":"open","ping_status":"open","sticky":false,"template":"","format":"standard","meta":{"footnotes":""},"categories":[21],"tags":[],"class_list":["post-53239","post","type-post","status-publish","format-standard","hentry","category-cultura"],"_links":{"self":[{"href":"https:\/\/diariodominicano.com\/index.php?rest_route=\/wp\/v2\/posts\/53239","targetHints":{"allow":["GET"]}}],"collection":[{"href":"https:\/\/diariodominicano.com\/index.php?rest_route=\/wp\/v2\/posts"}],"about":[{"href":"https:\/\/diariodominicano.com\/index.php?rest_route=\/wp\/v2\/types\/post"}],"author":[{"embeddable":true,"href":"https:\/\/diariodominicano.com\/index.php?rest_route=\/wp\/v2\/users\/3"}],"replies":[{"embeddable":true,"href":"https:\/\/diariodominicano.com\/index.php?rest_route=%2Fwp%2Fv2%2Fcomments&post=53239"}],"version-history":[{"count":0,"href":"https:\/\/diariodominicano.com\/index.php?rest_route=\/wp\/v2\/posts\/53239\/revisions"}],"wp:attachment":[{"href":"https:\/\/diariodominicano.com\/index.php?rest_route=%2Fwp%2Fv2%2Fmedia&parent=53239"}],"wp:term":[{"taxonomy":"category","embeddable":true,"href":"https:\/\/diariodominicano.com\/index.php?rest_route=%2Fwp%2Fv2%2Fcategories&post=53239"},{"taxonomy":"post_tag","embeddable":true,"href":"https:\/\/diariodominicano.com\/index.php?rest_route=%2Fwp%2Fv2%2Ftags&post=53239"}],"curies":[{"name":"wp","href":"https:\/\/api.w.org\/{rel}","templated":true}]}}