{"id":532328,"date":"2024-05-22T00:46:56","date_gmt":"2024-05-22T04:46:56","guid":{"rendered":"https:\/\/diariodominicano.com\/?p=532328"},"modified":"2024-05-22T00:46:59","modified_gmt":"2024-05-22T04:46:59","slug":"en-india-dia-contra-terrorismo-en-tributo-a-ex-primer-ministro-gandhi","status":"publish","type":"post","link":"https:\/\/diariodominicano.com\/?p=532328","title":{"rendered":"En India d\u00eda contra terrorismo en tributo a ex primer ministro Gandhi"},"content":{"rendered":"\n<p>Nueva Delhi, 21 may (Prensa Latina) India recuerda hoy al ex primer ministro Rajiv Gandhi, quien fue asesinado el 21 de mayo de 1991, motivo por el cual se instaur\u00f3 en la naci\u00f3n surasi\u00e1tica el D\u00eda Nacional contra el Terrorismo.<\/p>\n\n\n\n<ul class=\"wp-block-list\">\n<li><a href=\"https:\/\/www.prensa-latina.cu\/2024\/05\/21\/\"><time>mayo 21, 2024 | 02:22<\/time><\/a><\/li>\n<\/ul>\n\n\n\n<ul class=\"wp-block-list\">\n<li><a href=\"https:\/\/www.prensa-latina.cu\/2024\/05\/21\/en-india-dia-contra-terrorismo-en-tributo-a-ex-primer-ministro-gandhi\/#\"><\/a><\/li>\n\n\n\n<li><a href=\"https:\/\/www.prensa-latina.cu\/2024\/05\/21\/en-india-dia-contra-terrorismo-en-tributo-a-ex-primer-ministro-gandhi\/#\"><\/a><\/li>\n\n\n\n<li><a href=\"https:\/\/www.prensa-latina.cu\/2024\/05\/21\/en-india-dia-contra-terrorismo-en-tributo-a-ex-primer-ministro-gandhi\/#\"><\/a><\/li>\n\n\n\n<li><a href=\"https:\/\/www.prensa-latina.cu\/2024\/05\/21\/en-india-dia-contra-terrorismo-en-tributo-a-ex-primer-ministro-gandhi\/#\"><\/a><\/li>\n<\/ul>\n\n\n\n<p>La jornada se observa para educar a las personas sobre el impacto negativo del terrorismo y la violencia en la sociedad y la naci\u00f3n.<\/p>\n\n\n\n<p>Rajiv se desempe\u00f1\u00f3 como sexto primer ministro de la India de 1984 a 1989, luego del atentado en 1984 a su predecesora y madre, Indira Gandhi.<\/p>\n\n\n\n<p>Asumi\u00f3 la alta responsabilidad hasta su derrota en las elecciones de 1989, luego se convirti\u00f3 en l\u00edder de la oposici\u00f3n en la Lok Sabha (C\u00e1mara Baja del Parlamento) y dimiti\u00f3 en diciembre de 1990.<\/p>\n\n\n\n<p>Seis meses despu\u00e9s el 21 de mayo de 1991 encontr\u00f3 la muerte en un atentado con explosivos en Sriperumbudur, mientras hac\u00eda campa\u00f1a por el candidato del Partido del Congreso Nacional Indio para los comicios legislativos de ese a\u00f1o.<\/p>\n\n\n\n<p>Cada a\u00f1o, el 21 de mayo, la India efect\u00faa actividades en el D\u00eda Nacional Antiterrorista para rendir tributo al ex primer ministro y crear conciencia sobre los peligros del terrorismo y la importancia de la unidad en la lucha contra esa amenaza global.<\/p>\n\n\n\n<p>Tambi\u00e9n es un recordatorio solemne de la necesidad de vigilancia y de la responsabilidad colectiva de erradicar el terrorismo en todas sus formas.<\/p>\n\n\n\n<p>lam\/lrd<\/p>\n","protected":false},"excerpt":{"rendered":"<p>Nueva Delhi, 21 may (Prensa Latina) India recuerda hoy al ex primer ministro Rajiv Gandhi, quien fue asesinado el 21 de mayo de 1991, motivo por el cual se instaur\u00f3 en la naci\u00f3n surasi\u00e1tica el D\u00eda Nacional contra el Terrorismo. La jornada se observa para educar a las personas sobre el impacto negativo del terrorismo [&hellip;]<\/p>\n","protected":false},"author":28,"featured_media":532329,"comment_status":"closed","ping_status":"closed","sticky":false,"template":"","format":"standard","meta":{"footnotes":""},"categories":[26,23],"tags":[],"class_list":["post-532328","post","type-post","status-publish","format-standard","has-post-thumbnail","hentry","category-efemerides","category-internacional"],"_links":{"self":[{"href":"https:\/\/diariodominicano.com\/index.php?rest_route=\/wp\/v2\/posts\/532328","targetHints":{"allow":["GET"]}}],"collection":[{"href":"https:\/\/diariodominicano.com\/index.php?rest_route=\/wp\/v2\/posts"}],"about":[{"href":"https:\/\/diariodominicano.com\/index.php?rest_route=\/wp\/v2\/types\/post"}],"author":[{"embeddable":true,"href":"https:\/\/diariodominicano.com\/index.php?rest_route=\/wp\/v2\/users\/28"}],"replies":[{"embeddable":true,"href":"https:\/\/diariodominicano.com\/index.php?rest_route=%2Fwp%2Fv2%2Fcomments&post=532328"}],"version-history":[{"count":1,"href":"https:\/\/diariodominicano.com\/index.php?rest_route=\/wp\/v2\/posts\/532328\/revisions"}],"predecessor-version":[{"id":532330,"href":"https:\/\/diariodominicano.com\/index.php?rest_route=\/wp\/v2\/posts\/532328\/revisions\/532330"}],"wp:featuredmedia":[{"embeddable":true,"href":"https:\/\/diariodominicano.com\/index.php?rest_route=\/wp\/v2\/media\/532329"}],"wp:attachment":[{"href":"https:\/\/diariodominicano.com\/index.php?rest_route=%2Fwp%2Fv2%2Fmedia&parent=532328"}],"wp:term":[{"taxonomy":"category","embeddable":true,"href":"https:\/\/diariodominicano.com\/index.php?rest_route=%2Fwp%2Fv2%2Fcategories&post=532328"},{"taxonomy":"post_tag","embeddable":true,"href":"https:\/\/diariodominicano.com\/index.php?rest_route=%2Fwp%2Fv2%2Ftags&post=532328"}],"curies":[{"name":"wp","href":"https:\/\/api.w.org\/{rel}","templated":true}]}}