{"id":532326,"date":"2024-05-22T00:43:25","date_gmt":"2024-05-22T04:43:25","guid":{"rendered":"https:\/\/diariodominicano.com\/?p=532326"},"modified":"2024-05-22T00:43:27","modified_gmt":"2024-05-22T04:43:27","slug":"en-la-voz-de-jose-alberto-el-canario-un-homenaje-a-la-musica-de-cuba","status":"publish","type":"post","link":"https:\/\/diariodominicano.com\/?p=532326","title":{"rendered":"En la voz de Jos\u00e9 Alberto El Canario, un homenaje a la m\u00fasica de Cuba"},"content":{"rendered":"\n<p>La Habana, 22 may (Prensa Latina) A la m\u00fasica cubana y al bolero, Patrimonio Inmaterial de la Humanidad, rinde homenaje hoy el cantautor dominicano Jos\u00e9 Alberto El Canario con su \u00e1lbum Rodando por el mundo, que invita a la exquisitez arm\u00f3nica de valiosos int\u00e9rpretes.<\/p>\n\n\n\n<ul class=\"wp-block-list\">\n<li><a href=\"https:\/\/www.prensa-latina.cu\/2024\/05\/22\/\"><time>mayo 22, 2024 | 00:25<\/time><\/a><\/li>\n<\/ul>\n\n\n\n<ul class=\"wp-block-list\">\n<li><a href=\"https:\/\/www.prensa-latina.cu\/2024\/05\/22\/en-la-voz-de-jose-alberto-el-canario-un-homenaje-a-la-musica-de-cuba\/#\"><\/a><\/li>\n\n\n\n<li><a href=\"https:\/\/www.prensa-latina.cu\/2024\/05\/22\/en-la-voz-de-jose-alberto-el-canario-un-homenaje-a-la-musica-de-cuba\/#\"><\/a><\/li>\n\n\n\n<li><a href=\"https:\/\/www.prensa-latina.cu\/2024\/05\/22\/en-la-voz-de-jose-alberto-el-canario-un-homenaje-a-la-musica-de-cuba\/#\"><\/a><\/li>\n\n\n\n<li><a href=\"https:\/\/www.prensa-latina.cu\/2024\/05\/22\/en-la-voz-de-jose-alberto-el-canario-un-homenaje-a-la-musica-de-cuba\/#\"><\/a><\/li>\n<\/ul>\n\n\n\n<p>Junto a notables figuras con una rica obra en g\u00e9neros como la salsa, el merengue, el son y el vallenato, el artista celebra la declaratoria de 2023 de la Organizaci\u00f3n de las Naciones Unidas para la Educaci\u00f3n, la Ciencia y la Cultura (Unesco).<\/p>\n\n\n\n<p>El sencillo A medianoche, que se estrena este mi\u00e9rcoles, fue grabado originalmente por el m\u00fasico cubano Benny Mor\u00e9 en M\u00e9xico, y aparece en el fonograma junto a \u00e9xitos popularizados por Armando Manzanero, Vicentico Vald\u00e9s y Rolando Laserie, entre otros.<\/p>\n\n\n\n<p>Para m\u00ed es un placer continuar esta l\u00ednea de homenajes a la m\u00fasica cubana, y es doble el placer si se trata del bolero, un g\u00e9nero apasionante, que no pasa de moda y ha sido declarado patrimonio, destac\u00f3 El Canario.<\/p>\n\n\n\n<p>Surgi\u00f3 en Santiago de Cuba, pero es uno de los g\u00e9neros latinos m\u00e1s internacionales y vigentes. Gracias a Cuba, M\u00e9xico y a todas las naciones que han hecho grande al bolero, para siempre, signific\u00f3.<\/p>\n\n\n\n<p>Prestigian esta colecci\u00f3n Gilberto Santa Rosa, V\u00edctor Manuelle y Charlie Aponte (Puerto Rico), Jorge Celed\u00f3n (Colombia), Milly Quezada y Sergio Vargas (Rep\u00fablica Dominicana), y Pablo Milan\u00e9s, Alejandro Almenares, Alexander Abreu, Los Guanches, Azabache y Magic Sax Quartet (Cuba).<\/p>\n\n\n\n<p>Rodando por el mundo se grab\u00f3 en diversos estudios: Santiago de Cuba, La Habana, Miami, Nueva York, Nueva Jersey, Santo Domingo, Puerto Rico, Bogot\u00e1, Ciudad de M\u00e9xico y Madrid.<\/p>\n\n\n\n<p>oda\/amr<\/p>\n","protected":false},"excerpt":{"rendered":"<p>La Habana, 22 may (Prensa Latina) A la m\u00fasica cubana y al bolero, Patrimonio Inmaterial de la Humanidad, rinde homenaje hoy el cantautor dominicano Jos\u00e9 Alberto El Canario con su \u00e1lbum Rodando por el mundo, que invita a la exquisitez arm\u00f3nica de valiosos int\u00e9rpretes. Junto a notables figuras con una rica obra en g\u00e9neros como [&hellip;]<\/p>\n","protected":false},"author":28,"featured_media":0,"comment_status":"closed","ping_status":"closed","sticky":false,"template":"","format":"standard","meta":{"footnotes":""},"categories":[25],"tags":[],"class_list":["post-532326","post","type-post","status-publish","format-standard","hentry","category-gente"],"_links":{"self":[{"href":"https:\/\/diariodominicano.com\/index.php?rest_route=\/wp\/v2\/posts\/532326","targetHints":{"allow":["GET"]}}],"collection":[{"href":"https:\/\/diariodominicano.com\/index.php?rest_route=\/wp\/v2\/posts"}],"about":[{"href":"https:\/\/diariodominicano.com\/index.php?rest_route=\/wp\/v2\/types\/post"}],"author":[{"embeddable":true,"href":"https:\/\/diariodominicano.com\/index.php?rest_route=\/wp\/v2\/users\/28"}],"replies":[{"embeddable":true,"href":"https:\/\/diariodominicano.com\/index.php?rest_route=%2Fwp%2Fv2%2Fcomments&post=532326"}],"version-history":[{"count":1,"href":"https:\/\/diariodominicano.com\/index.php?rest_route=\/wp\/v2\/posts\/532326\/revisions"}],"predecessor-version":[{"id":532327,"href":"https:\/\/diariodominicano.com\/index.php?rest_route=\/wp\/v2\/posts\/532326\/revisions\/532327"}],"wp:attachment":[{"href":"https:\/\/diariodominicano.com\/index.php?rest_route=%2Fwp%2Fv2%2Fmedia&parent=532326"}],"wp:term":[{"taxonomy":"category","embeddable":true,"href":"https:\/\/diariodominicano.com\/index.php?rest_route=%2Fwp%2Fv2%2Fcategories&post=532326"},{"taxonomy":"post_tag","embeddable":true,"href":"https:\/\/diariodominicano.com\/index.php?rest_route=%2Fwp%2Fv2%2Ftags&post=532326"}],"curies":[{"name":"wp","href":"https:\/\/api.w.org\/{rel}","templated":true}]}}